{"id":5743,"date":"2014-01-21T11:08:28","date_gmt":"2014-01-21T10:08:28","guid":{"rendered":"https:\/\/www.athome.lu\/blog\/services\/conseils\/?p=5743"},"modified":"2022-05-11T09:03:10","modified_gmt":"2022-05-11T07:03:10","slug":"eclairage-mettez-en-scene-votre-interieur","status":"publish","type":"post","link":"https:\/\/www.athome.lu\/blog\/mon-logement\/meuble-decoration\/eclairage-mettez-en-scene-votre-interieur\/","title":{"rendered":"Eclairage: mettez en sc\u00e8ne votre int\u00e9rieur"},"content":{"rendered":"\n<p><span style=\"color: #000000;\">L\u2019\u00e9clairage direct ou indirect, d\u2019ambiance ou de confort pratique, est l\u2019un des \u00e9l\u00e9ments essentiels \u00e0 la qualit\u00e9 de vie au sein de son \u00ab&nbsp;chez soi&nbsp;\u00bb. Encore faut-il respecter tout autant l\u2019esprit de chaque pi\u00e8ce que ses fonctions. Le choix, lui, est immense entre les divers types d\u2019\u00e9clairages. Conseils, suggestions et tour de la maison avec atHome.<\/span><\/p>\n\n\n\n<p><span style=\"color: #000000;\">L\u2019\u00e9clairage classique par suspensions ou autres plafonniers n\u2019est le plus souvent int\u00e9ressant que dans les pi\u00e8ces o\u00f9 la fonctionnalit\u00e9 doit primer toute autre consid\u00e9ration&nbsp;: par exemple le garage, l\u2019atelier, une pi\u00e8ce consacr\u00e9e \u00e0 la couture ou au repassage, et m\u00eame la cuisine, pour autant qu\u2019il puisse \u00eatre coup\u00e9 au profit d\u2019un \u00e9clairage d\u2019ambiance. Ce dernier vise avant tout \u00e0 mettre en valeur une zone de pi\u00e8ce, une texture, un \u00e9l\u00e9ment de d\u00e9coration, etc. Ce n\u2019est possible que par des sources lumineuses multiples, permettant de jouer sur les effets d\u2019ombres et de lumi\u00e8re. Les suspensions ou plafonniers, en effet, ont tendance \u00e0 inonder une pi\u00e8ce de lumi\u00e8re en \u00ab&nbsp;\u00e9crasant&nbsp;\u00bb tout et en donnant \u00e0 la pi\u00e8ce une impression de volume souvent plus important qu\u2019il ne l\u2019est en r\u00e9alit\u00e9. Cependant, un choix judicieux de ces suspensions et plafonniers pourra d\u00e9j\u00e0 donner un \u00e9clairage diffus et donc moins dur.<\/span><\/p>\n\n\n\n<p><span style=\"color: #000000;\">Penser \u00e9clairage signifie aussi penser couleurs. Pour souligner les textures de vos murs, mais aussi en n\u2019h\u00e9sitant pas \u00e0 prendre des lampes color\u00e9es, qui peuvent renforcer l\u2019ambiance souhait\u00e9e. Ainsi, par exemple, une lumi\u00e8re (l\u00e9g\u00e8rement) rouge ou jaune donnera une impression de chaleur alors que, \u00e0 l\u2019inverse, la lumi\u00e8re blanche \u2013 surtout celle des ampoules halog\u00e8nes \u2013 ou bleut\u00e9e produiront une lumi\u00e8re vive et froide qui sera r\u00e9fl\u00e9chie par les murs si ceux-ci sont dans des tons clairs, ou absorb\u00e9e si les tons muraux sont sombres.<\/span><\/p>\n\n\n\n<p><span style=\"color: #000000;\">Il faut noter que les lampes LED sont venues \u00e9largir consid\u00e9rablement la palette des possibilit\u00e9s d\u2019\u00e9clairage. Si le LED reste pour le moment plus ch\u00e8res \u00e0 l\u2019achat, les \u00e9conomies g\u00e9n\u00e9r\u00e9es par leur tr\u00e8s faible consommation (moins que les ampoules fluo, dites \u00e0 basse consommation) permettent d\u2019en amortir assez rapidement le co\u00fbt. Attention cependant \u00e0 la qualit\u00e9 des LED choisies, car la dur\u00e9e de vie indiqu\u00e9e sur l\u2019emballage n\u2019est pas toujours confirm\u00e9e en pratique.<\/span><\/p>\n\n\n<section id=\"section-3-14695\" class=\" ct-section\" ><div class=\"ct-section-inner-wrap\"><div id=\"div_block-4-14695\" class=\"ct-div-block\" ><div id=\"new_columns-7-14695\" class=\"ct-new-columns\" ><div id=\"div_block-8-14695\" class=\"ct-div-block\" ><div id=\"div_block-14-14695\" class=\"ct-div-block\" ><\/div><\/div><div id=\"div_block-9-14695\" class=\"ct-div-block\" ><h1 id=\"headline-11-14695\" class=\"ct-headline\">Quels sont les prix de l'immobilier en ce moment ?<\/h1><div id=\"text_block-12-14695\" class=\"ct-text-block\" >Les prix ralentissent. Les taux d'int\u00e9r\u00eat augmentent. Quelles tendances pour les mois \u00e0 venir ?<\/div><a id=\"link_button-13-14695\" class=\"ct-link-button\" href=\"https:\/\/www.athome.lu\/blog\/blog\/marche-immobilier\/prix\/tendances-2022\/\" target=\"_blank\"  >Lire l'analyse<\/a><\/div><\/div><\/div><\/div><\/section>\n\n\n<h2 class=\"wp-block-heading\"><span style=\"color: #000000;\"><b>Direct et indirect<\/b><\/span><\/h2>\n\n\n\n<p><span style=\"color: #000000;\">Un \u00e9clairage agr\u00e9able, efficace et confortable passe par des sources directes et indirectes de lumi\u00e8res, qui d\u2019ailleurs se compl\u00e8tent l\u2019une l\u2019autre. Si l\u2019\u00e9clairage direct par suspension n\u2019a qu\u2019un but pratique et n\u2019offre gu\u00e8re d\u2019autre avantage que la simplicit\u00e9 de mise en \u0153uvre, celui par spots (pos\u00e9s en surface ou encastr\u00e9s dans un sol, un mur ou un plafond) vise au contraire \u00e0 souligner une partie de la pi\u00e8ce ou un meuble, un objet de d\u00e9coration. Cet \u00e9clairage cibl\u00e9 sera assez puissant, et il vaudra g\u00e9n\u00e9ralement mieux le diriger vers le bas. Il faudra \u00e9galement tenir compte de la distance et des ombres qu\u2019il provoquera&nbsp;: un contraste trop prononc\u00e9 sera souvent ressenti comme agressif, voire mena\u00e7ant par les jeunes enfants.<\/span><\/p>\n\n\n\n<p><span style=\"color: #000000;\">L\u2019\u00e9clairage indirect, lui, a pour fonction de cr\u00e9er l\u2019ambiance recherch\u00e9e. Qui doit \u00eatre bien \u00e9tudi\u00e9 puisque, si la source lumineuse est dirig\u00e9e vers une surface plane, celle-ci r\u00e9percutera la lumi\u00e8re en \u00e9clairant toute la pi\u00e8ce. Les divers types de recouvrement des \u00e9clairages indirects joueront sur une impression de lumi\u00e8re diffuse. Il y a \u00e9galement une \u00e9vidence peut-\u00eatre utile \u00e0 rappeler&nbsp;: jouer sur les couleurs d\u2019un \u00e9clairage indirect suppose la pr\u00e9sence de surfaces r\u00e9fl\u00e9chissantes blanches. Une bonne chose pour la luminosit\u00e9 g\u00e9n\u00e9rale en journ\u00e9e, mais avec le travers de l\u2019uniform\u00e9ment blanc qui peut lasser \u00e0 la longue, et m\u00eame fatiguer les yeux.<\/span><\/p>\n\n\n\n<p><span style=\"color: #000000;\">Eclairage \u00e0 la fois direct et indirect, les lampes \u00e0 poser peuvent avoir un but pratique \u2013 comme en particulier les lampes de chevet \u2013 mais aussi d\u2019ambiance, selon l\u2019endroit o\u00f9 elles sont plac\u00e9es. N\u2019h\u00e9sitez pas \u00e0 jouer les formes, les couleurs et l\u2019originalit\u00e9, ni \u00e0 les mettre en valeur puisque bien des lampes \u00e0 poser constituent elles-m\u00eames des \u00e9l\u00e9ments d\u00e9coratifs forts, qui amplifient l\u2019ambiance et l\u2019atmosph\u00e8re.<\/span><\/p>\n","protected":false},"excerpt":{"rendered":"<p>L\u2019\u00e9clairage direct ou indirect, d\u2019ambiance ou de confort pratique, est l\u2019un des \u00e9l\u00e9ments essentiels \u00e0 la qualit\u00e9 de vie au sein de son \u00ab&nbsp;chez soi&nbsp;\u00bb. Encore faut-il respecter tout autant l\u2019esprit de chaque pi\u00e8ce que ses fonctions. Le choix, lui, est immense entre les divers types d\u2019\u00e9clairages. Conseils, suggestions et tour de la maison avec [&hellip;]<\/p>\n","protected":false},"author":17,"featured_media":7417,"comment_status":"closed","ping_status":"open","sticky":false,"template":"","format":"standard","meta":{"_acf_changed":false,"footnotes":""},"categories":[210],"tags":[79,81],"class_list":["post-5743","post","type-post","status-publish","format-standard","has-post-thumbnail","hentry","category-meuble-decoration","tag-decoration","tag-equipement-de-la-maison"],"acf":[],"yoast_head":"<!-- This site is optimized with the Yoast SEO plugin v27.4 - https:\/\/yoast.com\/product\/yoast-seo-wordpress\/ -->\n<title>\u25b7 Quel \u00e9clairage pour votre interieur ? \u25b7\u25b7Conseils &amp; Suggestions ?| atHome<\/title>\n<meta name=\"description\" content=\"L&#039;\u00e9clairage est primordial dans une d\u00e9co int\u00e9rieure. \u00c9clairage direct ou indirect, \u00e9clairage d&#039;ambiance... \u25b7Tour de la maison avec atHome. ?\" \/>\n<meta name=\"robots\" content=\"index, follow, max-snippet:-1, max-image-preview:large, max-video-preview:-1\" \/>\n<link rel=\"canonical\" href=\"https:\/\/www.athome.lu\/blog\/mon-logement\/meuble-decoration\/eclairage-mettez-en-scene-votre-interieur\/\" \/>\n<meta property=\"og:locale\" content=\"fr_FR\" \/>\n<meta property=\"og:type\" content=\"article\" \/>\n<meta property=\"og:title\" content=\"\u25b7 Quel \u00e9clairage pour votre interieur ? \u25b7\u25b7Conseils &amp; Suggestions ?| atHome\" \/>\n<meta property=\"og:description\" content=\"L&#039;\u00e9clairage est primordial dans une d\u00e9co int\u00e9rieure. \u00c9clairage direct ou indirect, \u00e9clairage d&#039;ambiance... \u25b7Tour de la maison avec atHome. ?\" \/>\n<meta property=\"og:url\" content=\"https:\/\/www.athome.lu\/blog\/mon-logement\/meuble-decoration\/eclairage-mettez-en-scene-votre-interieur\/\" \/>\n<meta property=\"og:site_name\" content=\"atHome Blog\" \/>\n<meta property=\"article:publisher\" content=\"https:\/\/www.facebook.com\/atHome.lu\/\" \/>\n<meta property=\"article:published_time\" content=\"2014-01-21T10:08:28+00:00\" \/>\n<meta property=\"article:modified_time\" content=\"2022-05-11T07:03:10+00:00\" \/>\n<meta property=\"og:image\" content=\"https:\/\/www.athome.lu\/blog\/wp-content\/uploads\/2014\/01\/iStock_000009204882light.jpg\" \/>\n\t<meta property=\"og:image:width\" content=\"1200\" \/>\n\t<meta property=\"og:image:height\" content=\"900\" \/>\n\t<meta property=\"og:image:type\" content=\"image\/jpeg\" \/>\n<meta name=\"author\" content=\"Fanny Pimentel\" \/>\n<meta name=\"twitter:card\" content=\"summary_large_image\" \/>\n<meta name=\"twitter:title\" content=\"\u25b7 Quel \u00e9clairage pour votre interieur ? \u25b7\u25b7Conseils &amp; Suggestions ?| atHome\" \/>\n<meta name=\"twitter:description\" content=\"L&#039;\u00e9clairage est primordial dans une d\u00e9co int\u00e9rieure. \u00c9clairage direct ou indirect, \u00e9clairage d&#039;ambiance... \u25b7Tour de la maison avec atHome. ?\" \/>\n<meta name=\"twitter:creator\" content=\"@athomelu\" \/>\n<meta name=\"twitter:site\" content=\"@athomelu\" \/>\n<meta name=\"twitter:label1\" content=\"\u00c9crit par\" \/>\n\t<meta name=\"twitter:data1\" content=\"Fanny Pimentel\" \/>\n\t<meta name=\"twitter:label2\" content=\"Dur\u00e9e de lecture estim\u00e9e\" \/>\n\t<meta name=\"twitter:data2\" content=\"4 minutes\" \/>\n<script type=\"application\/ld+json\" class=\"yoast-schema-graph\">{\"@context\":\"https:\\\/\\\/schema.org\",\"@graph\":[{\"@type\":\"Article\",\"@id\":\"https:\\\/\\\/www.athome.lu\\\/blog\\\/mon-logement\\\/meuble-decoration\\\/eclairage-mettez-en-scene-votre-interieur\\\/#article\",\"isPartOf\":{\"@id\":\"https:\\\/\\\/www.athome.lu\\\/blog\\\/mon-logement\\\/meuble-decoration\\\/eclairage-mettez-en-scene-votre-interieur\\\/\"},\"author\":{\"name\":\"Fanny Pimentel\",\"@id\":\"https:\\\/\\\/www.athome.lu\\\/blog\\\/#\\\/schema\\\/person\\\/47f7a38089f837e792876ceddc4cb2dc\"},\"headline\":\"Eclairage: mettez en sc\u00e8ne votre int\u00e9rieur\",\"datePublished\":\"2014-01-21T10:08:28+00:00\",\"dateModified\":\"2022-05-11T07:03:10+00:00\",\"mainEntityOfPage\":{\"@id\":\"https:\\\/\\\/www.athome.lu\\\/blog\\\/mon-logement\\\/meuble-decoration\\\/eclairage-mettez-en-scene-votre-interieur\\\/\"},\"wordCount\":759,\"image\":{\"@id\":\"https:\\\/\\\/www.athome.lu\\\/blog\\\/mon-logement\\\/meuble-decoration\\\/eclairage-mettez-en-scene-votre-interieur\\\/#primaryimage\"},\"thumbnailUrl\":\"https:\\\/\\\/www.athome.lu\\\/blog\\\/wp-content\\\/uploads\\\/2014\\\/01\\\/iStock_000009204882light.jpg\",\"keywords\":[\"D\u00e9coration\",\"Equipement de la maison\"],\"articleSection\":[\"Meubler et D\u00e9corer\"],\"inLanguage\":\"fr-FR\"},{\"@type\":\"WebPage\",\"@id\":\"https:\\\/\\\/www.athome.lu\\\/blog\\\/mon-logement\\\/meuble-decoration\\\/eclairage-mettez-en-scene-votre-interieur\\\/\",\"url\":\"https:\\\/\\\/www.athome.lu\\\/blog\\\/mon-logement\\\/meuble-decoration\\\/eclairage-mettez-en-scene-votre-interieur\\\/\",\"name\":\"\u25b7 Quel \u00e9clairage pour votre interieur ? \u25b7\u25b7Conseils & Suggestions ?| atHome\",\"isPartOf\":{\"@id\":\"https:\\\/\\\/www.athome.lu\\\/blog\\\/#website\"},\"primaryImageOfPage\":{\"@id\":\"https:\\\/\\\/www.athome.lu\\\/blog\\\/mon-logement\\\/meuble-decoration\\\/eclairage-mettez-en-scene-votre-interieur\\\/#primaryimage\"},\"image\":{\"@id\":\"https:\\\/\\\/www.athome.lu\\\/blog\\\/mon-logement\\\/meuble-decoration\\\/eclairage-mettez-en-scene-votre-interieur\\\/#primaryimage\"},\"thumbnailUrl\":\"https:\\\/\\\/www.athome.lu\\\/blog\\\/wp-content\\\/uploads\\\/2014\\\/01\\\/iStock_000009204882light.jpg\",\"datePublished\":\"2014-01-21T10:08:28+00:00\",\"dateModified\":\"2022-05-11T07:03:10+00:00\",\"author\":{\"@id\":\"https:\\\/\\\/www.athome.lu\\\/blog\\\/#\\\/schema\\\/person\\\/47f7a38089f837e792876ceddc4cb2dc\"},\"description\":\"L'\u00e9clairage est primordial dans une d\u00e9co int\u00e9rieure. \u00c9clairage direct ou indirect, \u00e9clairage d'ambiance... \u25b7Tour de la maison avec atHome. ?\",\"breadcrumb\":{\"@id\":\"https:\\\/\\\/www.athome.lu\\\/blog\\\/mon-logement\\\/meuble-decoration\\\/eclairage-mettez-en-scene-votre-interieur\\\/#breadcrumb\"},\"inLanguage\":\"fr-FR\",\"potentialAction\":[{\"@type\":\"ReadAction\",\"target\":[\"https:\\\/\\\/www.athome.lu\\\/blog\\\/mon-logement\\\/meuble-decoration\\\/eclairage-mettez-en-scene-votre-interieur\\\/\"]}]},{\"@type\":\"ImageObject\",\"inLanguage\":\"fr-FR\",\"@id\":\"https:\\\/\\\/www.athome.lu\\\/blog\\\/mon-logement\\\/meuble-decoration\\\/eclairage-mettez-en-scene-votre-interieur\\\/#primaryimage\",\"url\":\"https:\\\/\\\/www.athome.lu\\\/blog\\\/wp-content\\\/uploads\\\/2014\\\/01\\\/iStock_000009204882light.jpg\",\"contentUrl\":\"https:\\\/\\\/www.athome.lu\\\/blog\\\/wp-content\\\/uploads\\\/2014\\\/01\\\/iStock_000009204882light.jpg\",\"width\":1200,\"height\":900,\"caption\":\"\u00e9clairage int\u00e9rieur dans appartement\"},{\"@type\":\"BreadcrumbList\",\"@id\":\"https:\\\/\\\/www.athome.lu\\\/blog\\\/mon-logement\\\/meuble-decoration\\\/eclairage-mettez-en-scene-votre-interieur\\\/#breadcrumb\",\"itemListElement\":[{\"@type\":\"ListItem\",\"position\":1,\"name\":\"Accueil\",\"item\":\"https:\\\/\\\/www.athome.lu\\\/blog\\\/\"},{\"@type\":\"ListItem\",\"position\":2,\"name\":\"Mon logement\",\"item\":\"https:\\\/\\\/www.athome.lu\\\/blog\\\/de\\\/category\\\/mein-haus\\\/\"},{\"@type\":\"ListItem\",\"position\":3,\"name\":\"Meubler et D\u00e9corer\",\"item\":\"https:\\\/\\\/www.athome.lu\\\/blog\\\/de\\\/category\\\/mein-haus\\\/deko-mobel\\\/\"},{\"@type\":\"ListItem\",\"position\":4,\"name\":\"Eclairage: mettez en sc\u00e8ne votre int\u00e9rieur\"}]},{\"@type\":\"WebSite\",\"@id\":\"https:\\\/\\\/www.athome.lu\\\/blog\\\/#website\",\"url\":\"https:\\\/\\\/www.athome.lu\\\/blog\\\/\",\"name\":\"atHome Blog\",\"description\":\"Annonces immobili\u00e8res au Luxembourg. Le portail immobilier n\u00b01 au Luxembourg.\",\"potentialAction\":[{\"@type\":\"SearchAction\",\"target\":{\"@type\":\"EntryPoint\",\"urlTemplate\":\"https:\\\/\\\/www.athome.lu\\\/blog\\\/?s={search_term_string}\"},\"query-input\":{\"@type\":\"PropertyValueSpecification\",\"valueRequired\":true,\"valueName\":\"search_term_string\"}}],\"inLanguage\":\"fr-FR\"},{\"@type\":\"Person\",\"@id\":\"https:\\\/\\\/www.athome.lu\\\/blog\\\/#\\\/schema\\\/person\\\/47f7a38089f837e792876ceddc4cb2dc\",\"name\":\"Fanny Pimentel\",\"image\":{\"@type\":\"ImageObject\",\"inLanguage\":\"fr-FR\",\"@id\":\"https:\\\/\\\/secure.gravatar.com\\\/avatar\\\/c60b27b93851dc9503f9cc9150e73dcb0a86ba6150657e5e4b11d988400bc633?s=96&d=mm&r=g\",\"url\":\"https:\\\/\\\/secure.gravatar.com\\\/avatar\\\/c60b27b93851dc9503f9cc9150e73dcb0a86ba6150657e5e4b11d988400bc633?s=96&d=mm&r=g\",\"contentUrl\":\"https:\\\/\\\/secure.gravatar.com\\\/avatar\\\/c60b27b93851dc9503f9cc9150e73dcb0a86ba6150657e5e4b11d988400bc633?s=96&d=mm&r=g\",\"caption\":\"Fanny Pimentel\"}}]}<\/script>\n<!-- \/ Yoast SEO plugin. -->","yoast_head_json":{"title":"\u25b7 Quel \u00e9clairage pour votre interieur ? \u25b7\u25b7Conseils & Suggestions ?| atHome","description":"L'\u00e9clairage est primordial dans une d\u00e9co int\u00e9rieure. \u00c9clairage direct ou indirect, \u00e9clairage d'ambiance... \u25b7Tour de la maison avec atHome. ?","robots":{"index":"index","follow":"follow","max-snippet":"max-snippet:-1","max-image-preview":"max-image-preview:large","max-video-preview":"max-video-preview:-1"},"canonical":"https:\/\/www.athome.lu\/blog\/mon-logement\/meuble-decoration\/eclairage-mettez-en-scene-votre-interieur\/","og_locale":"fr_FR","og_type":"article","og_title":"\u25b7 Quel \u00e9clairage pour votre interieur ? \u25b7\u25b7Conseils & Suggestions ?| atHome","og_description":"L'\u00e9clairage est primordial dans une d\u00e9co int\u00e9rieure. \u00c9clairage direct ou indirect, \u00e9clairage d'ambiance... \u25b7Tour de la maison avec atHome. ?","og_url":"https:\/\/www.athome.lu\/blog\/mon-logement\/meuble-decoration\/eclairage-mettez-en-scene-votre-interieur\/","og_site_name":"atHome Blog","article_publisher":"https:\/\/www.facebook.com\/atHome.lu\/","article_published_time":"2014-01-21T10:08:28+00:00","article_modified_time":"2022-05-11T07:03:10+00:00","og_image":[{"width":1200,"height":900,"url":"https:\/\/www.athome.lu\/blog\/wp-content\/uploads\/2014\/01\/iStock_000009204882light.jpg","type":"image\/jpeg"}],"author":"Fanny Pimentel","twitter_card":"summary_large_image","twitter_title":"\u25b7 Quel \u00e9clairage pour votre interieur ? \u25b7\u25b7Conseils & Suggestions ?| atHome","twitter_description":"L'\u00e9clairage est primordial dans une d\u00e9co int\u00e9rieure. \u00c9clairage direct ou indirect, \u00e9clairage d'ambiance... \u25b7Tour de la maison avec atHome. ?","twitter_creator":"@athomelu","twitter_site":"@athomelu","twitter_misc":{"\u00c9crit par":"Fanny Pimentel","Dur\u00e9e de lecture estim\u00e9e":"4 minutes"},"schema":{"@context":"https:\/\/schema.org","@graph":[{"@type":"Article","@id":"https:\/\/www.athome.lu\/blog\/mon-logement\/meuble-decoration\/eclairage-mettez-en-scene-votre-interieur\/#article","isPartOf":{"@id":"https:\/\/www.athome.lu\/blog\/mon-logement\/meuble-decoration\/eclairage-mettez-en-scene-votre-interieur\/"},"author":{"name":"Fanny Pimentel","@id":"https:\/\/www.athome.lu\/blog\/#\/schema\/person\/47f7a38089f837e792876ceddc4cb2dc"},"headline":"Eclairage: mettez en sc\u00e8ne votre int\u00e9rieur","datePublished":"2014-01-21T10:08:28+00:00","dateModified":"2022-05-11T07:03:10+00:00","mainEntityOfPage":{"@id":"https:\/\/www.athome.lu\/blog\/mon-logement\/meuble-decoration\/eclairage-mettez-en-scene-votre-interieur\/"},"wordCount":759,"image":{"@id":"https:\/\/www.athome.lu\/blog\/mon-logement\/meuble-decoration\/eclairage-mettez-en-scene-votre-interieur\/#primaryimage"},"thumbnailUrl":"https:\/\/www.athome.lu\/blog\/wp-content\/uploads\/2014\/01\/iStock_000009204882light.jpg","keywords":["D\u00e9coration","Equipement de la maison"],"articleSection":["Meubler et D\u00e9corer"],"inLanguage":"fr-FR"},{"@type":"WebPage","@id":"https:\/\/www.athome.lu\/blog\/mon-logement\/meuble-decoration\/eclairage-mettez-en-scene-votre-interieur\/","url":"https:\/\/www.athome.lu\/blog\/mon-logement\/meuble-decoration\/eclairage-mettez-en-scene-votre-interieur\/","name":"\u25b7 Quel \u00e9clairage pour votre interieur ? \u25b7\u25b7Conseils & Suggestions ?| atHome","isPartOf":{"@id":"https:\/\/www.athome.lu\/blog\/#website"},"primaryImageOfPage":{"@id":"https:\/\/www.athome.lu\/blog\/mon-logement\/meuble-decoration\/eclairage-mettez-en-scene-votre-interieur\/#primaryimage"},"image":{"@id":"https:\/\/www.athome.lu\/blog\/mon-logement\/meuble-decoration\/eclairage-mettez-en-scene-votre-interieur\/#primaryimage"},"thumbnailUrl":"https:\/\/www.athome.lu\/blog\/wp-content\/uploads\/2014\/01\/iStock_000009204882light.jpg","datePublished":"2014-01-21T10:08:28+00:00","dateModified":"2022-05-11T07:03:10+00:00","author":{"@id":"https:\/\/www.athome.lu\/blog\/#\/schema\/person\/47f7a38089f837e792876ceddc4cb2dc"},"description":"L'\u00e9clairage est primordial dans une d\u00e9co int\u00e9rieure. \u00c9clairage direct ou indirect, \u00e9clairage d'ambiance... \u25b7Tour de la maison avec atHome. ?","breadcrumb":{"@id":"https:\/\/www.athome.lu\/blog\/mon-logement\/meuble-decoration\/eclairage-mettez-en-scene-votre-interieur\/#breadcrumb"},"inLanguage":"fr-FR","potentialAction":[{"@type":"ReadAction","target":["https:\/\/www.athome.lu\/blog\/mon-logement\/meuble-decoration\/eclairage-mettez-en-scene-votre-interieur\/"]}]},{"@type":"ImageObject","inLanguage":"fr-FR","@id":"https:\/\/www.athome.lu\/blog\/mon-logement\/meuble-decoration\/eclairage-mettez-en-scene-votre-interieur\/#primaryimage","url":"https:\/\/www.athome.lu\/blog\/wp-content\/uploads\/2014\/01\/iStock_000009204882light.jpg","contentUrl":"https:\/\/www.athome.lu\/blog\/wp-content\/uploads\/2014\/01\/iStock_000009204882light.jpg","width":1200,"height":900,"caption":"\u00e9clairage int\u00e9rieur dans appartement"},{"@type":"BreadcrumbList","@id":"https:\/\/www.athome.lu\/blog\/mon-logement\/meuble-decoration\/eclairage-mettez-en-scene-votre-interieur\/#breadcrumb","itemListElement":[{"@type":"ListItem","position":1,"name":"Accueil","item":"https:\/\/www.athome.lu\/blog\/"},{"@type":"ListItem","position":2,"name":"Mon logement","item":"https:\/\/www.athome.lu\/blog\/de\/category\/mein-haus\/"},{"@type":"ListItem","position":3,"name":"Meubler et D\u00e9corer","item":"https:\/\/www.athome.lu\/blog\/de\/category\/mein-haus\/deko-mobel\/"},{"@type":"ListItem","position":4,"name":"Eclairage: mettez en sc\u00e8ne votre int\u00e9rieur"}]},{"@type":"WebSite","@id":"https:\/\/www.athome.lu\/blog\/#website","url":"https:\/\/www.athome.lu\/blog\/","name":"atHome Blog","description":"Annonces immobili\u00e8res au Luxembourg. Le portail immobilier n\u00b01 au Luxembourg.","potentialAction":[{"@type":"SearchAction","target":{"@type":"EntryPoint","urlTemplate":"https:\/\/www.athome.lu\/blog\/?s={search_term_string}"},"query-input":{"@type":"PropertyValueSpecification","valueRequired":true,"valueName":"search_term_string"}}],"inLanguage":"fr-FR"},{"@type":"Person","@id":"https:\/\/www.athome.lu\/blog\/#\/schema\/person\/47f7a38089f837e792876ceddc4cb2dc","name":"Fanny Pimentel","image":{"@type":"ImageObject","inLanguage":"fr-FR","@id":"https:\/\/secure.gravatar.com\/avatar\/c60b27b93851dc9503f9cc9150e73dcb0a86ba6150657e5e4b11d988400bc633?s=96&d=mm&r=g","url":"https:\/\/secure.gravatar.com\/avatar\/c60b27b93851dc9503f9cc9150e73dcb0a86ba6150657e5e4b11d988400bc633?s=96&d=mm&r=g","contentUrl":"https:\/\/secure.gravatar.com\/avatar\/c60b27b93851dc9503f9cc9150e73dcb0a86ba6150657e5e4b11d988400bc633?s=96&d=mm&r=g","caption":"Fanny Pimentel"}}]}},"featured_media_src_url":"https:\/\/www.athome.lu\/blog\/wp-content\/uploads\/2014\/01\/iStock_000009204882light-1024x768.jpg","_links":{"self":[{"href":"https:\/\/www.athome.lu\/blog\/wp-json\/wp\/v2\/posts\/5743","targetHints":{"allow":["GET"]}}],"collection":[{"href":"https:\/\/www.athome.lu\/blog\/wp-json\/wp\/v2\/posts"}],"about":[{"href":"https:\/\/www.athome.lu\/blog\/wp-json\/wp\/v2\/types\/post"}],"author":[{"embeddable":true,"href":"https:\/\/www.athome.lu\/blog\/wp-json\/wp\/v2\/users\/17"}],"replies":[{"embeddable":true,"href":"https:\/\/www.athome.lu\/blog\/wp-json\/wp\/v2\/comments?post=5743"}],"version-history":[{"count":2,"href":"https:\/\/www.athome.lu\/blog\/wp-json\/wp\/v2\/posts\/5743\/revisions"}],"predecessor-version":[{"id":14759,"href":"https:\/\/www.athome.lu\/blog\/wp-json\/wp\/v2\/posts\/5743\/revisions\/14759"}],"wp:featuredmedia":[{"embeddable":true,"href":"https:\/\/www.athome.lu\/blog\/wp-json\/wp\/v2\/media\/7417"}],"wp:attachment":[{"href":"https:\/\/www.athome.lu\/blog\/wp-json\/wp\/v2\/media?parent=5743"}],"wp:term":[{"taxonomy":"category","embeddable":true,"href":"https:\/\/www.athome.lu\/blog\/wp-json\/wp\/v2\/categories?post=5743"},{"taxonomy":"post_tag","embeddable":true,"href":"https:\/\/www.athome.lu\/blog\/wp-json\/wp\/v2\/tags?post=5743"}],"curies":[{"name":"wp","href":"https:\/\/api.w.org\/{rel}","templated":true}]}}