{"id":5949,"date":"2014-06-25T14:33:33","date_gmt":"2014-06-25T13:33:33","guid":{"rendered":"https:\/\/www.athome.lu\/blog\/services\/conseils\/?p=5949"},"modified":"2022-05-11T09:14:36","modified_gmt":"2022-05-11T07:14:36","slug":"creer-espace-de-detente-a-lexterieur","status":"publish","type":"post","link":"https:\/\/www.athome.lu\/blog\/mon-logement\/meuble-decoration\/creer-espace-de-detente-a-lexterieur\/","title":{"rendered":"Cr\u00e9er un espace de d\u00e9tente \u00e0 l\u2019ext\u00e9rieur"},"content":{"rendered":"\n<p><br><span style=\"color: #000000;\">Avec les beaux jours nous avons tendance \u00e0 consid\u00e9rer les cours ext\u00e9rieures, terrasses et jardins comme des extensions de la maison. Et justement&nbsp;! Pour en profiter pleinement d\u00e9couvrirez, dans cet article, quelques conseils de d\u00e9coration et d\u2019am\u00e9nagement pour faire de vos espaces ext\u00e9rieurs des lieux de vie accueillants.<\/span><\/p>\n\n\n\n<p><span style=\"color: #000000;\">&nbsp;<\/span><\/p>\n\n\n\n<h2 class=\"wp-block-heading\"><span style=\"color: #000000;\"><strong>Quel type d\u2019espace de vie ext\u00e9rieur?<\/strong><\/span><\/h2>\n\n\n\n<p><span style=\"color: #000000;\">Un patio, une pergola ou une terrasse constituent une alternative id\u00e9ale pour un espace de d\u00e9tente, et id\u00e9al pour les BBQ, les f\u00eates, les petits-d\u00e9jeuners ou m\u00eame pour lire un livre. Une cour pav\u00e9e ou carrel\u00e9e, entour\u00e9e de plantes et de d\u00e9corations diverses constitue aussi une option de plein air pour la d\u00e9tente \u00e0 l\u2019ext\u00e9rieur..<\/span><\/p>\n\n\n\n<h2 class=\"wp-block-heading\"><span style=\"color: #000000;\"><strong>Eclairage ext\u00e9rieur<\/strong><\/span><\/h2>\n\n\n\n<p><span style=\"color: #000000;\">Si vous envisagez de recevoir des gens le soir, l\u2019\u00e9clairage jouera un r\u00f4le essentiel dans votre espace de vie ext\u00e9rieur. En plus d\u2019aider les gens \u00e0 trouver leur chemin dans votre cour, ou dans le jardin, une s\u00e9lection judicieuse de lumi\u00e8res cr\u00e9era une atmosph\u00e8re agr\u00e9able. L\u2019\u00e9clairage ext\u00e9rieur peut \u00eatre utilis\u00e9 pour mettre en valeur les d\u00e9tails de votre jardin et comme dispositif de s\u00e9curit\u00e9.<\/span><\/p>\n\n\n\n<p><span style=\"color: #000000;\">Pour les petits budgets, les bougies et les torches de jardin produisent une lumi\u00e8re douce et tamis\u00e9e tr\u00e8s agr\u00e9able. Faites, toutefois, attention en pr\u00e9sence d\u2019enfants, si vous ne voulez pas que quelqu\u2019un se br\u00fble, ni que votre maison prenne feu.<\/span><\/p>\n\n\n\n<p><span style=\"color: #000000;\">L\u2019\u00e9clairage en hauteur peut \u00eatre utilis\u00e9 pour faire ressortir des particularit\u00e9s, telles que des arbres et des parterres, pour cr\u00e9er des points d\u2019attraction et ajouter un effet ombrag\u00e9 spectaculaire \u00e0 votre jardin. Les lampes \u00ab&nbsp;puits&nbsp;\u00bb peuvent \u00eatre plac\u00e9es directement dans votre pelouse, au niveau du sol, sans obstruer le passage des visiteurs et sans risquer d\u2019\u00eatre d\u00e9truites par les tondeuses.<\/span><\/p>\n\n\n\n<p><span style=\"color: #000000;\">Des lumi\u00e8res situ\u00e9es le long des sentiers augmenteront la s\u00e9curit\u00e9, rendront les murs dans le noir beaucoup plus accueillants et des guirlandes de lumi\u00e8res f\u00e9\u00e9riques dans les arbres ajouteront de la vie et de la couleur \u00e0 votre jardin.<\/span><\/p>\n\n\n\n<p><span style=\"color: #000000;\">Les cuisiniers charg\u00e9s du barbecue auront besoin d\u2019\u00e9clairage puissant pour surveiller la nourriture. Il existe des projecteurs verticaux et de sol. Vous pouvez \u00e9galement acheter des lampes pour le gril, \u00e0 placer \u00e0 l\u2019int\u00e9rieur de votre barbecue.<\/span><\/p>\n\n\n\n<h2 class=\"wp-block-heading\"><span style=\"color: #000000;\"><strong><br>Chauffage ext\u00e9rieur<\/strong><\/span><\/h2>\n\n\n\n<p><span style=\"color: #000000;\">Un chauffage ext\u00e9rieur vous permettra de profiter de votre espace de d\u00e9tente toute l\u2019ann\u00e9e, ou du moins plusieurs mois dans l\u2019ann\u00e9e. Les chauffages sont rapidement devenus un \u00e9l\u00e9ment essentiel de la vie \u00e0 l\u2019ext\u00e9rieur et il existe plusieurs options, \u00e0 la fois modernes et traditionnelles, pour chauffer votre patio, votre cour ou votre terrasse.<\/span><\/p>\n\n\n\n<p><span style=\"color: #000000;\">On voit souvent des chauffages de terrasse dans les restaurants mais il en existe aussi pour l\u2019usage domestique. Ils sont tr\u00e8s efficaces. Ils utilisent de la chaleur rayonnante qui r\u00e9chauffe les personnes et les objets mais pas l\u2019atmosph\u00e8re ambiante. Ces chauffages d\u2019ext\u00e9rieur peuvent fonctionner au gaz ou \u00e0 l\u2019\u00e9lectricit\u00e9.<\/span><\/p>\n\n\n\n<p><span style=\"color: #000000;\">Les braseros sont, \u00e0 la base, des corbeilles en acier dans lesquelles on fait br\u00fbler un combustible (g\u00e9n\u00e9ralement des briquettes) pour produire de la chaleur. Utilis\u00e9s pendant des si\u00e8cles, ils sont peu on\u00e9reux \u00e0 l\u2019achat et \u00e0 l\u2019usage mais doivent \u00eatre gard\u00e9s hors de port\u00e9e des enfants.<\/span><\/p>\n\n\n\n<p><span style=\"color: #000000;\">Les chemin\u00e9es d\u2019ext\u00e9rieur peuvent \u00eatre construites en fer et en argile. La version en argile, provenant du Mexique, est commun\u00e9ment appel\u00e9e une \u00ab&nbsp;Chiminea&nbsp;\u00bb. Les chemin\u00e9es d\u2019ext\u00e9rieur sont assez ch\u00e8res \u00e0 l\u2019achat mais sont tr\u00e8s int\u00e9ressantes \u00e0 l\u2019utilisation et constituent d\u2019excellents radiateurs.<\/span><\/p>\n\n\n\n<p>Image Pinterest:&nbsp;http:\/\/www.pinterest.com\/pin\/205476801721218216\/<\/p>\n","protected":false},"excerpt":{"rendered":"<p>Avec les beaux jours nous avons tendance \u00e0 consid\u00e9rer les cours ext\u00e9rieures, terrasses et jardins comme des extensions de la maison. Et justement&nbsp;! Pour en profiter pleinement d\u00e9couvrirez, dans cet article, quelques conseils de d\u00e9coration et d\u2019am\u00e9nagement pour faire de vos espaces ext\u00e9rieurs des lieux de vie accueillants. &nbsp; Quel type d\u2019espace de vie ext\u00e9rieur? [&hellip;]<\/p>\n","protected":false},"author":17,"featured_media":7415,"comment_status":"closed","ping_status":"open","sticky":false,"template":"","format":"standard","meta":{"_acf_changed":false,"footnotes":""},"categories":[210],"tags":[82,89],"class_list":["post-5949","post","type-post","status-publish","format-standard","has-post-thumbnail","hentry","category-meuble-decoration","tag-ameublement","tag-jardin-terrasse"],"acf":[],"yoast_head":"<!-- This site is optimized with the Yoast SEO plugin v27.4 - https:\/\/yoast.com\/product\/yoast-seo-wordpress\/ -->\n<title>\u25b7 Am\u00e9nagement Ext\u00e9rieur \u25b7\u25b7Quelques Astuces pour un Espace D\u00e9tente | atHome<\/title>\n<meta name=\"description\" content=\"D\u00e9couvrez dans cet article quelques conseils de d\u00e9coration et d\u2019am\u00e9nagement pour faire de vos ext\u00e9rieurs un espace 100% d\u00e9tente.\" \/>\n<meta name=\"robots\" content=\"index, follow, max-snippet:-1, max-image-preview:large, max-video-preview:-1\" \/>\n<link rel=\"canonical\" href=\"https:\/\/www.athome.lu\/blog\/mon-logement\/meuble-decoration\/creer-espace-de-detente-a-lexterieur\/\" \/>\n<meta property=\"og:locale\" content=\"fr_FR\" \/>\n<meta property=\"og:type\" content=\"article\" \/>\n<meta property=\"og:title\" content=\"\u25b7 Am\u00e9nagement Ext\u00e9rieur \u25b7\u25b7Quelques Astuces pour un Espace D\u00e9tente | atHome\" \/>\n<meta property=\"og:description\" content=\"D\u00e9couvrez dans cet article quelques conseils de d\u00e9coration et d\u2019am\u00e9nagement pour faire de vos ext\u00e9rieurs un espace 100% d\u00e9tente.\" \/>\n<meta property=\"og:url\" content=\"https:\/\/www.athome.lu\/blog\/mon-logement\/meuble-decoration\/creer-espace-de-detente-a-lexterieur\/\" \/>\n<meta property=\"og:site_name\" content=\"atHome Blog\" \/>\n<meta property=\"article:publisher\" content=\"https:\/\/www.facebook.com\/atHome.lu\/\" \/>\n<meta property=\"article:published_time\" content=\"2014-06-25T13:33:33+00:00\" \/>\n<meta property=\"article:modified_time\" content=\"2022-05-11T07:14:36+00:00\" \/>\n<meta property=\"og:image\" content=\"https:\/\/www.athome.lu\/blog\/wp-content\/uploads\/2014\/06\/L80A8762.jpg\" \/>\n\t<meta property=\"og:image:width\" content=\"1200\" \/>\n\t<meta property=\"og:image:height\" content=\"800\" \/>\n\t<meta property=\"og:image:type\" content=\"image\/jpeg\" \/>\n<meta name=\"author\" content=\"Fanny Pimentel\" \/>\n<meta name=\"twitter:card\" content=\"summary_large_image\" \/>\n<meta name=\"twitter:title\" content=\"\u25b7 Am\u00e9nagement Ext\u00e9rieur \u25b7\u25b7Quelques Astuces pour un Espace D\u00e9tente | atHome\" \/>\n<meta name=\"twitter:description\" content=\"D\u00e9couvrez dans cet article quelques conseils de d\u00e9coration et d\u2019am\u00e9nagement pour faire de vos ext\u00e9rieurs un espace 100% d\u00e9tente.\" \/>\n<meta name=\"twitter:creator\" content=\"@athomelu\" \/>\n<meta name=\"twitter:site\" content=\"@athomelu\" \/>\n<meta name=\"twitter:label1\" content=\"\u00c9crit par\" \/>\n\t<meta name=\"twitter:data1\" content=\"Fanny Pimentel\" \/>\n\t<meta name=\"twitter:label2\" content=\"Dur\u00e9e de lecture estim\u00e9e\" \/>\n\t<meta name=\"twitter:data2\" content=\"3 minutes\" \/>\n<script type=\"application\/ld+json\" class=\"yoast-schema-graph\">{\"@context\":\"https:\\\/\\\/schema.org\",\"@graph\":[{\"@type\":\"Article\",\"@id\":\"https:\\\/\\\/www.athome.lu\\\/blog\\\/mon-logement\\\/meuble-decoration\\\/creer-espace-de-detente-a-lexterieur\\\/#article\",\"isPartOf\":{\"@id\":\"https:\\\/\\\/www.athome.lu\\\/blog\\\/mon-logement\\\/meuble-decoration\\\/creer-espace-de-detente-a-lexterieur\\\/\"},\"author\":{\"name\":\"Fanny Pimentel\",\"@id\":\"https:\\\/\\\/www.athome.lu\\\/blog\\\/#\\\/schema\\\/person\\\/47f7a38089f837e792876ceddc4cb2dc\"},\"headline\":\"Cr\u00e9er un espace de d\u00e9tente \u00e0 l\u2019ext\u00e9rieur\",\"datePublished\":\"2014-06-25T13:33:33+00:00\",\"dateModified\":\"2022-05-11T07:14:36+00:00\",\"mainEntityOfPage\":{\"@id\":\"https:\\\/\\\/www.athome.lu\\\/blog\\\/mon-logement\\\/meuble-decoration\\\/creer-espace-de-detente-a-lexterieur\\\/\"},\"wordCount\":655,\"image\":{\"@id\":\"https:\\\/\\\/www.athome.lu\\\/blog\\\/mon-logement\\\/meuble-decoration\\\/creer-espace-de-detente-a-lexterieur\\\/#primaryimage\"},\"thumbnailUrl\":\"https:\\\/\\\/www.athome.lu\\\/blog\\\/wp-content\\\/uploads\\\/2014\\\/06\\\/L80A8762.jpg\",\"keywords\":[\"Ameublement\",\"Jardin &amp; terrasse\"],\"articleSection\":[\"Meubler et D\u00e9corer\"],\"inLanguage\":\"fr-FR\"},{\"@type\":\"WebPage\",\"@id\":\"https:\\\/\\\/www.athome.lu\\\/blog\\\/mon-logement\\\/meuble-decoration\\\/creer-espace-de-detente-a-lexterieur\\\/\",\"url\":\"https:\\\/\\\/www.athome.lu\\\/blog\\\/mon-logement\\\/meuble-decoration\\\/creer-espace-de-detente-a-lexterieur\\\/\",\"name\":\"\u25b7 Am\u00e9nagement Ext\u00e9rieur \u25b7\u25b7Quelques Astuces pour un Espace D\u00e9tente | atHome\",\"isPartOf\":{\"@id\":\"https:\\\/\\\/www.athome.lu\\\/blog\\\/#website\"},\"primaryImageOfPage\":{\"@id\":\"https:\\\/\\\/www.athome.lu\\\/blog\\\/mon-logement\\\/meuble-decoration\\\/creer-espace-de-detente-a-lexterieur\\\/#primaryimage\"},\"image\":{\"@id\":\"https:\\\/\\\/www.athome.lu\\\/blog\\\/mon-logement\\\/meuble-decoration\\\/creer-espace-de-detente-a-lexterieur\\\/#primaryimage\"},\"thumbnailUrl\":\"https:\\\/\\\/www.athome.lu\\\/blog\\\/wp-content\\\/uploads\\\/2014\\\/06\\\/L80A8762.jpg\",\"datePublished\":\"2014-06-25T13:33:33+00:00\",\"dateModified\":\"2022-05-11T07:14:36+00:00\",\"author\":{\"@id\":\"https:\\\/\\\/www.athome.lu\\\/blog\\\/#\\\/schema\\\/person\\\/47f7a38089f837e792876ceddc4cb2dc\"},\"description\":\"D\u00e9couvrez dans cet article quelques conseils de d\u00e9coration et d\u2019am\u00e9nagement pour faire de vos ext\u00e9rieurs un espace 100% d\u00e9tente.\",\"breadcrumb\":{\"@id\":\"https:\\\/\\\/www.athome.lu\\\/blog\\\/mon-logement\\\/meuble-decoration\\\/creer-espace-de-detente-a-lexterieur\\\/#breadcrumb\"},\"inLanguage\":\"fr-FR\",\"potentialAction\":[{\"@type\":\"ReadAction\",\"target\":[\"https:\\\/\\\/www.athome.lu\\\/blog\\\/mon-logement\\\/meuble-decoration\\\/creer-espace-de-detente-a-lexterieur\\\/\"]}]},{\"@type\":\"ImageObject\",\"inLanguage\":\"fr-FR\",\"@id\":\"https:\\\/\\\/www.athome.lu\\\/blog\\\/mon-logement\\\/meuble-decoration\\\/creer-espace-de-detente-a-lexterieur\\\/#primaryimage\",\"url\":\"https:\\\/\\\/www.athome.lu\\\/blog\\\/wp-content\\\/uploads\\\/2014\\\/06\\\/L80A8762.jpg\",\"contentUrl\":\"https:\\\/\\\/www.athome.lu\\\/blog\\\/wp-content\\\/uploads\\\/2014\\\/06\\\/L80A8762.jpg\",\"width\":1200,\"height\":800,\"caption\":\"Maison de famille avec jardin amenagement exterieur\"},{\"@type\":\"BreadcrumbList\",\"@id\":\"https:\\\/\\\/www.athome.lu\\\/blog\\\/mon-logement\\\/meuble-decoration\\\/creer-espace-de-detente-a-lexterieur\\\/#breadcrumb\",\"itemListElement\":[{\"@type\":\"ListItem\",\"position\":1,\"name\":\"Accueil\",\"item\":\"https:\\\/\\\/www.athome.lu\\\/blog\\\/\"},{\"@type\":\"ListItem\",\"position\":2,\"name\":\"Mon logement\",\"item\":\"https:\\\/\\\/www.athome.lu\\\/blog\\\/de\\\/category\\\/mein-haus\\\/\"},{\"@type\":\"ListItem\",\"position\":3,\"name\":\"Meubler et D\u00e9corer\",\"item\":\"https:\\\/\\\/www.athome.lu\\\/blog\\\/de\\\/category\\\/mein-haus\\\/deko-mobel\\\/\"},{\"@type\":\"ListItem\",\"position\":4,\"name\":\"Cr\u00e9er un espace de d\u00e9tente \u00e0 l\u2019ext\u00e9rieur\"}]},{\"@type\":\"WebSite\",\"@id\":\"https:\\\/\\\/www.athome.lu\\\/blog\\\/#website\",\"url\":\"https:\\\/\\\/www.athome.lu\\\/blog\\\/\",\"name\":\"atHome Blog\",\"description\":\"Annonces immobili\u00e8res au Luxembourg. Le portail immobilier n\u00b01 au Luxembourg.\",\"potentialAction\":[{\"@type\":\"SearchAction\",\"target\":{\"@type\":\"EntryPoint\",\"urlTemplate\":\"https:\\\/\\\/www.athome.lu\\\/blog\\\/?s={search_term_string}\"},\"query-input\":{\"@type\":\"PropertyValueSpecification\",\"valueRequired\":true,\"valueName\":\"search_term_string\"}}],\"inLanguage\":\"fr-FR\"},{\"@type\":\"Person\",\"@id\":\"https:\\\/\\\/www.athome.lu\\\/blog\\\/#\\\/schema\\\/person\\\/47f7a38089f837e792876ceddc4cb2dc\",\"name\":\"Fanny Pimentel\",\"image\":{\"@type\":\"ImageObject\",\"inLanguage\":\"fr-FR\",\"@id\":\"https:\\\/\\\/secure.gravatar.com\\\/avatar\\\/c60b27b93851dc9503f9cc9150e73dcb0a86ba6150657e5e4b11d988400bc633?s=96&d=mm&r=g\",\"url\":\"https:\\\/\\\/secure.gravatar.com\\\/avatar\\\/c60b27b93851dc9503f9cc9150e73dcb0a86ba6150657e5e4b11d988400bc633?s=96&d=mm&r=g\",\"contentUrl\":\"https:\\\/\\\/secure.gravatar.com\\\/avatar\\\/c60b27b93851dc9503f9cc9150e73dcb0a86ba6150657e5e4b11d988400bc633?s=96&d=mm&r=g\",\"caption\":\"Fanny Pimentel\"}}]}<\/script>\n<!-- \/ Yoast SEO plugin. -->","yoast_head_json":{"title":"\u25b7 Am\u00e9nagement Ext\u00e9rieur \u25b7\u25b7Quelques Astuces pour un Espace D\u00e9tente | atHome","description":"D\u00e9couvrez dans cet article quelques conseils de d\u00e9coration et d\u2019am\u00e9nagement pour faire de vos ext\u00e9rieurs un espace 100% d\u00e9tente.","robots":{"index":"index","follow":"follow","max-snippet":"max-snippet:-1","max-image-preview":"max-image-preview:large","max-video-preview":"max-video-preview:-1"},"canonical":"https:\/\/www.athome.lu\/blog\/mon-logement\/meuble-decoration\/creer-espace-de-detente-a-lexterieur\/","og_locale":"fr_FR","og_type":"article","og_title":"\u25b7 Am\u00e9nagement Ext\u00e9rieur \u25b7\u25b7Quelques Astuces pour un Espace D\u00e9tente | atHome","og_description":"D\u00e9couvrez dans cet article quelques conseils de d\u00e9coration et d\u2019am\u00e9nagement pour faire de vos ext\u00e9rieurs un espace 100% d\u00e9tente.","og_url":"https:\/\/www.athome.lu\/blog\/mon-logement\/meuble-decoration\/creer-espace-de-detente-a-lexterieur\/","og_site_name":"atHome Blog","article_publisher":"https:\/\/www.facebook.com\/atHome.lu\/","article_published_time":"2014-06-25T13:33:33+00:00","article_modified_time":"2022-05-11T07:14:36+00:00","og_image":[{"width":1200,"height":800,"url":"https:\/\/www.athome.lu\/blog\/wp-content\/uploads\/2014\/06\/L80A8762.jpg","type":"image\/jpeg"}],"author":"Fanny Pimentel","twitter_card":"summary_large_image","twitter_title":"\u25b7 Am\u00e9nagement Ext\u00e9rieur \u25b7\u25b7Quelques Astuces pour un Espace D\u00e9tente | atHome","twitter_description":"D\u00e9couvrez dans cet article quelques conseils de d\u00e9coration et d\u2019am\u00e9nagement pour faire de vos ext\u00e9rieurs un espace 100% d\u00e9tente.","twitter_creator":"@athomelu","twitter_site":"@athomelu","twitter_misc":{"\u00c9crit par":"Fanny Pimentel","Dur\u00e9e de lecture estim\u00e9e":"3 minutes"},"schema":{"@context":"https:\/\/schema.org","@graph":[{"@type":"Article","@id":"https:\/\/www.athome.lu\/blog\/mon-logement\/meuble-decoration\/creer-espace-de-detente-a-lexterieur\/#article","isPartOf":{"@id":"https:\/\/www.athome.lu\/blog\/mon-logement\/meuble-decoration\/creer-espace-de-detente-a-lexterieur\/"},"author":{"name":"Fanny Pimentel","@id":"https:\/\/www.athome.lu\/blog\/#\/schema\/person\/47f7a38089f837e792876ceddc4cb2dc"},"headline":"Cr\u00e9er un espace de d\u00e9tente \u00e0 l\u2019ext\u00e9rieur","datePublished":"2014-06-25T13:33:33+00:00","dateModified":"2022-05-11T07:14:36+00:00","mainEntityOfPage":{"@id":"https:\/\/www.athome.lu\/blog\/mon-logement\/meuble-decoration\/creer-espace-de-detente-a-lexterieur\/"},"wordCount":655,"image":{"@id":"https:\/\/www.athome.lu\/blog\/mon-logement\/meuble-decoration\/creer-espace-de-detente-a-lexterieur\/#primaryimage"},"thumbnailUrl":"https:\/\/www.athome.lu\/blog\/wp-content\/uploads\/2014\/06\/L80A8762.jpg","keywords":["Ameublement","Jardin &amp; terrasse"],"articleSection":["Meubler et D\u00e9corer"],"inLanguage":"fr-FR"},{"@type":"WebPage","@id":"https:\/\/www.athome.lu\/blog\/mon-logement\/meuble-decoration\/creer-espace-de-detente-a-lexterieur\/","url":"https:\/\/www.athome.lu\/blog\/mon-logement\/meuble-decoration\/creer-espace-de-detente-a-lexterieur\/","name":"\u25b7 Am\u00e9nagement Ext\u00e9rieur \u25b7\u25b7Quelques Astuces pour un Espace D\u00e9tente | atHome","isPartOf":{"@id":"https:\/\/www.athome.lu\/blog\/#website"},"primaryImageOfPage":{"@id":"https:\/\/www.athome.lu\/blog\/mon-logement\/meuble-decoration\/creer-espace-de-detente-a-lexterieur\/#primaryimage"},"image":{"@id":"https:\/\/www.athome.lu\/blog\/mon-logement\/meuble-decoration\/creer-espace-de-detente-a-lexterieur\/#primaryimage"},"thumbnailUrl":"https:\/\/www.athome.lu\/blog\/wp-content\/uploads\/2014\/06\/L80A8762.jpg","datePublished":"2014-06-25T13:33:33+00:00","dateModified":"2022-05-11T07:14:36+00:00","author":{"@id":"https:\/\/www.athome.lu\/blog\/#\/schema\/person\/47f7a38089f837e792876ceddc4cb2dc"},"description":"D\u00e9couvrez dans cet article quelques conseils de d\u00e9coration et d\u2019am\u00e9nagement pour faire de vos ext\u00e9rieurs un espace 100% d\u00e9tente.","breadcrumb":{"@id":"https:\/\/www.athome.lu\/blog\/mon-logement\/meuble-decoration\/creer-espace-de-detente-a-lexterieur\/#breadcrumb"},"inLanguage":"fr-FR","potentialAction":[{"@type":"ReadAction","target":["https:\/\/www.athome.lu\/blog\/mon-logement\/meuble-decoration\/creer-espace-de-detente-a-lexterieur\/"]}]},{"@type":"ImageObject","inLanguage":"fr-FR","@id":"https:\/\/www.athome.lu\/blog\/mon-logement\/meuble-decoration\/creer-espace-de-detente-a-lexterieur\/#primaryimage","url":"https:\/\/www.athome.lu\/blog\/wp-content\/uploads\/2014\/06\/L80A8762.jpg","contentUrl":"https:\/\/www.athome.lu\/blog\/wp-content\/uploads\/2014\/06\/L80A8762.jpg","width":1200,"height":800,"caption":"Maison de famille avec jardin amenagement exterieur"},{"@type":"BreadcrumbList","@id":"https:\/\/www.athome.lu\/blog\/mon-logement\/meuble-decoration\/creer-espace-de-detente-a-lexterieur\/#breadcrumb","itemListElement":[{"@type":"ListItem","position":1,"name":"Accueil","item":"https:\/\/www.athome.lu\/blog\/"},{"@type":"ListItem","position":2,"name":"Mon logement","item":"https:\/\/www.athome.lu\/blog\/de\/category\/mein-haus\/"},{"@type":"ListItem","position":3,"name":"Meubler et D\u00e9corer","item":"https:\/\/www.athome.lu\/blog\/de\/category\/mein-haus\/deko-mobel\/"},{"@type":"ListItem","position":4,"name":"Cr\u00e9er un espace de d\u00e9tente \u00e0 l\u2019ext\u00e9rieur"}]},{"@type":"WebSite","@id":"https:\/\/www.athome.lu\/blog\/#website","url":"https:\/\/www.athome.lu\/blog\/","name":"atHome Blog","description":"Annonces immobili\u00e8res au Luxembourg. Le portail immobilier n\u00b01 au Luxembourg.","potentialAction":[{"@type":"SearchAction","target":{"@type":"EntryPoint","urlTemplate":"https:\/\/www.athome.lu\/blog\/?s={search_term_string}"},"query-input":{"@type":"PropertyValueSpecification","valueRequired":true,"valueName":"search_term_string"}}],"inLanguage":"fr-FR"},{"@type":"Person","@id":"https:\/\/www.athome.lu\/blog\/#\/schema\/person\/47f7a38089f837e792876ceddc4cb2dc","name":"Fanny Pimentel","image":{"@type":"ImageObject","inLanguage":"fr-FR","@id":"https:\/\/secure.gravatar.com\/avatar\/c60b27b93851dc9503f9cc9150e73dcb0a86ba6150657e5e4b11d988400bc633?s=96&d=mm&r=g","url":"https:\/\/secure.gravatar.com\/avatar\/c60b27b93851dc9503f9cc9150e73dcb0a86ba6150657e5e4b11d988400bc633?s=96&d=mm&r=g","contentUrl":"https:\/\/secure.gravatar.com\/avatar\/c60b27b93851dc9503f9cc9150e73dcb0a86ba6150657e5e4b11d988400bc633?s=96&d=mm&r=g","caption":"Fanny Pimentel"}}]}},"featured_media_src_url":"https:\/\/www.athome.lu\/blog\/wp-content\/uploads\/2014\/06\/L80A8762-1024x683.jpg","_links":{"self":[{"href":"https:\/\/www.athome.lu\/blog\/wp-json\/wp\/v2\/posts\/5949","targetHints":{"allow":["GET"]}}],"collection":[{"href":"https:\/\/www.athome.lu\/blog\/wp-json\/wp\/v2\/posts"}],"about":[{"href":"https:\/\/www.athome.lu\/blog\/wp-json\/wp\/v2\/types\/post"}],"author":[{"embeddable":true,"href":"https:\/\/www.athome.lu\/blog\/wp-json\/wp\/v2\/users\/17"}],"replies":[{"embeddable":true,"href":"https:\/\/www.athome.lu\/blog\/wp-json\/wp\/v2\/comments?post=5949"}],"version-history":[{"count":2,"href":"https:\/\/www.athome.lu\/blog\/wp-json\/wp\/v2\/posts\/5949\/revisions"}],"predecessor-version":[{"id":14772,"href":"https:\/\/www.athome.lu\/blog\/wp-json\/wp\/v2\/posts\/5949\/revisions\/14772"}],"wp:featuredmedia":[{"embeddable":true,"href":"https:\/\/www.athome.lu\/blog\/wp-json\/wp\/v2\/media\/7415"}],"wp:attachment":[{"href":"https:\/\/www.athome.lu\/blog\/wp-json\/wp\/v2\/media?parent=5949"}],"wp:term":[{"taxonomy":"category","embeddable":true,"href":"https:\/\/www.athome.lu\/blog\/wp-json\/wp\/v2\/categories?post=5949"},{"taxonomy":"post_tag","embeddable":true,"href":"https:\/\/www.athome.lu\/blog\/wp-json\/wp\/v2\/tags?post=5949"}],"curies":[{"name":"wp","href":"https:\/\/api.w.org\/{rel}","templated":true}]}}