{"id":5969,"date":"2015-09-17T11:38:45","date_gmt":"2015-09-17T10:38:45","guid":{"rendered":"https:\/\/www.athome.lu\/services\/conseils\/?p=5969"},"modified":"2022-05-11T09:29:12","modified_gmt":"2022-05-11T07:29:12","slug":"quelles-sont-les-couleurs-adaptees-aux-pieces-de-la-maison","status":"publish","type":"post","link":"https:\/\/www.athome.lu\/blog\/mon-logement\/meuble-decoration\/quelles-sont-les-couleurs-adaptees-aux-pieces-de-la-maison\/","title":{"rendered":"Quelles sont les couleurs adapt\u00e9es aux pi\u00e8ces de la maison\u00a0?"},"content":{"rendered":"\n<p><span style=\"color: #000000;\">Vous le savez certainement, les couleurs peuvent influer sur l\u2019humeur et les \u00e9motions. &nbsp;Examinons ensemble les couleurs adapt\u00e9es aux diff\u00e9rents types de pi\u00e8ces.<\/span><\/p>\n\n\n\n<p><span style=\"color: #000000;\">La science des couleurs ne date pas d\u2019hier. Il y a environ 2000 ans, les civilisations d\u2019Egypte et de Chine anciennes utilisaient la couleur dans les processus de gu\u00e9rison et \u00e9tudiaient la nature \u00e0 la recherche de signaux relatifs \u00e0 son utilisation dans la vie de tous les jours. La pr\u00e9f\u00e9rence pour certaines couleurs est tr\u00e8s personnelle et il existe de nombreuses recherches psychologiques concernant l\u2019attirance de certains types de caract\u00e8res pour des couleurs particuli\u00e8res. Chez vous, pour vos murs ou vos meubles, r\u00e9fl\u00e9chissez \u00e0 la nature et \u00e0 la fonction d\u2019une pi\u00e8ce avant de choisir les couleurs de votre int\u00e9rieur.<\/span><\/p>\n\n\n\n<h2 class=\"wp-block-heading\"><span style=\"color: #000000;\"><strong>Blanc<\/strong><\/span><\/h2>\n\n\n\n<p><span style=\"color: #000000;\">Le blanc pr\u00e9domine dans les int\u00e9rieurs, seul ou comme base pour d\u2019autres couleurs vives. A l\u2019instar des autres couleurs froides, le blanc rend l\u2019espace plus grand. D\u2019un point de vue symbolique, le blanc incarne la puret\u00e9 et l\u2019innocence. Dans le domaine de la d\u00e9coration, il inspire la propret\u00e9 et des sentiments d\u2019optimisme et d\u2019espoir.<br><strong><br>Pi\u00e8ces:<\/strong> toutes<\/span><\/p>\n\n\n\n<h2 class=\"wp-block-heading\"><span style=\"color: #000000;\"><strong>Rouge<\/strong><\/span><\/h2>\n\n\n\n<p><span style=\"color: #000000;\">Le rouge capte nos \u00e9motions les plus profondes: le courage, l\u2019amour, la col\u00e8re, la passion et le danger. Cette couleur vibrante s\u2019accorde bien dans les salles \u00e0 manger en tant que couleur vive et formelle qui peut \u00e9galement stimuler l\u2019app\u00e9tit et faciliter la digestion.<\/span><\/p>\n\n\n\n<p><span style=\"color: #000000;\">D\u2019un autre c\u00f4t\u00e9, le rouge augmente votre tension art\u00e9rielle et votre rythme cardiaque, soyez prudent si vous l\u2019utilisez dans la chambre \u00e0 coucher. Bien qu\u2019il stimule la passion, il peut aussi \u00eatre \u00e0 la source de nervosit\u00e9 et d\u2019insomnie.<\/span><\/p>\n\n\n\n<div class=\"wp-block-image\"><figure class=\"aligncenter\"><a href=\"https:\/\/www.athome.lu\/blog\/blog\/wp-content\/uploads\/2014\/07\/interieur-rouge.png\"><img decoding=\"async\" src=\"https:\/\/www.athome.lu\/blog\/blog\/wp-content\/uploads\/2014\/07\/interieur-rouge.png\" alt=\"Int\u00e9rieur rouge couleur id\u00e9ale pour salle \u00e0 manger et cuisine\" class=\"wp-image-5976\"\/><\/a><\/figure><\/div>\n\n\n\n<p><span style=\"color: #000000;\"><strong>Pi\u00e8ce:<\/strong> salle \u00e0 manger, cuisine<\/span><\/p>\n\n\n\n<h2 class=\"wp-block-heading\"><span style=\"color: #000000;\"><strong>Rose<\/strong><\/span><\/h2>\n\n\n\n<p><span style=\"color: #000000;\">Cette jolie teinte couleur bonbon r\u00e9veille les \u00e9motions. Souvent associ\u00e9 \u00e0 la f\u00e9minit\u00e9 et aux petites filles, le rose est utilis\u00e9 dans les chambres d\u2019enfant.<\/span><\/p>\n\n\n\n<p><span style=\"color: #000000;\"><strong>Pi\u00e8ce:<\/strong> chambre \u00e0 coucher de fille<\/span><\/p>\n\n\n\n<h2 class=\"wp-block-heading\"><span style=\"color: #000000;\"><strong>Jaune<\/strong><\/span><\/h2>\n\n\n\n<p><span style=\"color: #000000;\">Le jaune est la couleur la plus joyeuse du spectre. Il est tellement gai que les marins naviguant autour du monde en solitaire ont peint leurs quartiers sous le pont en jaune pour combattre la tristesse. Le jaune est frais, chaud et joyeux. Il aiguise la m\u00e9moire, incite \u00e0 la conversation et inspire les id\u00e9es et la communication. Il peut faciliter la digestion et stimuler l\u2019app\u00e9tit et la circulation.<\/span><\/p>\n\n\n\n<p><span style=\"color: #000000;\">Associ\u00e9 \u00e0 ses partenaires de la gamme primaire, le bleu et le rouge, le jaune inspire une \u00e9nergie enfantine. Associ\u00e9 \u00e0 sa couleur compl\u00e9mentaire, le pourpre, situ\u00e9 \u00e0 l\u2019oppos\u00e9 de la roue des couleurs, le jaune sugg\u00e8re la formalit\u00e9 royale. Cette couleur convient bien dans les bureaux ou dans les s\u00e9jours qui b\u00e9n\u00e9ficient de peu de lumi\u00e8re naturelle.<\/span><\/p>\n\n\n\n<p><span style=\"color: #000000;\"><strong>Pi\u00e8ce:<\/strong> salles de s\u00e9jour<\/span><\/p>\n\n\n\n<h2 class=\"wp-block-heading\"><span style=\"color: #000000;\"><strong>Brun<\/strong><\/span><\/h2>\n\n\n\n<p><span style=\"color: #000000;\">Cette couleur donne aux pi\u00e8ces une touche d\u00e9contract\u00e9e et naturelle. A l\u2019instar des autres tons couleur terre, c\u2019est une couleur qui r\u00e9chauffe. Il convient bien sur un seul mur mis en \u00e9vidence, mais attention \u00e0 ne pas exag\u00e9rer sinon la pi\u00e8ce deviendra terne et morne.<\/span><\/p>\n\n\n\n<p><span style=\"color: #000000;\"><strong>Pi\u00e8ce:<\/strong> mur mis en \u00e9vidence dans le s\u00e9jour<\/span><\/p>\n\n\n\n<h2 class=\"wp-block-heading\"><span style=\"color: #000000;\"><strong>Bleu<\/strong><\/span><\/h2>\n\n\n\n<p><span style=\"color: #000000;\">Vous avez le blues? Et pourtant, vous ne pouvez pas rendre le bleu responsable, car il est rafra\u00eechissant et tranquille. Ce classique s\u2019accorde, en outre, avec toutes les couleurs, du blanc au jaune ou \u00e0 l\u2019orange. Vous pouvez \u00e9galement combiner du bleu et du vert.<\/span><\/p>\n\n\n\n<p><span style=\"color: #000000;\">Le bleu repr\u00e9sente l\u2019autorit\u00e9, la loyaut\u00e9 et la sinc\u00e9rit\u00e9. Il peut inciter des \u00e9motions de s\u00e9r\u00e9nit\u00e9, paix et tristesse. On dit du bleu qu\u2019il diminue la tension art\u00e9rielle et la vitesse de respiration, et qu\u2019il est relaxant.<\/span><\/p>\n\n\n\n<p><span style=\"color: #000000;\"><strong>Pi\u00e8ce:<\/strong> chambre \u00e0 coucher<\/span><\/p>\n\n\n\n<p>\u00a0<\/p>\n\n\n<section id=\"section-3-14695\" class=\" ct-section\" ><div class=\"ct-section-inner-wrap\"><div id=\"div_block-4-14695\" class=\"ct-div-block\" ><div id=\"new_columns-7-14695\" class=\"ct-new-columns\" ><div id=\"div_block-8-14695\" class=\"ct-div-block\" ><div id=\"div_block-14-14695\" class=\"ct-div-block\" ><\/div><\/div><div id=\"div_block-9-14695\" class=\"ct-div-block\" ><h1 id=\"headline-11-14695\" class=\"ct-headline\">Quels sont les prix de l'immobilier en ce moment ?<\/h1><div id=\"text_block-12-14695\" class=\"ct-text-block\" >Les prix ralentissent. Les taux d'int\u00e9r\u00eat augmentent. Quelles tendances pour les mois \u00e0 venir ?<\/div><a id=\"link_button-13-14695\" class=\"ct-link-button\" href=\"https:\/\/www.athome.lu\/blog\/blog\/marche-immobilier\/prix\/tendances-2022\/\" target=\"_blank\"  >Lire l'analyse<\/a><\/div><\/div><\/div><\/div><\/section>\n\n\n<h2 class=\"wp-block-heading\"><span style=\"color: #000000;\"><strong>Violet<\/strong><\/span><\/h2>\n\n\n\n<p><span style=\"color: #000000;\">En partie rouge profond, en partie bleu froid, cette couleur riche respire la sophistication. Le violet incarne un caract\u00e8re royal, myst\u00e9rieux et majestueux. Il favorise la r\u00e9flexion, la r\u00eaverie, la cr\u00e9ativit\u00e9 et la spiritualit\u00e9.<\/span><\/p>\n\n\n\n<p><span style=\"color: #000000;\">On dit du violet qu\u2019il diminue la tension art\u00e9rielle et apaise les organes digestifs et autres.<\/span><\/p>\n\n\n\n<p><span style=\"color: #000000;\">A l\u2019instar de l\u2019orange, les nuances de violet donnent un bel effet sur des murs mis en \u00e9vidence. N\u2019h\u00e9sitez pas \u00e0 utiliser des tons plus clairs, comme le mauve ou le lilas, dans des espaces plus grands.<\/span><\/p>\n\n\n\n<p><span style=\"color: #000000;\"><strong>Pi\u00e8ce:<\/strong> chambre \u00e0 coucher<\/span><\/p>\n\n\n\n<h2 class=\"wp-block-heading\"><span style=\"color: #000000;\"><strong>Vert<\/strong><\/span><\/h2>\n\n\n\n<p><span style=\"color: #000000;\">Le vert est une couleur claire, fra\u00eeche qui s\u2019accorde bien avec des tons neutres et vifs. Il repr\u00e9sente la nature, la fertilit\u00e9 et l\u2019envie, et favorise la cr\u00e9ativit\u00e9 et la paix. On dit aussi du vert qu\u2019il calme les nerfs et r\u00e9duit le stress.<\/span><\/p>\n\n\n\n<p><span style=\"color: #000000;\">En tant que couleur fra\u00eeche, le vert est id\u00e9al pour attirer le soleil et la chaleur de l\u2019apr\u00e8s-midi. Pour son inspiration, il donne bien dans les cuisines. Pour ses propri\u00e9t\u00e9s apaisantes, il convient aux salles de bains ou aux chambres \u00e0 coucher.<\/span><\/p>\n\n\n\n<p><span style=\"color: #000000;\"><strong>Pi\u00e8ce:<\/strong> salle de bains ou salle de s\u00e9jour<\/span><\/p>\n\n\n\n<h2 class=\"wp-block-heading\"><span style=\"color: #000000;\"><strong>Orange<\/strong><\/span><\/h2>\n\n\n\n<p><span style=\"color: #000000;\">L\u2019orange est la couleur id\u00e9ale pour l\u2019hiver car elle est chaude et attrayante. Cette couleur sugg\u00e8re la vigueur et l\u2019activit\u00e9 et, \u00e0 l\u2019instar du jaune, c\u2019est une couleur qui s\u2019associe tr\u00e8s bien et qui inspire une atmosph\u00e8re propice \u00e0 l\u2019amusement. Il se combine avec d\u2019autres couleurs d\u2019agrumes pour le contraste, ou avec des tons orang\u00e9s ocr\u00e9s et rouill\u00e9s pour cr\u00e9er l\u2019ambiance et r\u00e9chauffer une pi\u00e8ce.<\/span><\/p>\n\n\n\n<p><span style=\"color: #000000;\"><strong>Pi\u00e8ce:<\/strong> salles de s\u00e9jour<\/span><\/p>\n\n\n\n<h2 class=\"wp-block-heading\"><span style=\"color: #000000;\"><strong>Noir<\/strong><\/span><\/h2>\n\n\n\n<p><span style=\"color: #000000;\">Le noir inspire d\u2019innombrables associations \u00e9motionnelles et culturelles. D\u2019un point de vue symbolique, c\u2019est la couleur du deuil. Le noir incarne \u00e9galement le myst\u00e8re, le pouvoir et la sophistication. Cette couleur peut \u00eatre d\u00e9primante et provoquer la fatigue. D\u2019un autre c\u00f4t\u00e9, le noir symbolise la force int\u00e9rieure. Il peut mettre en valeur d\u2019autres couleurs s\u2019il est utilis\u00e9 en contraste avec des tons vifs.<\/span><\/p>\n\n\n\n<p><span style=\"color: #000000;\"><strong>Pi\u00e8ces:<\/strong> \u00e0 utiliser avec parcimonie, par touche.<\/span><\/p>\n","protected":false},"excerpt":{"rendered":"<p>Vous le savez certainement, les couleurs peuvent influer sur l\u2019humeur et les \u00e9motions. &nbsp;Examinons ensemble les couleurs adapt\u00e9es aux diff\u00e9rents types de pi\u00e8ces. La science des couleurs ne date pas d\u2019hier. Il y a environ 2000 ans, les civilisations d\u2019Egypte et de Chine anciennes utilisaient la couleur dans les processus de gu\u00e9rison et \u00e9tudiaient la [&hellip;]<\/p>\n","protected":false},"author":17,"featured_media":7414,"comment_status":"closed","ping_status":"open","sticky":false,"template":"","format":"standard","meta":{"_acf_changed":false,"footnotes":""},"categories":[210],"tags":[79,78],"class_list":["post-5969","post","type-post","status-publish","format-standard","has-post-thumbnail","hentry","category-meuble-decoration","tag-decoration","tag-renovation"],"acf":[],"yoast_head":"<!-- This site is optimized with the Yoast SEO plugin v27.4 - https:\/\/yoast.com\/product\/yoast-seo-wordpress\/ -->\n<title>\u25b7\u25b7 Quelle Couleur pour Quelle Pi\u00e8ce de Votre Maison ? ? | atHome<\/title>\n<meta name=\"description\" content=\"atHome vous aide \u00e0 d\u00e9finir la couleur id\u00e9ale pour chaque pi\u00e8ce de votre maison selon la nature et la fonction de la pi\u00e8ce en question.\" \/>\n<meta name=\"robots\" content=\"index, follow, max-snippet:-1, max-image-preview:large, max-video-preview:-1\" \/>\n<link rel=\"canonical\" href=\"https:\/\/www.athome.lu\/blog\/mon-logement\/meuble-decoration\/quelles-sont-les-couleurs-adaptees-aux-pieces-de-la-maison\/\" \/>\n<meta property=\"og:locale\" content=\"fr_FR\" \/>\n<meta property=\"og:type\" content=\"article\" \/>\n<meta property=\"og:title\" content=\"\u25b7\u25b7 Quelle Couleur pour Quelle Pi\u00e8ce de Votre Maison ? ? | atHome\" \/>\n<meta property=\"og:description\" content=\"atHome vous aide \u00e0 d\u00e9finir la couleur id\u00e9ale pour chaque pi\u00e8ce de votre maison selon la nature et la fonction de la pi\u00e8ce en question.\" \/>\n<meta property=\"og:url\" content=\"https:\/\/www.athome.lu\/blog\/mon-logement\/meuble-decoration\/quelles-sont-les-couleurs-adaptees-aux-pieces-de-la-maison\/\" \/>\n<meta property=\"og:site_name\" content=\"atHome Blog\" \/>\n<meta property=\"article:publisher\" content=\"https:\/\/www.facebook.com\/atHome.lu\/\" \/>\n<meta property=\"article:published_time\" content=\"2015-09-17T10:38:45+00:00\" \/>\n<meta property=\"article:modified_time\" content=\"2022-05-11T07:29:12+00:00\" \/>\n<meta property=\"og:image\" content=\"https:\/\/www.athome.lu\/blog\/wp-content\/uploads\/2014\/07\/iStock_000020757342Medium.jpg\" \/>\n\t<meta property=\"og:image:width\" content=\"1200\" \/>\n\t<meta property=\"og:image:height\" content=\"907\" \/>\n\t<meta property=\"og:image:type\" content=\"image\/jpeg\" \/>\n<meta name=\"author\" content=\"Fanny Pimentel\" \/>\n<meta name=\"twitter:card\" content=\"summary_large_image\" \/>\n<meta name=\"twitter:title\" content=\"\u25b7\u25b7 Quelle Couleur pour Quelle Pi\u00e8ce de Votre Maison ? ? | atHome\" \/>\n<meta name=\"twitter:description\" content=\"atHome vous aide \u00e0 d\u00e9finir la couleur id\u00e9ale pour chaque pi\u00e8ce de votre maison selon la nature et la fonction de la pi\u00e8ce en question.\" \/>\n<meta name=\"twitter:creator\" content=\"@athomelu\" \/>\n<meta name=\"twitter:site\" content=\"@athomelu\" \/>\n<meta name=\"twitter:label1\" content=\"\u00c9crit par\" \/>\n\t<meta name=\"twitter:data1\" content=\"Fanny Pimentel\" \/>\n\t<meta name=\"twitter:label2\" content=\"Dur\u00e9e de lecture estim\u00e9e\" \/>\n\t<meta name=\"twitter:data2\" content=\"5 minutes\" \/>\n<script type=\"application\/ld+json\" class=\"yoast-schema-graph\">{\"@context\":\"https:\\\/\\\/schema.org\",\"@graph\":[{\"@type\":\"Article\",\"@id\":\"https:\\\/\\\/www.athome.lu\\\/blog\\\/mon-logement\\\/meuble-decoration\\\/quelles-sont-les-couleurs-adaptees-aux-pieces-de-la-maison\\\/#article\",\"isPartOf\":{\"@id\":\"https:\\\/\\\/www.athome.lu\\\/blog\\\/mon-logement\\\/meuble-decoration\\\/quelles-sont-les-couleurs-adaptees-aux-pieces-de-la-maison\\\/\"},\"author\":{\"name\":\"Fanny Pimentel\",\"@id\":\"https:\\\/\\\/www.athome.lu\\\/blog\\\/#\\\/schema\\\/person\\\/47f7a38089f837e792876ceddc4cb2dc\"},\"headline\":\"Quelles sont les couleurs adapt\u00e9es aux pi\u00e8ces de la maison\u00a0?\",\"datePublished\":\"2015-09-17T10:38:45+00:00\",\"dateModified\":\"2022-05-11T07:29:12+00:00\",\"mainEntityOfPage\":{\"@id\":\"https:\\\/\\\/www.athome.lu\\\/blog\\\/mon-logement\\\/meuble-decoration\\\/quelles-sont-les-couleurs-adaptees-aux-pieces-de-la-maison\\\/\"},\"wordCount\":1032,\"image\":{\"@id\":\"https:\\\/\\\/www.athome.lu\\\/blog\\\/mon-logement\\\/meuble-decoration\\\/quelles-sont-les-couleurs-adaptees-aux-pieces-de-la-maison\\\/#primaryimage\"},\"thumbnailUrl\":\"https:\\\/\\\/www.athome.lu\\\/blog\\\/wp-content\\\/uploads\\\/2014\\\/07\\\/iStock_000020757342Medium.jpg\",\"keywords\":[\"D\u00e9coration\",\"R\u00e9novation\"],\"articleSection\":[\"Meubler et D\u00e9corer\"],\"inLanguage\":\"fr-FR\"},{\"@type\":\"WebPage\",\"@id\":\"https:\\\/\\\/www.athome.lu\\\/blog\\\/mon-logement\\\/meuble-decoration\\\/quelles-sont-les-couleurs-adaptees-aux-pieces-de-la-maison\\\/\",\"url\":\"https:\\\/\\\/www.athome.lu\\\/blog\\\/mon-logement\\\/meuble-decoration\\\/quelles-sont-les-couleurs-adaptees-aux-pieces-de-la-maison\\\/\",\"name\":\"\u25b7\u25b7 Quelle Couleur pour Quelle Pi\u00e8ce de Votre Maison ? ? | atHome\",\"isPartOf\":{\"@id\":\"https:\\\/\\\/www.athome.lu\\\/blog\\\/#website\"},\"primaryImageOfPage\":{\"@id\":\"https:\\\/\\\/www.athome.lu\\\/blog\\\/mon-logement\\\/meuble-decoration\\\/quelles-sont-les-couleurs-adaptees-aux-pieces-de-la-maison\\\/#primaryimage\"},\"image\":{\"@id\":\"https:\\\/\\\/www.athome.lu\\\/blog\\\/mon-logement\\\/meuble-decoration\\\/quelles-sont-les-couleurs-adaptees-aux-pieces-de-la-maison\\\/#primaryimage\"},\"thumbnailUrl\":\"https:\\\/\\\/www.athome.lu\\\/blog\\\/wp-content\\\/uploads\\\/2014\\\/07\\\/iStock_000020757342Medium.jpg\",\"datePublished\":\"2015-09-17T10:38:45+00:00\",\"dateModified\":\"2022-05-11T07:29:12+00:00\",\"author\":{\"@id\":\"https:\\\/\\\/www.athome.lu\\\/blog\\\/#\\\/schema\\\/person\\\/47f7a38089f837e792876ceddc4cb2dc\"},\"description\":\"atHome vous aide \u00e0 d\u00e9finir la couleur id\u00e9ale pour chaque pi\u00e8ce de votre maison selon la nature et la fonction de la pi\u00e8ce en question.\",\"breadcrumb\":{\"@id\":\"https:\\\/\\\/www.athome.lu\\\/blog\\\/mon-logement\\\/meuble-decoration\\\/quelles-sont-les-couleurs-adaptees-aux-pieces-de-la-maison\\\/#breadcrumb\"},\"inLanguage\":\"fr-FR\",\"potentialAction\":[{\"@type\":\"ReadAction\",\"target\":[\"https:\\\/\\\/www.athome.lu\\\/blog\\\/mon-logement\\\/meuble-decoration\\\/quelles-sont-les-couleurs-adaptees-aux-pieces-de-la-maison\\\/\"]}]},{\"@type\":\"ImageObject\",\"inLanguage\":\"fr-FR\",\"@id\":\"https:\\\/\\\/www.athome.lu\\\/blog\\\/mon-logement\\\/meuble-decoration\\\/quelles-sont-les-couleurs-adaptees-aux-pieces-de-la-maison\\\/#primaryimage\",\"url\":\"https:\\\/\\\/www.athome.lu\\\/blog\\\/wp-content\\\/uploads\\\/2014\\\/07\\\/iStock_000020757342Medium.jpg\",\"contentUrl\":\"https:\\\/\\\/www.athome.lu\\\/blog\\\/wp-content\\\/uploads\\\/2014\\\/07\\\/iStock_000020757342Medium.jpg\",\"width\":1200,\"height\":907,\"caption\":\"Bande de peinture sur mur blanc \u00e0 chaque pi\u00e8ce sa couleur\"},{\"@type\":\"BreadcrumbList\",\"@id\":\"https:\\\/\\\/www.athome.lu\\\/blog\\\/mon-logement\\\/meuble-decoration\\\/quelles-sont-les-couleurs-adaptees-aux-pieces-de-la-maison\\\/#breadcrumb\",\"itemListElement\":[{\"@type\":\"ListItem\",\"position\":1,\"name\":\"Accueil\",\"item\":\"https:\\\/\\\/www.athome.lu\\\/blog\\\/\"},{\"@type\":\"ListItem\",\"position\":2,\"name\":\"Mon logement\",\"item\":\"https:\\\/\\\/www.athome.lu\\\/blog\\\/de\\\/category\\\/mein-haus\\\/\"},{\"@type\":\"ListItem\",\"position\":3,\"name\":\"Meubler et D\u00e9corer\",\"item\":\"https:\\\/\\\/www.athome.lu\\\/blog\\\/de\\\/category\\\/mein-haus\\\/deko-mobel\\\/\"},{\"@type\":\"ListItem\",\"position\":4,\"name\":\"Quelles sont les couleurs adapt\u00e9es aux pi\u00e8ces de la maison\u00a0?\"}]},{\"@type\":\"WebSite\",\"@id\":\"https:\\\/\\\/www.athome.lu\\\/blog\\\/#website\",\"url\":\"https:\\\/\\\/www.athome.lu\\\/blog\\\/\",\"name\":\"atHome Blog\",\"description\":\"Annonces immobili\u00e8res au Luxembourg. Le portail immobilier n\u00b01 au Luxembourg.\",\"potentialAction\":[{\"@type\":\"SearchAction\",\"target\":{\"@type\":\"EntryPoint\",\"urlTemplate\":\"https:\\\/\\\/www.athome.lu\\\/blog\\\/?s={search_term_string}\"},\"query-input\":{\"@type\":\"PropertyValueSpecification\",\"valueRequired\":true,\"valueName\":\"search_term_string\"}}],\"inLanguage\":\"fr-FR\"},{\"@type\":\"Person\",\"@id\":\"https:\\\/\\\/www.athome.lu\\\/blog\\\/#\\\/schema\\\/person\\\/47f7a38089f837e792876ceddc4cb2dc\",\"name\":\"Fanny Pimentel\",\"image\":{\"@type\":\"ImageObject\",\"inLanguage\":\"fr-FR\",\"@id\":\"https:\\\/\\\/secure.gravatar.com\\\/avatar\\\/c60b27b93851dc9503f9cc9150e73dcb0a86ba6150657e5e4b11d988400bc633?s=96&d=mm&r=g\",\"url\":\"https:\\\/\\\/secure.gravatar.com\\\/avatar\\\/c60b27b93851dc9503f9cc9150e73dcb0a86ba6150657e5e4b11d988400bc633?s=96&d=mm&r=g\",\"contentUrl\":\"https:\\\/\\\/secure.gravatar.com\\\/avatar\\\/c60b27b93851dc9503f9cc9150e73dcb0a86ba6150657e5e4b11d988400bc633?s=96&d=mm&r=g\",\"caption\":\"Fanny Pimentel\"}}]}<\/script>\n<!-- \/ Yoast SEO plugin. -->","yoast_head_json":{"title":"\u25b7\u25b7 Quelle Couleur pour Quelle Pi\u00e8ce de Votre Maison ? ? | atHome","description":"atHome vous aide \u00e0 d\u00e9finir la couleur id\u00e9ale pour chaque pi\u00e8ce de votre maison selon la nature et la fonction de la pi\u00e8ce en question.","robots":{"index":"index","follow":"follow","max-snippet":"max-snippet:-1","max-image-preview":"max-image-preview:large","max-video-preview":"max-video-preview:-1"},"canonical":"https:\/\/www.athome.lu\/blog\/mon-logement\/meuble-decoration\/quelles-sont-les-couleurs-adaptees-aux-pieces-de-la-maison\/","og_locale":"fr_FR","og_type":"article","og_title":"\u25b7\u25b7 Quelle Couleur pour Quelle Pi\u00e8ce de Votre Maison ? ? | atHome","og_description":"atHome vous aide \u00e0 d\u00e9finir la couleur id\u00e9ale pour chaque pi\u00e8ce de votre maison selon la nature et la fonction de la pi\u00e8ce en question.","og_url":"https:\/\/www.athome.lu\/blog\/mon-logement\/meuble-decoration\/quelles-sont-les-couleurs-adaptees-aux-pieces-de-la-maison\/","og_site_name":"atHome Blog","article_publisher":"https:\/\/www.facebook.com\/atHome.lu\/","article_published_time":"2015-09-17T10:38:45+00:00","article_modified_time":"2022-05-11T07:29:12+00:00","og_image":[{"width":1200,"height":907,"url":"https:\/\/www.athome.lu\/blog\/wp-content\/uploads\/2014\/07\/iStock_000020757342Medium.jpg","type":"image\/jpeg"}],"author":"Fanny Pimentel","twitter_card":"summary_large_image","twitter_title":"\u25b7\u25b7 Quelle Couleur pour Quelle Pi\u00e8ce de Votre Maison ? ? | atHome","twitter_description":"atHome vous aide \u00e0 d\u00e9finir la couleur id\u00e9ale pour chaque pi\u00e8ce de votre maison selon la nature et la fonction de la pi\u00e8ce en question.","twitter_creator":"@athomelu","twitter_site":"@athomelu","twitter_misc":{"\u00c9crit par":"Fanny Pimentel","Dur\u00e9e de lecture estim\u00e9e":"5 minutes"},"schema":{"@context":"https:\/\/schema.org","@graph":[{"@type":"Article","@id":"https:\/\/www.athome.lu\/blog\/mon-logement\/meuble-decoration\/quelles-sont-les-couleurs-adaptees-aux-pieces-de-la-maison\/#article","isPartOf":{"@id":"https:\/\/www.athome.lu\/blog\/mon-logement\/meuble-decoration\/quelles-sont-les-couleurs-adaptees-aux-pieces-de-la-maison\/"},"author":{"name":"Fanny Pimentel","@id":"https:\/\/www.athome.lu\/blog\/#\/schema\/person\/47f7a38089f837e792876ceddc4cb2dc"},"headline":"Quelles sont les couleurs adapt\u00e9es aux pi\u00e8ces de la maison\u00a0?","datePublished":"2015-09-17T10:38:45+00:00","dateModified":"2022-05-11T07:29:12+00:00","mainEntityOfPage":{"@id":"https:\/\/www.athome.lu\/blog\/mon-logement\/meuble-decoration\/quelles-sont-les-couleurs-adaptees-aux-pieces-de-la-maison\/"},"wordCount":1032,"image":{"@id":"https:\/\/www.athome.lu\/blog\/mon-logement\/meuble-decoration\/quelles-sont-les-couleurs-adaptees-aux-pieces-de-la-maison\/#primaryimage"},"thumbnailUrl":"https:\/\/www.athome.lu\/blog\/wp-content\/uploads\/2014\/07\/iStock_000020757342Medium.jpg","keywords":["D\u00e9coration","R\u00e9novation"],"articleSection":["Meubler et D\u00e9corer"],"inLanguage":"fr-FR"},{"@type":"WebPage","@id":"https:\/\/www.athome.lu\/blog\/mon-logement\/meuble-decoration\/quelles-sont-les-couleurs-adaptees-aux-pieces-de-la-maison\/","url":"https:\/\/www.athome.lu\/blog\/mon-logement\/meuble-decoration\/quelles-sont-les-couleurs-adaptees-aux-pieces-de-la-maison\/","name":"\u25b7\u25b7 Quelle Couleur pour Quelle Pi\u00e8ce de Votre Maison ? ? | atHome","isPartOf":{"@id":"https:\/\/www.athome.lu\/blog\/#website"},"primaryImageOfPage":{"@id":"https:\/\/www.athome.lu\/blog\/mon-logement\/meuble-decoration\/quelles-sont-les-couleurs-adaptees-aux-pieces-de-la-maison\/#primaryimage"},"image":{"@id":"https:\/\/www.athome.lu\/blog\/mon-logement\/meuble-decoration\/quelles-sont-les-couleurs-adaptees-aux-pieces-de-la-maison\/#primaryimage"},"thumbnailUrl":"https:\/\/www.athome.lu\/blog\/wp-content\/uploads\/2014\/07\/iStock_000020757342Medium.jpg","datePublished":"2015-09-17T10:38:45+00:00","dateModified":"2022-05-11T07:29:12+00:00","author":{"@id":"https:\/\/www.athome.lu\/blog\/#\/schema\/person\/47f7a38089f837e792876ceddc4cb2dc"},"description":"atHome vous aide \u00e0 d\u00e9finir la couleur id\u00e9ale pour chaque pi\u00e8ce de votre maison selon la nature et la fonction de la pi\u00e8ce en question.","breadcrumb":{"@id":"https:\/\/www.athome.lu\/blog\/mon-logement\/meuble-decoration\/quelles-sont-les-couleurs-adaptees-aux-pieces-de-la-maison\/#breadcrumb"},"inLanguage":"fr-FR","potentialAction":[{"@type":"ReadAction","target":["https:\/\/www.athome.lu\/blog\/mon-logement\/meuble-decoration\/quelles-sont-les-couleurs-adaptees-aux-pieces-de-la-maison\/"]}]},{"@type":"ImageObject","inLanguage":"fr-FR","@id":"https:\/\/www.athome.lu\/blog\/mon-logement\/meuble-decoration\/quelles-sont-les-couleurs-adaptees-aux-pieces-de-la-maison\/#primaryimage","url":"https:\/\/www.athome.lu\/blog\/wp-content\/uploads\/2014\/07\/iStock_000020757342Medium.jpg","contentUrl":"https:\/\/www.athome.lu\/blog\/wp-content\/uploads\/2014\/07\/iStock_000020757342Medium.jpg","width":1200,"height":907,"caption":"Bande de peinture sur mur blanc \u00e0 chaque pi\u00e8ce sa couleur"},{"@type":"BreadcrumbList","@id":"https:\/\/www.athome.lu\/blog\/mon-logement\/meuble-decoration\/quelles-sont-les-couleurs-adaptees-aux-pieces-de-la-maison\/#breadcrumb","itemListElement":[{"@type":"ListItem","position":1,"name":"Accueil","item":"https:\/\/www.athome.lu\/blog\/"},{"@type":"ListItem","position":2,"name":"Mon logement","item":"https:\/\/www.athome.lu\/blog\/de\/category\/mein-haus\/"},{"@type":"ListItem","position":3,"name":"Meubler et D\u00e9corer","item":"https:\/\/www.athome.lu\/blog\/de\/category\/mein-haus\/deko-mobel\/"},{"@type":"ListItem","position":4,"name":"Quelles sont les couleurs adapt\u00e9es aux pi\u00e8ces de la maison\u00a0?"}]},{"@type":"WebSite","@id":"https:\/\/www.athome.lu\/blog\/#website","url":"https:\/\/www.athome.lu\/blog\/","name":"atHome Blog","description":"Annonces immobili\u00e8res au Luxembourg. Le portail immobilier n\u00b01 au Luxembourg.","potentialAction":[{"@type":"SearchAction","target":{"@type":"EntryPoint","urlTemplate":"https:\/\/www.athome.lu\/blog\/?s={search_term_string}"},"query-input":{"@type":"PropertyValueSpecification","valueRequired":true,"valueName":"search_term_string"}}],"inLanguage":"fr-FR"},{"@type":"Person","@id":"https:\/\/www.athome.lu\/blog\/#\/schema\/person\/47f7a38089f837e792876ceddc4cb2dc","name":"Fanny Pimentel","image":{"@type":"ImageObject","inLanguage":"fr-FR","@id":"https:\/\/secure.gravatar.com\/avatar\/c60b27b93851dc9503f9cc9150e73dcb0a86ba6150657e5e4b11d988400bc633?s=96&d=mm&r=g","url":"https:\/\/secure.gravatar.com\/avatar\/c60b27b93851dc9503f9cc9150e73dcb0a86ba6150657e5e4b11d988400bc633?s=96&d=mm&r=g","contentUrl":"https:\/\/secure.gravatar.com\/avatar\/c60b27b93851dc9503f9cc9150e73dcb0a86ba6150657e5e4b11d988400bc633?s=96&d=mm&r=g","caption":"Fanny Pimentel"}}]}},"featured_media_src_url":"https:\/\/www.athome.lu\/blog\/wp-content\/uploads\/2014\/07\/iStock_000020757342Medium-1024x774.jpg","_links":{"self":[{"href":"https:\/\/www.athome.lu\/blog\/wp-json\/wp\/v2\/posts\/5969","targetHints":{"allow":["GET"]}}],"collection":[{"href":"https:\/\/www.athome.lu\/blog\/wp-json\/wp\/v2\/posts"}],"about":[{"href":"https:\/\/www.athome.lu\/blog\/wp-json\/wp\/v2\/types\/post"}],"author":[{"embeddable":true,"href":"https:\/\/www.athome.lu\/blog\/wp-json\/wp\/v2\/users\/17"}],"replies":[{"embeddable":true,"href":"https:\/\/www.athome.lu\/blog\/wp-json\/wp\/v2\/comments?post=5969"}],"version-history":[{"count":2,"href":"https:\/\/www.athome.lu\/blog\/wp-json\/wp\/v2\/posts\/5969\/revisions"}],"predecessor-version":[{"id":14803,"href":"https:\/\/www.athome.lu\/blog\/wp-json\/wp\/v2\/posts\/5969\/revisions\/14803"}],"wp:featuredmedia":[{"embeddable":true,"href":"https:\/\/www.athome.lu\/blog\/wp-json\/wp\/v2\/media\/7414"}],"wp:attachment":[{"href":"https:\/\/www.athome.lu\/blog\/wp-json\/wp\/v2\/media?parent=5969"}],"wp:term":[{"taxonomy":"category","embeddable":true,"href":"https:\/\/www.athome.lu\/blog\/wp-json\/wp\/v2\/categories?post=5969"},{"taxonomy":"post_tag","embeddable":true,"href":"https:\/\/www.athome.lu\/blog\/wp-json\/wp\/v2\/tags?post=5969"}],"curies":[{"name":"wp","href":"https:\/\/api.w.org\/{rel}","templated":true}]}}