{"id":5982,"date":"2014-07-22T14:21:06","date_gmt":"2014-07-22T13:21:06","guid":{"rendered":"https:\/\/www.athome.lu\/services\/conseils\/?p=5982"},"modified":"2022-05-11T09:16:54","modified_gmt":"2022-05-11T07:16:54","slug":"27-des-logements-sont-equipes-dun-systeme-dalarme","status":"publish","type":"post","link":"https:\/\/www.athome.lu\/blog\/mon-logement\/assurance\/27-des-logements-sont-equipes-dun-systeme-dalarme\/","title":{"rendered":"27% des logements sont \u00e9quip\u00e9s d\u2019un syst\u00e8me d'alarme"},"content":{"rendered":"\n<p>&nbsp;<\/p>\n\n\n\n<p><span style=\"color: #000000;\">En pleine p\u00e9riode estivale et \u00e0 l'heure des d\u00e9parts en vacances, la question du cambriolage et de la s\u00e9curit\u00e9 des habitations est dans tous les esprits.<\/span><\/p>\n\n\n\n<p><span style=\"color: #000000;\">Selon une \u00e9tude Statec, on apprend que 27% des logements luxembourgeois sont \u00e9quip\u00e9s d\u2019un syst\u00e8me d\u2019alarme et 57% d\u2019une porte dont la s\u00e9curit\u00e9 a \u00e9t\u00e9 renforc\u00e9e, avec une porte blind\u00e9e ou une serrure avec de multiples points d'ancrage par exemple.<\/span><\/p>\n\n\n\n<p><span style=\"color: #000000;\">La m\u00e9thode utilis\u00e9e pour prot\u00e9ger son logement d\u00e9pend du type de logement. Les maisons isol\u00e9es ou jumel\u00e9es sont plus souvent \u00e9quip\u00e9es aussi bien de syst\u00e8me d\u2019alarme que de portes de s\u00e9curit\u00e9 que les maisons mitoyennes et appartements.&nbsp;Appartements et studios disposent plus souvent d\u2019aucune mesure de s\u00e9curit\u00e9 que les maisons.<\/span><\/p>\n\n\n\n<p><span style=\"color: #000000;\">Un lien existe entre les revenus des m\u00e9nages et la pr\u00e9sence de dispositifs de s\u00e9curit\u00e9. Les m\u00e9nages avec les plus hauts revenus vivent dans des logements mieux prot\u00e9g\u00e9s que les m\u00e9nages \u00e0 revenus plus faibles. Il faut toutefois noter qu\u2019il existe une corr\u00e9lation entre le revenu du m\u00e9nage et son type de logement : les m\u00e9nages \u00e0 hauts revenus habitent plus souvent dans des maisons, ceux \u00e0 bas revenus dans des appartements ou studios.<\/span><\/p>\n\n\n<section id=\"section-3-14695\" class=\" ct-section\" ><div class=\"ct-section-inner-wrap\"><div id=\"div_block-4-14695\" class=\"ct-div-block\" ><div id=\"new_columns-7-14695\" class=\"ct-new-columns\" ><div id=\"div_block-8-14695\" class=\"ct-div-block\" ><div id=\"div_block-14-14695\" class=\"ct-div-block\" ><\/div><\/div><div id=\"div_block-9-14695\" class=\"ct-div-block\" ><h1 id=\"headline-11-14695\" class=\"ct-headline\">Quels sont les prix de l'immobilier en ce moment ?<\/h1><div id=\"text_block-12-14695\" class=\"ct-text-block\" >Les prix ralentissent. Les taux d'int\u00e9r\u00eat augmentent. Quelles tendances pour les mois \u00e0 venir ?<\/div><a id=\"link_button-13-14695\" class=\"ct-link-button\" href=\"https:\/\/www.athome.lu\/blog\/blog\/marche-immobilier\/prix\/tendances-2022\/\" target=\"_blank\"  >Lire l'analyse<\/a><\/div><\/div><\/div><\/div><\/section>\n\n\n<p>Source: Statec<\/p>\n","protected":false},"excerpt":{"rendered":"<p>&nbsp; En pleine p\u00e9riode estivale et \u00e0 l'heure des d\u00e9parts en vacances, la question du cambriolage et de la s\u00e9curit\u00e9 des habitations est dans tous les esprits. Selon une \u00e9tude Statec, on apprend que 27% des logements luxembourgeois sont \u00e9quip\u00e9s d\u2019un syst\u00e8me d\u2019alarme et 57% d\u2019une porte dont la s\u00e9curit\u00e9 a \u00e9t\u00e9 renforc\u00e9e, avec une [&hellip;]<\/p>\n","protected":false},"author":17,"featured_media":6889,"comment_status":"closed","ping_status":"open","sticky":false,"template":"","format":"standard","meta":{"_acf_changed":false,"footnotes":""},"categories":[204],"tags":[58,92],"class_list":["post-5982","post","type-post","status-publish","format-standard","has-post-thumbnail","hentry","category-assurance","tag-assurance-habitation","tag-securiser"],"acf":[],"yoast_head":"<!-- This site is optimized with the Yoast SEO plugin v27.4 - https:\/\/yoast.com\/product\/yoast-seo-wordpress\/ -->\n<title>27% des logements sont \u00e9quip\u00e9s d\u2019un syst\u00e8me d&#039;alarme - atHome Blog<\/title>\n<meta name=\"robots\" content=\"index, follow, max-snippet:-1, max-image-preview:large, max-video-preview:-1\" \/>\n<link rel=\"canonical\" href=\"https:\/\/www.athome.lu\/blog\/mon-logement\/assurance\/27-des-logements-sont-equipes-dun-systeme-dalarme\/\" \/>\n<meta property=\"og:locale\" content=\"fr_FR\" \/>\n<meta property=\"og:type\" content=\"article\" \/>\n<meta property=\"og:title\" content=\"27% des logements sont \u00e9quip\u00e9s d\u2019un syst\u00e8me d&#039;alarme - atHome Blog\" \/>\n<meta property=\"og:description\" content=\"&nbsp; En pleine p\u00e9riode estivale et \u00e0 l&#039;heure des d\u00e9parts en vacances, la question du cambriolage et de la s\u00e9curit\u00e9 des habitations est dans tous les esprits. Selon une \u00e9tude Statec, on apprend que 27% des logements luxembourgeois sont \u00e9quip\u00e9s d\u2019un syst\u00e8me d\u2019alarme et 57% d\u2019une porte dont la s\u00e9curit\u00e9 a \u00e9t\u00e9 renforc\u00e9e, avec une [&hellip;]\" \/>\n<meta property=\"og:url\" content=\"https:\/\/www.athome.lu\/blog\/mon-logement\/assurance\/27-des-logements-sont-equipes-dun-systeme-dalarme\/\" \/>\n<meta property=\"og:site_name\" content=\"atHome Blog\" \/>\n<meta property=\"article:publisher\" content=\"https:\/\/www.facebook.com\/atHome.lu\/\" \/>\n<meta property=\"article:published_time\" content=\"2014-07-22T13:21:06+00:00\" \/>\n<meta property=\"article:modified_time\" content=\"2022-05-11T07:16:54+00:00\" \/>\n<meta property=\"og:image\" content=\"https:\/\/www.athome.lu\/blog\/wp-content\/uploads\/2015\/10\/finance.jpg\" \/>\n\t<meta property=\"og:image:width\" content=\"849\" \/>\n\t<meta property=\"og:image:height\" content=\"565\" \/>\n\t<meta property=\"og:image:type\" content=\"image\/jpeg\" \/>\n<meta name=\"author\" content=\"Fanny Pimentel\" \/>\n<meta name=\"twitter:card\" content=\"summary_large_image\" \/>\n<meta name=\"twitter:creator\" content=\"@athomelu\" \/>\n<meta name=\"twitter:site\" content=\"@athomelu\" \/>\n<meta name=\"twitter:label1\" content=\"\u00c9crit par\" \/>\n\t<meta name=\"twitter:data1\" content=\"Fanny Pimentel\" \/>\n\t<meta name=\"twitter:label2\" content=\"Dur\u00e9e de lecture estim\u00e9e\" \/>\n\t<meta name=\"twitter:data2\" content=\"1 minute\" \/>\n<script type=\"application\/ld+json\" class=\"yoast-schema-graph\">{\"@context\":\"https:\\\/\\\/schema.org\",\"@graph\":[{\"@type\":\"Article\",\"@id\":\"https:\\\/\\\/www.athome.lu\\\/blog\\\/mon-logement\\\/assurance\\\/27-des-logements-sont-equipes-dun-systeme-dalarme\\\/#article\",\"isPartOf\":{\"@id\":\"https:\\\/\\\/www.athome.lu\\\/blog\\\/mon-logement\\\/assurance\\\/27-des-logements-sont-equipes-dun-systeme-dalarme\\\/\"},\"author\":{\"name\":\"Fanny Pimentel\",\"@id\":\"https:\\\/\\\/www.athome.lu\\\/blog\\\/#\\\/schema\\\/person\\\/47f7a38089f837e792876ceddc4cb2dc\"},\"headline\":\"27% des logements sont \u00e9quip\u00e9s d\u2019un syst\u00e8me d'alarme\",\"datePublished\":\"2014-07-22T13:21:06+00:00\",\"dateModified\":\"2022-05-11T07:16:54+00:00\",\"mainEntityOfPage\":{\"@id\":\"https:\\\/\\\/www.athome.lu\\\/blog\\\/mon-logement\\\/assurance\\\/27-des-logements-sont-equipes-dun-systeme-dalarme\\\/\"},\"wordCount\":231,\"image\":{\"@id\":\"https:\\\/\\\/www.athome.lu\\\/blog\\\/mon-logement\\\/assurance\\\/27-des-logements-sont-equipes-dun-systeme-dalarme\\\/#primaryimage\"},\"thumbnailUrl\":\"https:\\\/\\\/www.athome.lu\\\/blog\\\/wp-content\\\/uploads\\\/2015\\\/10\\\/finance.jpg\",\"keywords\":[\"Assurance habitation\",\"S\u00e9curiser\"],\"articleSection\":[\"Assurance\"],\"inLanguage\":\"fr-FR\"},{\"@type\":\"WebPage\",\"@id\":\"https:\\\/\\\/www.athome.lu\\\/blog\\\/mon-logement\\\/assurance\\\/27-des-logements-sont-equipes-dun-systeme-dalarme\\\/\",\"url\":\"https:\\\/\\\/www.athome.lu\\\/blog\\\/mon-logement\\\/assurance\\\/27-des-logements-sont-equipes-dun-systeme-dalarme\\\/\",\"name\":\"27% des logements sont \u00e9quip\u00e9s d\u2019un syst\u00e8me d'alarme - atHome Blog\",\"isPartOf\":{\"@id\":\"https:\\\/\\\/www.athome.lu\\\/blog\\\/#website\"},\"primaryImageOfPage\":{\"@id\":\"https:\\\/\\\/www.athome.lu\\\/blog\\\/mon-logement\\\/assurance\\\/27-des-logements-sont-equipes-dun-systeme-dalarme\\\/#primaryimage\"},\"image\":{\"@id\":\"https:\\\/\\\/www.athome.lu\\\/blog\\\/mon-logement\\\/assurance\\\/27-des-logements-sont-equipes-dun-systeme-dalarme\\\/#primaryimage\"},\"thumbnailUrl\":\"https:\\\/\\\/www.athome.lu\\\/blog\\\/wp-content\\\/uploads\\\/2015\\\/10\\\/finance.jpg\",\"datePublished\":\"2014-07-22T13:21:06+00:00\",\"dateModified\":\"2022-05-11T07:16:54+00:00\",\"author\":{\"@id\":\"https:\\\/\\\/www.athome.lu\\\/blog\\\/#\\\/schema\\\/person\\\/47f7a38089f837e792876ceddc4cb2dc\"},\"breadcrumb\":{\"@id\":\"https:\\\/\\\/www.athome.lu\\\/blog\\\/mon-logement\\\/assurance\\\/27-des-logements-sont-equipes-dun-systeme-dalarme\\\/#breadcrumb\"},\"inLanguage\":\"fr-FR\",\"potentialAction\":[{\"@type\":\"ReadAction\",\"target\":[\"https:\\\/\\\/www.athome.lu\\\/blog\\\/mon-logement\\\/assurance\\\/27-des-logements-sont-equipes-dun-systeme-dalarme\\\/\"]}]},{\"@type\":\"ImageObject\",\"inLanguage\":\"fr-FR\",\"@id\":\"https:\\\/\\\/www.athome.lu\\\/blog\\\/mon-logement\\\/assurance\\\/27-des-logements-sont-equipes-dun-systeme-dalarme\\\/#primaryimage\",\"url\":\"https:\\\/\\\/www.athome.lu\\\/blog\\\/wp-content\\\/uploads\\\/2015\\\/10\\\/finance.jpg\",\"contentUrl\":\"https:\\\/\\\/www.athome.lu\\\/blog\\\/wp-content\\\/uploads\\\/2015\\\/10\\\/finance.jpg\",\"width\":849,\"height\":565,\"caption\":\"Femme devant son ordinateur\"},{\"@type\":\"BreadcrumbList\",\"@id\":\"https:\\\/\\\/www.athome.lu\\\/blog\\\/mon-logement\\\/assurance\\\/27-des-logements-sont-equipes-dun-systeme-dalarme\\\/#breadcrumb\",\"itemListElement\":[{\"@type\":\"ListItem\",\"position\":1,\"name\":\"Accueil\",\"item\":\"https:\\\/\\\/www.athome.lu\\\/blog\\\/\"},{\"@type\":\"ListItem\",\"position\":2,\"name\":\"Mon logement\",\"item\":\"https:\\\/\\\/www.athome.lu\\\/blog\\\/de\\\/category\\\/mein-haus\\\/\"},{\"@type\":\"ListItem\",\"position\":3,\"name\":\"Assurance\",\"item\":\"https:\\\/\\\/www.athome.lu\\\/blog\\\/category\\\/mon-logement\\\/assurance\\\/\"},{\"@type\":\"ListItem\",\"position\":4,\"name\":\"27% des logements sont \u00e9quip\u00e9s d\u2019un syst\u00e8me d'alarme\"}]},{\"@type\":\"WebSite\",\"@id\":\"https:\\\/\\\/www.athome.lu\\\/blog\\\/#website\",\"url\":\"https:\\\/\\\/www.athome.lu\\\/blog\\\/\",\"name\":\"atHome Blog\",\"description\":\"Annonces immobili\u00e8res au Luxembourg. Le portail immobilier n\u00b01 au Luxembourg.\",\"potentialAction\":[{\"@type\":\"SearchAction\",\"target\":{\"@type\":\"EntryPoint\",\"urlTemplate\":\"https:\\\/\\\/www.athome.lu\\\/blog\\\/?s={search_term_string}\"},\"query-input\":{\"@type\":\"PropertyValueSpecification\",\"valueRequired\":true,\"valueName\":\"search_term_string\"}}],\"inLanguage\":\"fr-FR\"},{\"@type\":\"Person\",\"@id\":\"https:\\\/\\\/www.athome.lu\\\/blog\\\/#\\\/schema\\\/person\\\/47f7a38089f837e792876ceddc4cb2dc\",\"name\":\"Fanny Pimentel\",\"image\":{\"@type\":\"ImageObject\",\"inLanguage\":\"fr-FR\",\"@id\":\"https:\\\/\\\/secure.gravatar.com\\\/avatar\\\/c60b27b93851dc9503f9cc9150e73dcb0a86ba6150657e5e4b11d988400bc633?s=96&d=mm&r=g\",\"url\":\"https:\\\/\\\/secure.gravatar.com\\\/avatar\\\/c60b27b93851dc9503f9cc9150e73dcb0a86ba6150657e5e4b11d988400bc633?s=96&d=mm&r=g\",\"contentUrl\":\"https:\\\/\\\/secure.gravatar.com\\\/avatar\\\/c60b27b93851dc9503f9cc9150e73dcb0a86ba6150657e5e4b11d988400bc633?s=96&d=mm&r=g\",\"caption\":\"Fanny Pimentel\"}}]}<\/script>\n<!-- \/ Yoast SEO plugin. -->","yoast_head_json":{"title":"27% des logements sont \u00e9quip\u00e9s d\u2019un syst\u00e8me d'alarme - atHome Blog","robots":{"index":"index","follow":"follow","max-snippet":"max-snippet:-1","max-image-preview":"max-image-preview:large","max-video-preview":"max-video-preview:-1"},"canonical":"https:\/\/www.athome.lu\/blog\/mon-logement\/assurance\/27-des-logements-sont-equipes-dun-systeme-dalarme\/","og_locale":"fr_FR","og_type":"article","og_title":"27% des logements sont \u00e9quip\u00e9s d\u2019un syst\u00e8me d'alarme - atHome Blog","og_description":"&nbsp; En pleine p\u00e9riode estivale et \u00e0 l'heure des d\u00e9parts en vacances, la question du cambriolage et de la s\u00e9curit\u00e9 des habitations est dans tous les esprits. Selon une \u00e9tude Statec, on apprend que 27% des logements luxembourgeois sont \u00e9quip\u00e9s d\u2019un syst\u00e8me d\u2019alarme et 57% d\u2019une porte dont la s\u00e9curit\u00e9 a \u00e9t\u00e9 renforc\u00e9e, avec une [&hellip;]","og_url":"https:\/\/www.athome.lu\/blog\/mon-logement\/assurance\/27-des-logements-sont-equipes-dun-systeme-dalarme\/","og_site_name":"atHome Blog","article_publisher":"https:\/\/www.facebook.com\/atHome.lu\/","article_published_time":"2014-07-22T13:21:06+00:00","article_modified_time":"2022-05-11T07:16:54+00:00","og_image":[{"width":849,"height":565,"url":"https:\/\/www.athome.lu\/blog\/wp-content\/uploads\/2015\/10\/finance.jpg","type":"image\/jpeg"}],"author":"Fanny Pimentel","twitter_card":"summary_large_image","twitter_creator":"@athomelu","twitter_site":"@athomelu","twitter_misc":{"\u00c9crit par":"Fanny Pimentel","Dur\u00e9e de lecture estim\u00e9e":"1 minute"},"schema":{"@context":"https:\/\/schema.org","@graph":[{"@type":"Article","@id":"https:\/\/www.athome.lu\/blog\/mon-logement\/assurance\/27-des-logements-sont-equipes-dun-systeme-dalarme\/#article","isPartOf":{"@id":"https:\/\/www.athome.lu\/blog\/mon-logement\/assurance\/27-des-logements-sont-equipes-dun-systeme-dalarme\/"},"author":{"name":"Fanny Pimentel","@id":"https:\/\/www.athome.lu\/blog\/#\/schema\/person\/47f7a38089f837e792876ceddc4cb2dc"},"headline":"27% des logements sont \u00e9quip\u00e9s d\u2019un syst\u00e8me d'alarme","datePublished":"2014-07-22T13:21:06+00:00","dateModified":"2022-05-11T07:16:54+00:00","mainEntityOfPage":{"@id":"https:\/\/www.athome.lu\/blog\/mon-logement\/assurance\/27-des-logements-sont-equipes-dun-systeme-dalarme\/"},"wordCount":231,"image":{"@id":"https:\/\/www.athome.lu\/blog\/mon-logement\/assurance\/27-des-logements-sont-equipes-dun-systeme-dalarme\/#primaryimage"},"thumbnailUrl":"https:\/\/www.athome.lu\/blog\/wp-content\/uploads\/2015\/10\/finance.jpg","keywords":["Assurance habitation","S\u00e9curiser"],"articleSection":["Assurance"],"inLanguage":"fr-FR"},{"@type":"WebPage","@id":"https:\/\/www.athome.lu\/blog\/mon-logement\/assurance\/27-des-logements-sont-equipes-dun-systeme-dalarme\/","url":"https:\/\/www.athome.lu\/blog\/mon-logement\/assurance\/27-des-logements-sont-equipes-dun-systeme-dalarme\/","name":"27% des logements sont \u00e9quip\u00e9s d\u2019un syst\u00e8me d'alarme - atHome Blog","isPartOf":{"@id":"https:\/\/www.athome.lu\/blog\/#website"},"primaryImageOfPage":{"@id":"https:\/\/www.athome.lu\/blog\/mon-logement\/assurance\/27-des-logements-sont-equipes-dun-systeme-dalarme\/#primaryimage"},"image":{"@id":"https:\/\/www.athome.lu\/blog\/mon-logement\/assurance\/27-des-logements-sont-equipes-dun-systeme-dalarme\/#primaryimage"},"thumbnailUrl":"https:\/\/www.athome.lu\/blog\/wp-content\/uploads\/2015\/10\/finance.jpg","datePublished":"2014-07-22T13:21:06+00:00","dateModified":"2022-05-11T07:16:54+00:00","author":{"@id":"https:\/\/www.athome.lu\/blog\/#\/schema\/person\/47f7a38089f837e792876ceddc4cb2dc"},"breadcrumb":{"@id":"https:\/\/www.athome.lu\/blog\/mon-logement\/assurance\/27-des-logements-sont-equipes-dun-systeme-dalarme\/#breadcrumb"},"inLanguage":"fr-FR","potentialAction":[{"@type":"ReadAction","target":["https:\/\/www.athome.lu\/blog\/mon-logement\/assurance\/27-des-logements-sont-equipes-dun-systeme-dalarme\/"]}]},{"@type":"ImageObject","inLanguage":"fr-FR","@id":"https:\/\/www.athome.lu\/blog\/mon-logement\/assurance\/27-des-logements-sont-equipes-dun-systeme-dalarme\/#primaryimage","url":"https:\/\/www.athome.lu\/blog\/wp-content\/uploads\/2015\/10\/finance.jpg","contentUrl":"https:\/\/www.athome.lu\/blog\/wp-content\/uploads\/2015\/10\/finance.jpg","width":849,"height":565,"caption":"Femme devant son ordinateur"},{"@type":"BreadcrumbList","@id":"https:\/\/www.athome.lu\/blog\/mon-logement\/assurance\/27-des-logements-sont-equipes-dun-systeme-dalarme\/#breadcrumb","itemListElement":[{"@type":"ListItem","position":1,"name":"Accueil","item":"https:\/\/www.athome.lu\/blog\/"},{"@type":"ListItem","position":2,"name":"Mon logement","item":"https:\/\/www.athome.lu\/blog\/de\/category\/mein-haus\/"},{"@type":"ListItem","position":3,"name":"Assurance","item":"https:\/\/www.athome.lu\/blog\/category\/mon-logement\/assurance\/"},{"@type":"ListItem","position":4,"name":"27% des logements sont \u00e9quip\u00e9s d\u2019un syst\u00e8me d'alarme"}]},{"@type":"WebSite","@id":"https:\/\/www.athome.lu\/blog\/#website","url":"https:\/\/www.athome.lu\/blog\/","name":"atHome Blog","description":"Annonces immobili\u00e8res au Luxembourg. Le portail immobilier n\u00b01 au Luxembourg.","potentialAction":[{"@type":"SearchAction","target":{"@type":"EntryPoint","urlTemplate":"https:\/\/www.athome.lu\/blog\/?s={search_term_string}"},"query-input":{"@type":"PropertyValueSpecification","valueRequired":true,"valueName":"search_term_string"}}],"inLanguage":"fr-FR"},{"@type":"Person","@id":"https:\/\/www.athome.lu\/blog\/#\/schema\/person\/47f7a38089f837e792876ceddc4cb2dc","name":"Fanny Pimentel","image":{"@type":"ImageObject","inLanguage":"fr-FR","@id":"https:\/\/secure.gravatar.com\/avatar\/c60b27b93851dc9503f9cc9150e73dcb0a86ba6150657e5e4b11d988400bc633?s=96&d=mm&r=g","url":"https:\/\/secure.gravatar.com\/avatar\/c60b27b93851dc9503f9cc9150e73dcb0a86ba6150657e5e4b11d988400bc633?s=96&d=mm&r=g","contentUrl":"https:\/\/secure.gravatar.com\/avatar\/c60b27b93851dc9503f9cc9150e73dcb0a86ba6150657e5e4b11d988400bc633?s=96&d=mm&r=g","caption":"Fanny Pimentel"}}]}},"featured_media_src_url":"https:\/\/www.athome.lu\/blog\/wp-content\/uploads\/2015\/10\/finance.jpg","_links":{"self":[{"href":"https:\/\/www.athome.lu\/blog\/wp-json\/wp\/v2\/posts\/5982","targetHints":{"allow":["GET"]}}],"collection":[{"href":"https:\/\/www.athome.lu\/blog\/wp-json\/wp\/v2\/posts"}],"about":[{"href":"https:\/\/www.athome.lu\/blog\/wp-json\/wp\/v2\/types\/post"}],"author":[{"embeddable":true,"href":"https:\/\/www.athome.lu\/blog\/wp-json\/wp\/v2\/users\/17"}],"replies":[{"embeddable":true,"href":"https:\/\/www.athome.lu\/blog\/wp-json\/wp\/v2\/comments?post=5982"}],"version-history":[{"count":2,"href":"https:\/\/www.athome.lu\/blog\/wp-json\/wp\/v2\/posts\/5982\/revisions"}],"predecessor-version":[{"id":14777,"href":"https:\/\/www.athome.lu\/blog\/wp-json\/wp\/v2\/posts\/5982\/revisions\/14777"}],"wp:featuredmedia":[{"embeddable":true,"href":"https:\/\/www.athome.lu\/blog\/wp-json\/wp\/v2\/media\/6889"}],"wp:attachment":[{"href":"https:\/\/www.athome.lu\/blog\/wp-json\/wp\/v2\/media?parent=5982"}],"wp:term":[{"taxonomy":"category","embeddable":true,"href":"https:\/\/www.athome.lu\/blog\/wp-json\/wp\/v2\/categories?post=5982"},{"taxonomy":"post_tag","embeddable":true,"href":"https:\/\/www.athome.lu\/blog\/wp-json\/wp\/v2\/tags?post=5982"}],"curies":[{"name":"wp","href":"https:\/\/api.w.org\/{rel}","templated":true}]}}