{"id":6148,"date":"2015-01-06T16:59:03","date_gmt":"2015-01-06T15:59:03","guid":{"rendered":"https:\/\/www.athome.lu\/services\/conseils\/?p=6148"},"modified":"2022-05-11T09:23:34","modified_gmt":"2022-05-11T07:23:34","slug":"tva-quelle-augmentation-pour-limmobilier","status":"publish","type":"post","link":"https:\/\/www.athome.lu\/blog\/mon-logement\/astuces-mon-logement\/tva-quelle-augmentation-pour-limmobilier\/","title":{"rendered":"TVA\u00a0: Quelle augmentation pour l\u2019immobilier\u00a0?"},"content":{"rendered":"<p style=\"text-align: justify;\"><span style=\"color: #000000;\">Depuis le 1<sup>er<\/sup> janvier 2015, la TVA au Luxembourg a augment\u00e9. Cela concerne le\u00a0taux normal, le\u00a0taux r\u00e9duit\u00a0ainsi que le\u00a0taux interm\u00e9diaire, qui passeront respectivement de 15 \u00e0 17%, de 6 \u00e0 8% et de 12 \u00e0 14 %,<\/span><\/p>\n<p style=\"text-align: justify;\"><span style=\"color: #000000;\">Le\u00a0<strong>taux super-r\u00e9duit<\/strong> de 3 %\u00a0sera uniquement r\u00e9serv\u00e9 \u00e0 l\u2019acquisition d\u2019un bien neuf destin\u00e9 \u00e0 l\u2019usage personnel c\u2019est-\u00e0-dire pour l\u2019achat de sa <strong>r\u00e9sidence principale<\/strong>, ainsi qu\u2019\u00e0 la <strong>r\u00e9novation des logements<\/strong>, m\u00eame ceux mis \u00e0 disposition de tiers (location).<\/span><\/p>\n<p style=\"text-align: justify;\"><span style=\"color: #000000;\">Par contre, <strong>pour les investisseurs<\/strong> qui\u00a0ach\u00e8tent un logement \u00e0 d\u2019autres fins que l\u2019usage personnel\u00a0(par exemple de la\u00a0location), <strong>le taux passe \u00e0\u00a017 %<\/strong> (contre 3% auparavant).<\/span><\/p>\n<p style=\"text-align: justify;\"><span style=\"color: #000000;\">Une\u00a0mesure transitoire\u00a0est cependant pr\u00e9vue pour les demandes d\u2019application du taux super-r\u00e9duit pour les travaux de construction d\u2019un logement non destin\u00e9 \u00e0 usage personnel qui ont \u00e9t\u00e9 introduites avant le 1<sup>er<\/sup>\u00a0janvier 2015\u00a0: le taux super-r\u00e9duit sera maintenu pour ces travaux jusqu\u2019au\u00a031 d\u00e9cembre 2016.<\/span><\/p>\n","protected":false},"excerpt":{"rendered":"<p>Depuis le 1er janvier 2015, la TVA au Luxembourg a augment\u00e9. Cela concerne le\u00a0taux normal, le\u00a0taux r\u00e9duit\u00a0ainsi que le\u00a0taux interm\u00e9diaire, qui passeront respectivement de 15 \u00e0 17%, de 6 \u00e0 8% et de 12 \u00e0 14 %, Le\u00a0taux super-r\u00e9duit de 3 %\u00a0sera uniquement r\u00e9serv\u00e9 \u00e0 l\u2019acquisition d\u2019un bien neuf destin\u00e9 \u00e0 l\u2019usage personnel c\u2019est-\u00e0-dire pour [&hellip;]<\/p>\n","protected":false},"author":17,"featured_media":7062,"comment_status":"closed","ping_status":"open","sticky":false,"template":"","format":"standard","meta":{"_acf_changed":false,"footnotes":""},"categories":[212],"tags":[30,31,32],"class_list":["post-6148","post","type-post","status-publish","format-standard","has-post-thumbnail","hentry","category-astuces-mon-logement","tag-achat","tag-neuf","tag-prix"],"acf":[],"yoast_head":"<!-- This site is optimized with the Yoast SEO plugin v27.4 - https:\/\/yoast.com\/product\/yoast-seo-wordpress\/ -->\n<title>TVA\u00a0: Quelle augmentation pour l\u2019immobilier\u00a0? - atHome Blog<\/title>\n<meta name=\"robots\" content=\"index, follow, max-snippet:-1, max-image-preview:large, max-video-preview:-1\" \/>\n<link rel=\"canonical\" href=\"https:\/\/www.athome.lu\/blog\/mon-logement\/astuces-mon-logement\/tva-quelle-augmentation-pour-limmobilier\/\" \/>\n<meta property=\"og:locale\" content=\"fr_FR\" \/>\n<meta property=\"og:type\" content=\"article\" \/>\n<meta property=\"og:title\" content=\"TVA\u00a0: Quelle augmentation pour l\u2019immobilier\u00a0? - atHome Blog\" \/>\n<meta property=\"og:description\" content=\"Depuis le 1er janvier 2015, la TVA au Luxembourg a augment\u00e9. Cela concerne le\u00a0taux normal, le\u00a0taux r\u00e9duit\u00a0ainsi que le\u00a0taux interm\u00e9diaire, qui passeront respectivement de 15 \u00e0 17%, de 6 \u00e0 8% et de 12 \u00e0 14 %, Le\u00a0taux super-r\u00e9duit de 3 %\u00a0sera uniquement r\u00e9serv\u00e9 \u00e0 l\u2019acquisition d\u2019un bien neuf destin\u00e9 \u00e0 l\u2019usage personnel c\u2019est-\u00e0-dire pour [&hellip;]\" \/>\n<meta property=\"og:url\" content=\"https:\/\/www.athome.lu\/blog\/mon-logement\/astuces-mon-logement\/tva-quelle-augmentation-pour-limmobilier\/\" \/>\n<meta property=\"og:site_name\" content=\"atHome Blog\" \/>\n<meta property=\"article:publisher\" content=\"https:\/\/www.facebook.com\/atHome.lu\/\" \/>\n<meta property=\"article:published_time\" content=\"2015-01-06T15:59:03+00:00\" \/>\n<meta property=\"article:modified_time\" content=\"2022-05-11T07:23:34+00:00\" \/>\n<meta property=\"og:image\" content=\"https:\/\/www.athome.lu\/blog\/wp-content\/uploads\/2015\/10\/marche-immo_2.jpg\" \/>\n\t<meta property=\"og:image:width\" content=\"2500\" \/>\n\t<meta property=\"og:image:height\" content=\"1871\" \/>\n\t<meta property=\"og:image:type\" content=\"image\/jpeg\" \/>\n<meta name=\"author\" content=\"Fanny Pimentel\" \/>\n<meta name=\"twitter:card\" content=\"summary_large_image\" \/>\n<meta name=\"twitter:creator\" content=\"@athomelu\" \/>\n<meta name=\"twitter:site\" content=\"@athomelu\" \/>\n<meta name=\"twitter:label1\" content=\"\u00c9crit par\" \/>\n\t<meta name=\"twitter:data1\" content=\"Fanny Pimentel\" \/>\n\t<meta name=\"twitter:label2\" content=\"Dur\u00e9e de lecture estim\u00e9e\" \/>\n\t<meta name=\"twitter:data2\" content=\"1 minute\" \/>\n<script type=\"application\/ld+json\" class=\"yoast-schema-graph\">{\"@context\":\"https:\\\/\\\/schema.org\",\"@graph\":[{\"@type\":\"Article\",\"@id\":\"https:\\\/\\\/www.athome.lu\\\/blog\\\/mon-logement\\\/astuces-mon-logement\\\/tva-quelle-augmentation-pour-limmobilier\\\/#article\",\"isPartOf\":{\"@id\":\"https:\\\/\\\/www.athome.lu\\\/blog\\\/mon-logement\\\/astuces-mon-logement\\\/tva-quelle-augmentation-pour-limmobilier\\\/\"},\"author\":{\"name\":\"Fanny Pimentel\",\"@id\":\"https:\\\/\\\/www.athome.lu\\\/blog\\\/#\\\/schema\\\/person\\\/47f7a38089f837e792876ceddc4cb2dc\"},\"headline\":\"TVA\u00a0: Quelle augmentation pour l\u2019immobilier\u00a0?\",\"datePublished\":\"2015-01-06T15:59:03+00:00\",\"dateModified\":\"2022-05-11T07:23:34+00:00\",\"mainEntityOfPage\":{\"@id\":\"https:\\\/\\\/www.athome.lu\\\/blog\\\/mon-logement\\\/astuces-mon-logement\\\/tva-quelle-augmentation-pour-limmobilier\\\/\"},\"wordCount\":159,\"image\":{\"@id\":\"https:\\\/\\\/www.athome.lu\\\/blog\\\/mon-logement\\\/astuces-mon-logement\\\/tva-quelle-augmentation-pour-limmobilier\\\/#primaryimage\"},\"thumbnailUrl\":\"https:\\\/\\\/www.athome.lu\\\/blog\\\/wp-content\\\/uploads\\\/2015\\\/10\\\/marche-immo_2.jpg\",\"keywords\":[\"Achat\",\"Neuf\",\"Prix\"],\"articleSection\":[\"Astuces\"],\"inLanguage\":\"fr-FR\"},{\"@type\":\"WebPage\",\"@id\":\"https:\\\/\\\/www.athome.lu\\\/blog\\\/mon-logement\\\/astuces-mon-logement\\\/tva-quelle-augmentation-pour-limmobilier\\\/\",\"url\":\"https:\\\/\\\/www.athome.lu\\\/blog\\\/mon-logement\\\/astuces-mon-logement\\\/tva-quelle-augmentation-pour-limmobilier\\\/\",\"name\":\"TVA\u00a0: Quelle augmentation pour l\u2019immobilier\u00a0? - atHome Blog\",\"isPartOf\":{\"@id\":\"https:\\\/\\\/www.athome.lu\\\/blog\\\/#website\"},\"primaryImageOfPage\":{\"@id\":\"https:\\\/\\\/www.athome.lu\\\/blog\\\/mon-logement\\\/astuces-mon-logement\\\/tva-quelle-augmentation-pour-limmobilier\\\/#primaryimage\"},\"image\":{\"@id\":\"https:\\\/\\\/www.athome.lu\\\/blog\\\/mon-logement\\\/astuces-mon-logement\\\/tva-quelle-augmentation-pour-limmobilier\\\/#primaryimage\"},\"thumbnailUrl\":\"https:\\\/\\\/www.athome.lu\\\/blog\\\/wp-content\\\/uploads\\\/2015\\\/10\\\/marche-immo_2.jpg\",\"datePublished\":\"2015-01-06T15:59:03+00:00\",\"dateModified\":\"2022-05-11T07:23:34+00:00\",\"author\":{\"@id\":\"https:\\\/\\\/www.athome.lu\\\/blog\\\/#\\\/schema\\\/person\\\/47f7a38089f837e792876ceddc4cb2dc\"},\"breadcrumb\":{\"@id\":\"https:\\\/\\\/www.athome.lu\\\/blog\\\/mon-logement\\\/astuces-mon-logement\\\/tva-quelle-augmentation-pour-limmobilier\\\/#breadcrumb\"},\"inLanguage\":\"fr-FR\",\"potentialAction\":[{\"@type\":\"ReadAction\",\"target\":[\"https:\\\/\\\/www.athome.lu\\\/blog\\\/mon-logement\\\/astuces-mon-logement\\\/tva-quelle-augmentation-pour-limmobilier\\\/\"]}]},{\"@type\":\"ImageObject\",\"inLanguage\":\"fr-FR\",\"@id\":\"https:\\\/\\\/www.athome.lu\\\/blog\\\/mon-logement\\\/astuces-mon-logement\\\/tva-quelle-augmentation-pour-limmobilier\\\/#primaryimage\",\"url\":\"https:\\\/\\\/www.athome.lu\\\/blog\\\/wp-content\\\/uploads\\\/2015\\\/10\\\/marche-immo_2.jpg\",\"contentUrl\":\"https:\\\/\\\/www.athome.lu\\\/blog\\\/wp-content\\\/uploads\\\/2015\\\/10\\\/marche-immo_2.jpg\",\"width\":2500,\"height\":1871,\"caption\":\"Couple devant leur maison\"},{\"@type\":\"BreadcrumbList\",\"@id\":\"https:\\\/\\\/www.athome.lu\\\/blog\\\/mon-logement\\\/astuces-mon-logement\\\/tva-quelle-augmentation-pour-limmobilier\\\/#breadcrumb\",\"itemListElement\":[{\"@type\":\"ListItem\",\"position\":1,\"name\":\"Accueil\",\"item\":\"https:\\\/\\\/www.athome.lu\\\/blog\\\/\"},{\"@type\":\"ListItem\",\"position\":2,\"name\":\"Mon logement\",\"item\":\"https:\\\/\\\/www.athome.lu\\\/blog\\\/de\\\/category\\\/mein-haus\\\/\"},{\"@type\":\"ListItem\",\"position\":3,\"name\":\"Astuces\",\"item\":\"https:\\\/\\\/www.athome.lu\\\/blog\\\/category\\\/mon-logement\\\/astuces-mon-logement\\\/\"},{\"@type\":\"ListItem\",\"position\":4,\"name\":\"TVA\u00a0: Quelle augmentation pour l\u2019immobilier\u00a0?\"}]},{\"@type\":\"WebSite\",\"@id\":\"https:\\\/\\\/www.athome.lu\\\/blog\\\/#website\",\"url\":\"https:\\\/\\\/www.athome.lu\\\/blog\\\/\",\"name\":\"atHome Blog\",\"description\":\"Annonces immobili\u00e8res au Luxembourg. Le portail immobilier n\u00b01 au Luxembourg.\",\"potentialAction\":[{\"@type\":\"SearchAction\",\"target\":{\"@type\":\"EntryPoint\",\"urlTemplate\":\"https:\\\/\\\/www.athome.lu\\\/blog\\\/?s={search_term_string}\"},\"query-input\":{\"@type\":\"PropertyValueSpecification\",\"valueRequired\":true,\"valueName\":\"search_term_string\"}}],\"inLanguage\":\"fr-FR\"},{\"@type\":\"Person\",\"@id\":\"https:\\\/\\\/www.athome.lu\\\/blog\\\/#\\\/schema\\\/person\\\/47f7a38089f837e792876ceddc4cb2dc\",\"name\":\"Fanny Pimentel\",\"image\":{\"@type\":\"ImageObject\",\"inLanguage\":\"fr-FR\",\"@id\":\"https:\\\/\\\/secure.gravatar.com\\\/avatar\\\/c60b27b93851dc9503f9cc9150e73dcb0a86ba6150657e5e4b11d988400bc633?s=96&d=mm&r=g\",\"url\":\"https:\\\/\\\/secure.gravatar.com\\\/avatar\\\/c60b27b93851dc9503f9cc9150e73dcb0a86ba6150657e5e4b11d988400bc633?s=96&d=mm&r=g\",\"contentUrl\":\"https:\\\/\\\/secure.gravatar.com\\\/avatar\\\/c60b27b93851dc9503f9cc9150e73dcb0a86ba6150657e5e4b11d988400bc633?s=96&d=mm&r=g\",\"caption\":\"Fanny Pimentel\"}}]}<\/script>\n<!-- \/ Yoast SEO plugin. -->","yoast_head_json":{"title":"TVA\u00a0: Quelle augmentation pour l\u2019immobilier\u00a0? - atHome Blog","robots":{"index":"index","follow":"follow","max-snippet":"max-snippet:-1","max-image-preview":"max-image-preview:large","max-video-preview":"max-video-preview:-1"},"canonical":"https:\/\/www.athome.lu\/blog\/mon-logement\/astuces-mon-logement\/tva-quelle-augmentation-pour-limmobilier\/","og_locale":"fr_FR","og_type":"article","og_title":"TVA\u00a0: Quelle augmentation pour l\u2019immobilier\u00a0? - atHome Blog","og_description":"Depuis le 1er janvier 2015, la TVA au Luxembourg a augment\u00e9. Cela concerne le\u00a0taux normal, le\u00a0taux r\u00e9duit\u00a0ainsi que le\u00a0taux interm\u00e9diaire, qui passeront respectivement de 15 \u00e0 17%, de 6 \u00e0 8% et de 12 \u00e0 14 %, Le\u00a0taux super-r\u00e9duit de 3 %\u00a0sera uniquement r\u00e9serv\u00e9 \u00e0 l\u2019acquisition d\u2019un bien neuf destin\u00e9 \u00e0 l\u2019usage personnel c\u2019est-\u00e0-dire pour [&hellip;]","og_url":"https:\/\/www.athome.lu\/blog\/mon-logement\/astuces-mon-logement\/tva-quelle-augmentation-pour-limmobilier\/","og_site_name":"atHome Blog","article_publisher":"https:\/\/www.facebook.com\/atHome.lu\/","article_published_time":"2015-01-06T15:59:03+00:00","article_modified_time":"2022-05-11T07:23:34+00:00","og_image":[{"width":2500,"height":1871,"url":"https:\/\/www.athome.lu\/blog\/wp-content\/uploads\/2015\/10\/marche-immo_2.jpg","type":"image\/jpeg"}],"author":"Fanny Pimentel","twitter_card":"summary_large_image","twitter_creator":"@athomelu","twitter_site":"@athomelu","twitter_misc":{"\u00c9crit par":"Fanny Pimentel","Dur\u00e9e de lecture estim\u00e9e":"1 minute"},"schema":{"@context":"https:\/\/schema.org","@graph":[{"@type":"Article","@id":"https:\/\/www.athome.lu\/blog\/mon-logement\/astuces-mon-logement\/tva-quelle-augmentation-pour-limmobilier\/#article","isPartOf":{"@id":"https:\/\/www.athome.lu\/blog\/mon-logement\/astuces-mon-logement\/tva-quelle-augmentation-pour-limmobilier\/"},"author":{"name":"Fanny Pimentel","@id":"https:\/\/www.athome.lu\/blog\/#\/schema\/person\/47f7a38089f837e792876ceddc4cb2dc"},"headline":"TVA\u00a0: Quelle augmentation pour l\u2019immobilier\u00a0?","datePublished":"2015-01-06T15:59:03+00:00","dateModified":"2022-05-11T07:23:34+00:00","mainEntityOfPage":{"@id":"https:\/\/www.athome.lu\/blog\/mon-logement\/astuces-mon-logement\/tva-quelle-augmentation-pour-limmobilier\/"},"wordCount":159,"image":{"@id":"https:\/\/www.athome.lu\/blog\/mon-logement\/astuces-mon-logement\/tva-quelle-augmentation-pour-limmobilier\/#primaryimage"},"thumbnailUrl":"https:\/\/www.athome.lu\/blog\/wp-content\/uploads\/2015\/10\/marche-immo_2.jpg","keywords":["Achat","Neuf","Prix"],"articleSection":["Astuces"],"inLanguage":"fr-FR"},{"@type":"WebPage","@id":"https:\/\/www.athome.lu\/blog\/mon-logement\/astuces-mon-logement\/tva-quelle-augmentation-pour-limmobilier\/","url":"https:\/\/www.athome.lu\/blog\/mon-logement\/astuces-mon-logement\/tva-quelle-augmentation-pour-limmobilier\/","name":"TVA\u00a0: Quelle augmentation pour l\u2019immobilier\u00a0? - atHome Blog","isPartOf":{"@id":"https:\/\/www.athome.lu\/blog\/#website"},"primaryImageOfPage":{"@id":"https:\/\/www.athome.lu\/blog\/mon-logement\/astuces-mon-logement\/tva-quelle-augmentation-pour-limmobilier\/#primaryimage"},"image":{"@id":"https:\/\/www.athome.lu\/blog\/mon-logement\/astuces-mon-logement\/tva-quelle-augmentation-pour-limmobilier\/#primaryimage"},"thumbnailUrl":"https:\/\/www.athome.lu\/blog\/wp-content\/uploads\/2015\/10\/marche-immo_2.jpg","datePublished":"2015-01-06T15:59:03+00:00","dateModified":"2022-05-11T07:23:34+00:00","author":{"@id":"https:\/\/www.athome.lu\/blog\/#\/schema\/person\/47f7a38089f837e792876ceddc4cb2dc"},"breadcrumb":{"@id":"https:\/\/www.athome.lu\/blog\/mon-logement\/astuces-mon-logement\/tva-quelle-augmentation-pour-limmobilier\/#breadcrumb"},"inLanguage":"fr-FR","potentialAction":[{"@type":"ReadAction","target":["https:\/\/www.athome.lu\/blog\/mon-logement\/astuces-mon-logement\/tva-quelle-augmentation-pour-limmobilier\/"]}]},{"@type":"ImageObject","inLanguage":"fr-FR","@id":"https:\/\/www.athome.lu\/blog\/mon-logement\/astuces-mon-logement\/tva-quelle-augmentation-pour-limmobilier\/#primaryimage","url":"https:\/\/www.athome.lu\/blog\/wp-content\/uploads\/2015\/10\/marche-immo_2.jpg","contentUrl":"https:\/\/www.athome.lu\/blog\/wp-content\/uploads\/2015\/10\/marche-immo_2.jpg","width":2500,"height":1871,"caption":"Couple devant leur maison"},{"@type":"BreadcrumbList","@id":"https:\/\/www.athome.lu\/blog\/mon-logement\/astuces-mon-logement\/tva-quelle-augmentation-pour-limmobilier\/#breadcrumb","itemListElement":[{"@type":"ListItem","position":1,"name":"Accueil","item":"https:\/\/www.athome.lu\/blog\/"},{"@type":"ListItem","position":2,"name":"Mon logement","item":"https:\/\/www.athome.lu\/blog\/de\/category\/mein-haus\/"},{"@type":"ListItem","position":3,"name":"Astuces","item":"https:\/\/www.athome.lu\/blog\/category\/mon-logement\/astuces-mon-logement\/"},{"@type":"ListItem","position":4,"name":"TVA\u00a0: Quelle augmentation pour l\u2019immobilier\u00a0?"}]},{"@type":"WebSite","@id":"https:\/\/www.athome.lu\/blog\/#website","url":"https:\/\/www.athome.lu\/blog\/","name":"atHome Blog","description":"Annonces immobili\u00e8res au Luxembourg. Le portail immobilier n\u00b01 au Luxembourg.","potentialAction":[{"@type":"SearchAction","target":{"@type":"EntryPoint","urlTemplate":"https:\/\/www.athome.lu\/blog\/?s={search_term_string}"},"query-input":{"@type":"PropertyValueSpecification","valueRequired":true,"valueName":"search_term_string"}}],"inLanguage":"fr-FR"},{"@type":"Person","@id":"https:\/\/www.athome.lu\/blog\/#\/schema\/person\/47f7a38089f837e792876ceddc4cb2dc","name":"Fanny Pimentel","image":{"@type":"ImageObject","inLanguage":"fr-FR","@id":"https:\/\/secure.gravatar.com\/avatar\/c60b27b93851dc9503f9cc9150e73dcb0a86ba6150657e5e4b11d988400bc633?s=96&d=mm&r=g","url":"https:\/\/secure.gravatar.com\/avatar\/c60b27b93851dc9503f9cc9150e73dcb0a86ba6150657e5e4b11d988400bc633?s=96&d=mm&r=g","contentUrl":"https:\/\/secure.gravatar.com\/avatar\/c60b27b93851dc9503f9cc9150e73dcb0a86ba6150657e5e4b11d988400bc633?s=96&d=mm&r=g","caption":"Fanny Pimentel"}}]}},"featured_media_src_url":"https:\/\/www.athome.lu\/blog\/wp-content\/uploads\/2015\/10\/marche-immo_2-1024x766.jpg","_links":{"self":[{"href":"https:\/\/www.athome.lu\/blog\/wp-json\/wp\/v2\/posts\/6148","targetHints":{"allow":["GET"]}}],"collection":[{"href":"https:\/\/www.athome.lu\/blog\/wp-json\/wp\/v2\/posts"}],"about":[{"href":"https:\/\/www.athome.lu\/blog\/wp-json\/wp\/v2\/types\/post"}],"author":[{"embeddable":true,"href":"https:\/\/www.athome.lu\/blog\/wp-json\/wp\/v2\/users\/17"}],"replies":[{"embeddable":true,"href":"https:\/\/www.athome.lu\/blog\/wp-json\/wp\/v2\/comments?post=6148"}],"version-history":[{"count":2,"href":"https:\/\/www.athome.lu\/blog\/wp-json\/wp\/v2\/posts\/6148\/revisions"}],"predecessor-version":[{"id":14790,"href":"https:\/\/www.athome.lu\/blog\/wp-json\/wp\/v2\/posts\/6148\/revisions\/14790"}],"wp:featuredmedia":[{"embeddable":true,"href":"https:\/\/www.athome.lu\/blog\/wp-json\/wp\/v2\/media\/7062"}],"wp:attachment":[{"href":"https:\/\/www.athome.lu\/blog\/wp-json\/wp\/v2\/media?parent=6148"}],"wp:term":[{"taxonomy":"category","embeddable":true,"href":"https:\/\/www.athome.lu\/blog\/wp-json\/wp\/v2\/categories?post=6148"},{"taxonomy":"post_tag","embeddable":true,"href":"https:\/\/www.athome.lu\/blog\/wp-json\/wp\/v2\/tags?post=6148"}],"curies":[{"name":"wp","href":"https:\/\/api.w.org\/{rel}","templated":true}]}}