{"id":6359,"date":"2015-03-04T11:37:51","date_gmt":"2015-03-04T10:37:51","guid":{"rendered":"https:\/\/www.athome.lu\/services\/conseils\/?p=6359"},"modified":"2022-05-11T09:25:54","modified_gmt":"2022-05-11T07:25:54","slug":"5-tendances-deco-pour-le-printemps","status":"publish","type":"post","link":"https:\/\/www.athome.lu\/blog\/mon-logement\/meuble-decoration\/5-tendances-deco-pour-le-printemps\/","title":{"rendered":"5 tendances d\u00e9co pour le printemps"},"content":{"rendered":"\n<p><strong><span style=\"color: #000000;\">Le mois de mars, le printemps arrive....c'est la saison id\u00e9ale pour s\u2019occuper de son int\u00e9rieur, faire \u00ab le grand m\u00e9nage de printemps&nbsp;\u00bb et r\u00e9inventer sa d\u00e9co. Suivez la tendance!<\/span><\/strong><\/p>\n\n\n\n<h2 class=\"wp-block-heading\"><strong><span style=\"color: #000000;\">1. La couleur de l\u2019ann\u00e9e<\/span><\/strong><\/h2>\n\n\n\n<p><span style=\"color: #000000;\"> Marsala, c\u2019est la couleur Pantone de 2015. A d\u00e9cliner absolument dans votre d\u00e9coration&nbsp;! <\/span><br><span style=\"color: #000000;\"> Son bordeaux aux nuances de brique et lie-de-vin, &nbsp;apportera de la chaleur \u00e0 votre int\u00e9rieur. D\u2019autres couleurs, comme le noir et le bleu sont \u00e0 l\u2019honneur cette ann\u00e9e.<\/span><\/p>\n\n\n\n<h2 class=\"wp-block-heading\"><strong><span style=\"color: #000000;\">&nbsp;2.&nbsp;Le cuivre<\/span><\/strong><\/h2>\n\n\n\n<p><span style=\"color: #000000;\">Le cuivre est un \u00e9l\u00e9ment formidable, non seulement pour accessoiriser mais aussi pour les finitions comme la robinetterie. Pour l'\u00e9clairage, choisissez des lampes ou des applications murales cuivr\u00e9es qui donneront du brillant \u00e0 votre d\u00e9co.<\/span><\/p>\n\n\n\n<h2 class=\"wp-block-heading\"><strong><span style=\"color: #000000;\">3. Le bois<\/span><\/strong><\/h2>\n\n\n\n<p><span style=\"color: #000000;\">Le bois est toujours une valeur s\u00fbre. Utilis\u00e9 habituellement pour les parquets ou les meubles, il peut se d\u00e9cliner de mani\u00e8re plus cr\u00e9ative, notamment en le combinant \u00e0 d\u2019autres mat\u00e9riaux, &nbsp;comme le m\u00e9tal par exemple.<\/span><\/p>\n\n\n\n<h2 class=\"wp-block-heading\"><strong><span style=\"color: #000000;\">&nbsp;4.&nbsp;Le retour du noir<\/span><\/strong><\/h2>\n\n\n\n<p><span style=\"color: #000000;\"> Le noir revient\u00a0! \u00a0La tendance est de le retrouver sur les murs. M\u00eame s\u2019il donnera du caract\u00e8re \u00e0 votre pi\u00e8ce, le noir ne convient pas \u00e0 tous les espaces de vie. A utiliser donc avec mod\u00e9ration<\/span><\/p>\n\n\n\n<h2 class=\"wp-block-heading\"><strong><span style=\"color: #000000;\">&nbsp;5.&nbsp;Le style scandinave<\/span><\/strong><\/h2>\n\n\n\n<p><span style=\"color: #000000;\">La d\u00e9co scandinave apporte une impression de calme et de bien-\u00eatre. Elle se caract\u00e9rise par des couleurs pastel, des mat\u00e9riaux naturels, des lignes \u00e9pur\u00e9es et des impressions g\u00e9om\u00e9triques.<\/span><\/p>\n\n\n\n<p><span style=\"color: #000000;\">D\u00e9couvrez les <a href=\"https:\/\/www.athome.lu\/blog\/blog\/les-7-tendances-deco-pour-le-printemps\/\" target=\"_blank\" rel=\"noopener\">tendances d\u00e9co 2016<\/a><\/span><\/p>\n\n\n<section id=\"section-3-14695\" class=\" ct-section\" ><div class=\"ct-section-inner-wrap\"><div id=\"div_block-4-14695\" class=\"ct-div-block\" ><div id=\"new_columns-7-14695\" class=\"ct-new-columns\" ><div id=\"div_block-8-14695\" class=\"ct-div-block\" ><div id=\"div_block-14-14695\" class=\"ct-div-block\" ><\/div><\/div><div id=\"div_block-9-14695\" class=\"ct-div-block\" ><h1 id=\"headline-11-14695\" class=\"ct-headline\">Quels sont les prix de l'immobilier en ce moment ?<\/h1><div id=\"text_block-12-14695\" class=\"ct-text-block\" >Les prix ralentissent. Les taux d'int\u00e9r\u00eat augmentent. Quelles tendances pour les mois \u00e0 venir ?<\/div><a id=\"link_button-13-14695\" class=\"ct-link-button\" href=\"https:\/\/www.athome.lu\/blog\/blog\/marche-immobilier\/prix\/tendances-2022\/\" target=\"_blank\"  >Lire l'analyse<\/a><\/div><\/div><\/div><\/div><\/section>","protected":false},"excerpt":{"rendered":"<p>Le mois de mars, le printemps arrive....c'est la saison id\u00e9ale pour s\u2019occuper de son int\u00e9rieur, faire \u00ab le grand m\u00e9nage de printemps&nbsp;\u00bb et r\u00e9inventer sa d\u00e9co. Suivez la tendance! 1. La couleur de l\u2019ann\u00e9e Marsala, c\u2019est la couleur Pantone de 2015. A d\u00e9cliner absolument dans votre d\u00e9coration&nbsp;! Son bordeaux aux nuances de brique et lie-de-vin, [&hellip;]<\/p>\n","protected":false},"author":17,"featured_media":7293,"comment_status":"closed","ping_status":"open","sticky":false,"template":"","format":"standard","meta":{"_acf_changed":false,"footnotes":""},"categories":[210],"tags":[82,79],"class_list":["post-6359","post","type-post","status-publish","format-standard","has-post-thumbnail","hentry","category-meuble-decoration","tag-ameublement","tag-decoration"],"acf":[],"yoast_head":"<!-- This site is optimized with the Yoast SEO plugin v27.4 - https:\/\/yoast.com\/product\/yoast-seo-wordpress\/ -->\n<title>\u25b7 5 Tendances D\u00e9co au Printemps 2015 | atHome<\/title>\n<meta name=\"description\" content=\"Les tendances d\u00e9co ce printemps misent sur les couleurs Marsala &amp; Noir, des mati\u00e8res bois et cuivre et quelques touches de d\u00e9cor scandinave.\" \/>\n<meta name=\"robots\" content=\"index, follow, max-snippet:-1, max-image-preview:large, max-video-preview:-1\" \/>\n<link rel=\"canonical\" href=\"https:\/\/www.athome.lu\/blog\/mon-logement\/meuble-decoration\/5-tendances-deco-pour-le-printemps\/\" \/>\n<meta property=\"og:locale\" content=\"fr_FR\" \/>\n<meta property=\"og:type\" content=\"article\" \/>\n<meta property=\"og:title\" content=\"\u25b7 5 Tendances D\u00e9co au Printemps 2015 | atHome\" \/>\n<meta property=\"og:description\" content=\"Les tendances d\u00e9co ce printemps misent sur les couleurs Marsala &amp; Noir, des mati\u00e8res bois et cuivre et quelques touches de d\u00e9cor scandinave.\" \/>\n<meta property=\"og:url\" content=\"https:\/\/www.athome.lu\/blog\/mon-logement\/meuble-decoration\/5-tendances-deco-pour-le-printemps\/\" \/>\n<meta property=\"og:site_name\" content=\"atHome Blog\" \/>\n<meta property=\"article:publisher\" content=\"https:\/\/www.facebook.com\/atHome.lu\/\" \/>\n<meta property=\"article:published_time\" content=\"2015-03-04T10:37:51+00:00\" \/>\n<meta property=\"article:modified_time\" content=\"2022-05-11T07:25:54+00:00\" \/>\n<meta property=\"og:image\" content=\"https:\/\/www.athome.lu\/blog\/wp-content\/uploads\/2015\/10\/inspiration_2.jpg\" \/>\n\t<meta property=\"og:image:width\" content=\"1200\" \/>\n\t<meta property=\"og:image:height\" content=\"800\" \/>\n\t<meta property=\"og:image:type\" content=\"image\/jpeg\" \/>\n<meta name=\"author\" content=\"Fanny Pimentel\" \/>\n<meta name=\"twitter:card\" content=\"summary_large_image\" \/>\n<meta name=\"twitter:title\" content=\"\u25b7 5 Tendances D\u00e9co au Printemps 2015 | atHome\" \/>\n<meta name=\"twitter:description\" content=\"Les tendances d\u00e9co ce printemps misent sur les couleurs Marsala &amp; Noir, des mati\u00e8res bois et cuivre et quelques touches de d\u00e9cor scandinave.\" \/>\n<meta name=\"twitter:creator\" content=\"@athomelu\" \/>\n<meta name=\"twitter:site\" content=\"@athomelu\" \/>\n<meta name=\"twitter:label1\" content=\"\u00c9crit par\" \/>\n\t<meta name=\"twitter:data1\" content=\"Fanny Pimentel\" \/>\n\t<meta name=\"twitter:label2\" content=\"Dur\u00e9e de lecture estim\u00e9e\" \/>\n\t<meta name=\"twitter:data2\" content=\"2 minutes\" \/>\n<script type=\"application\/ld+json\" class=\"yoast-schema-graph\">{\"@context\":\"https:\\\/\\\/schema.org\",\"@graph\":[{\"@type\":\"Article\",\"@id\":\"https:\\\/\\\/www.athome.lu\\\/blog\\\/mon-logement\\\/meuble-decoration\\\/5-tendances-deco-pour-le-printemps\\\/#article\",\"isPartOf\":{\"@id\":\"https:\\\/\\\/www.athome.lu\\\/blog\\\/mon-logement\\\/meuble-decoration\\\/5-tendances-deco-pour-le-printemps\\\/\"},\"author\":{\"name\":\"Fanny Pimentel\",\"@id\":\"https:\\\/\\\/www.athome.lu\\\/blog\\\/#\\\/schema\\\/person\\\/47f7a38089f837e792876ceddc4cb2dc\"},\"headline\":\"5 tendances d\u00e9co pour le printemps\",\"datePublished\":\"2015-03-04T10:37:51+00:00\",\"dateModified\":\"2022-05-11T07:25:54+00:00\",\"mainEntityOfPage\":{\"@id\":\"https:\\\/\\\/www.athome.lu\\\/blog\\\/mon-logement\\\/meuble-decoration\\\/5-tendances-deco-pour-le-printemps\\\/\"},\"wordCount\":272,\"image\":{\"@id\":\"https:\\\/\\\/www.athome.lu\\\/blog\\\/mon-logement\\\/meuble-decoration\\\/5-tendances-deco-pour-le-printemps\\\/#primaryimage\"},\"thumbnailUrl\":\"https:\\\/\\\/www.athome.lu\\\/blog\\\/wp-content\\\/uploads\\\/2015\\\/10\\\/inspiration_2.jpg\",\"keywords\":[\"Ameublement\",\"D\u00e9coration\"],\"articleSection\":[\"Meubler et D\u00e9corer\"],\"inLanguage\":\"fr-FR\"},{\"@type\":\"WebPage\",\"@id\":\"https:\\\/\\\/www.athome.lu\\\/blog\\\/mon-logement\\\/meuble-decoration\\\/5-tendances-deco-pour-le-printemps\\\/\",\"url\":\"https:\\\/\\\/www.athome.lu\\\/blog\\\/mon-logement\\\/meuble-decoration\\\/5-tendances-deco-pour-le-printemps\\\/\",\"name\":\"\u25b7 5 Tendances D\u00e9co au Printemps 2015 | atHome\",\"isPartOf\":{\"@id\":\"https:\\\/\\\/www.athome.lu\\\/blog\\\/#website\"},\"primaryImageOfPage\":{\"@id\":\"https:\\\/\\\/www.athome.lu\\\/blog\\\/mon-logement\\\/meuble-decoration\\\/5-tendances-deco-pour-le-printemps\\\/#primaryimage\"},\"image\":{\"@id\":\"https:\\\/\\\/www.athome.lu\\\/blog\\\/mon-logement\\\/meuble-decoration\\\/5-tendances-deco-pour-le-printemps\\\/#primaryimage\"},\"thumbnailUrl\":\"https:\\\/\\\/www.athome.lu\\\/blog\\\/wp-content\\\/uploads\\\/2015\\\/10\\\/inspiration_2.jpg\",\"datePublished\":\"2015-03-04T10:37:51+00:00\",\"dateModified\":\"2022-05-11T07:25:54+00:00\",\"author\":{\"@id\":\"https:\\\/\\\/www.athome.lu\\\/blog\\\/#\\\/schema\\\/person\\\/47f7a38089f837e792876ceddc4cb2dc\"},\"description\":\"Les tendances d\u00e9co ce printemps misent sur les couleurs Marsala & Noir, des mati\u00e8res bois et cuivre et quelques touches de d\u00e9cor scandinave.\",\"breadcrumb\":{\"@id\":\"https:\\\/\\\/www.athome.lu\\\/blog\\\/mon-logement\\\/meuble-decoration\\\/5-tendances-deco-pour-le-printemps\\\/#breadcrumb\"},\"inLanguage\":\"fr-FR\",\"potentialAction\":[{\"@type\":\"ReadAction\",\"target\":[\"https:\\\/\\\/www.athome.lu\\\/blog\\\/mon-logement\\\/meuble-decoration\\\/5-tendances-deco-pour-le-printemps\\\/\"]}]},{\"@type\":\"ImageObject\",\"inLanguage\":\"fr-FR\",\"@id\":\"https:\\\/\\\/www.athome.lu\\\/blog\\\/mon-logement\\\/meuble-decoration\\\/5-tendances-deco-pour-le-printemps\\\/#primaryimage\",\"url\":\"https:\\\/\\\/www.athome.lu\\\/blog\\\/wp-content\\\/uploads\\\/2015\\\/10\\\/inspiration_2.jpg\",\"contentUrl\":\"https:\\\/\\\/www.athome.lu\\\/blog\\\/wp-content\\\/uploads\\\/2015\\\/10\\\/inspiration_2.jpg\",\"width\":1200,\"height\":800,\"caption\":\"tendances d\u00e9co printemps 2015\"},{\"@type\":\"BreadcrumbList\",\"@id\":\"https:\\\/\\\/www.athome.lu\\\/blog\\\/mon-logement\\\/meuble-decoration\\\/5-tendances-deco-pour-le-printemps\\\/#breadcrumb\",\"itemListElement\":[{\"@type\":\"ListItem\",\"position\":1,\"name\":\"Accueil\",\"item\":\"https:\\\/\\\/www.athome.lu\\\/blog\\\/\"},{\"@type\":\"ListItem\",\"position\":2,\"name\":\"Mon logement\",\"item\":\"https:\\\/\\\/www.athome.lu\\\/blog\\\/de\\\/category\\\/mein-haus\\\/\"},{\"@type\":\"ListItem\",\"position\":3,\"name\":\"Meubler et D\u00e9corer\",\"item\":\"https:\\\/\\\/www.athome.lu\\\/blog\\\/de\\\/category\\\/mein-haus\\\/deko-mobel\\\/\"},{\"@type\":\"ListItem\",\"position\":4,\"name\":\"5 tendances d\u00e9co pour le printemps\"}]},{\"@type\":\"WebSite\",\"@id\":\"https:\\\/\\\/www.athome.lu\\\/blog\\\/#website\",\"url\":\"https:\\\/\\\/www.athome.lu\\\/blog\\\/\",\"name\":\"atHome Blog\",\"description\":\"Annonces immobili\u00e8res au Luxembourg. Le portail immobilier n\u00b01 au Luxembourg.\",\"potentialAction\":[{\"@type\":\"SearchAction\",\"target\":{\"@type\":\"EntryPoint\",\"urlTemplate\":\"https:\\\/\\\/www.athome.lu\\\/blog\\\/?s={search_term_string}\"},\"query-input\":{\"@type\":\"PropertyValueSpecification\",\"valueRequired\":true,\"valueName\":\"search_term_string\"}}],\"inLanguage\":\"fr-FR\"},{\"@type\":\"Person\",\"@id\":\"https:\\\/\\\/www.athome.lu\\\/blog\\\/#\\\/schema\\\/person\\\/47f7a38089f837e792876ceddc4cb2dc\",\"name\":\"Fanny Pimentel\",\"image\":{\"@type\":\"ImageObject\",\"inLanguage\":\"fr-FR\",\"@id\":\"https:\\\/\\\/secure.gravatar.com\\\/avatar\\\/c60b27b93851dc9503f9cc9150e73dcb0a86ba6150657e5e4b11d988400bc633?s=96&d=mm&r=g\",\"url\":\"https:\\\/\\\/secure.gravatar.com\\\/avatar\\\/c60b27b93851dc9503f9cc9150e73dcb0a86ba6150657e5e4b11d988400bc633?s=96&d=mm&r=g\",\"contentUrl\":\"https:\\\/\\\/secure.gravatar.com\\\/avatar\\\/c60b27b93851dc9503f9cc9150e73dcb0a86ba6150657e5e4b11d988400bc633?s=96&d=mm&r=g\",\"caption\":\"Fanny Pimentel\"}}]}<\/script>\n<!-- \/ Yoast SEO plugin. -->","yoast_head_json":{"title":"\u25b7 5 Tendances D\u00e9co au Printemps 2015 | atHome","description":"Les tendances d\u00e9co ce printemps misent sur les couleurs Marsala & Noir, des mati\u00e8res bois et cuivre et quelques touches de d\u00e9cor scandinave.","robots":{"index":"index","follow":"follow","max-snippet":"max-snippet:-1","max-image-preview":"max-image-preview:large","max-video-preview":"max-video-preview:-1"},"canonical":"https:\/\/www.athome.lu\/blog\/mon-logement\/meuble-decoration\/5-tendances-deco-pour-le-printemps\/","og_locale":"fr_FR","og_type":"article","og_title":"\u25b7 5 Tendances D\u00e9co au Printemps 2015 | atHome","og_description":"Les tendances d\u00e9co ce printemps misent sur les couleurs Marsala & Noir, des mati\u00e8res bois et cuivre et quelques touches de d\u00e9cor scandinave.","og_url":"https:\/\/www.athome.lu\/blog\/mon-logement\/meuble-decoration\/5-tendances-deco-pour-le-printemps\/","og_site_name":"atHome Blog","article_publisher":"https:\/\/www.facebook.com\/atHome.lu\/","article_published_time":"2015-03-04T10:37:51+00:00","article_modified_time":"2022-05-11T07:25:54+00:00","og_image":[{"width":1200,"height":800,"url":"https:\/\/www.athome.lu\/blog\/wp-content\/uploads\/2015\/10\/inspiration_2.jpg","type":"image\/jpeg"}],"author":"Fanny Pimentel","twitter_card":"summary_large_image","twitter_title":"\u25b7 5 Tendances D\u00e9co au Printemps 2015 | atHome","twitter_description":"Les tendances d\u00e9co ce printemps misent sur les couleurs Marsala & Noir, des mati\u00e8res bois et cuivre et quelques touches de d\u00e9cor scandinave.","twitter_creator":"@athomelu","twitter_site":"@athomelu","twitter_misc":{"\u00c9crit par":"Fanny Pimentel","Dur\u00e9e de lecture estim\u00e9e":"2 minutes"},"schema":{"@context":"https:\/\/schema.org","@graph":[{"@type":"Article","@id":"https:\/\/www.athome.lu\/blog\/mon-logement\/meuble-decoration\/5-tendances-deco-pour-le-printemps\/#article","isPartOf":{"@id":"https:\/\/www.athome.lu\/blog\/mon-logement\/meuble-decoration\/5-tendances-deco-pour-le-printemps\/"},"author":{"name":"Fanny Pimentel","@id":"https:\/\/www.athome.lu\/blog\/#\/schema\/person\/47f7a38089f837e792876ceddc4cb2dc"},"headline":"5 tendances d\u00e9co pour le printemps","datePublished":"2015-03-04T10:37:51+00:00","dateModified":"2022-05-11T07:25:54+00:00","mainEntityOfPage":{"@id":"https:\/\/www.athome.lu\/blog\/mon-logement\/meuble-decoration\/5-tendances-deco-pour-le-printemps\/"},"wordCount":272,"image":{"@id":"https:\/\/www.athome.lu\/blog\/mon-logement\/meuble-decoration\/5-tendances-deco-pour-le-printemps\/#primaryimage"},"thumbnailUrl":"https:\/\/www.athome.lu\/blog\/wp-content\/uploads\/2015\/10\/inspiration_2.jpg","keywords":["Ameublement","D\u00e9coration"],"articleSection":["Meubler et D\u00e9corer"],"inLanguage":"fr-FR"},{"@type":"WebPage","@id":"https:\/\/www.athome.lu\/blog\/mon-logement\/meuble-decoration\/5-tendances-deco-pour-le-printemps\/","url":"https:\/\/www.athome.lu\/blog\/mon-logement\/meuble-decoration\/5-tendances-deco-pour-le-printemps\/","name":"\u25b7 5 Tendances D\u00e9co au Printemps 2015 | atHome","isPartOf":{"@id":"https:\/\/www.athome.lu\/blog\/#website"},"primaryImageOfPage":{"@id":"https:\/\/www.athome.lu\/blog\/mon-logement\/meuble-decoration\/5-tendances-deco-pour-le-printemps\/#primaryimage"},"image":{"@id":"https:\/\/www.athome.lu\/blog\/mon-logement\/meuble-decoration\/5-tendances-deco-pour-le-printemps\/#primaryimage"},"thumbnailUrl":"https:\/\/www.athome.lu\/blog\/wp-content\/uploads\/2015\/10\/inspiration_2.jpg","datePublished":"2015-03-04T10:37:51+00:00","dateModified":"2022-05-11T07:25:54+00:00","author":{"@id":"https:\/\/www.athome.lu\/blog\/#\/schema\/person\/47f7a38089f837e792876ceddc4cb2dc"},"description":"Les tendances d\u00e9co ce printemps misent sur les couleurs Marsala & Noir, des mati\u00e8res bois et cuivre et quelques touches de d\u00e9cor scandinave.","breadcrumb":{"@id":"https:\/\/www.athome.lu\/blog\/mon-logement\/meuble-decoration\/5-tendances-deco-pour-le-printemps\/#breadcrumb"},"inLanguage":"fr-FR","potentialAction":[{"@type":"ReadAction","target":["https:\/\/www.athome.lu\/blog\/mon-logement\/meuble-decoration\/5-tendances-deco-pour-le-printemps\/"]}]},{"@type":"ImageObject","inLanguage":"fr-FR","@id":"https:\/\/www.athome.lu\/blog\/mon-logement\/meuble-decoration\/5-tendances-deco-pour-le-printemps\/#primaryimage","url":"https:\/\/www.athome.lu\/blog\/wp-content\/uploads\/2015\/10\/inspiration_2.jpg","contentUrl":"https:\/\/www.athome.lu\/blog\/wp-content\/uploads\/2015\/10\/inspiration_2.jpg","width":1200,"height":800,"caption":"tendances d\u00e9co printemps 2015"},{"@type":"BreadcrumbList","@id":"https:\/\/www.athome.lu\/blog\/mon-logement\/meuble-decoration\/5-tendances-deco-pour-le-printemps\/#breadcrumb","itemListElement":[{"@type":"ListItem","position":1,"name":"Accueil","item":"https:\/\/www.athome.lu\/blog\/"},{"@type":"ListItem","position":2,"name":"Mon logement","item":"https:\/\/www.athome.lu\/blog\/de\/category\/mein-haus\/"},{"@type":"ListItem","position":3,"name":"Meubler et D\u00e9corer","item":"https:\/\/www.athome.lu\/blog\/de\/category\/mein-haus\/deko-mobel\/"},{"@type":"ListItem","position":4,"name":"5 tendances d\u00e9co pour le printemps"}]},{"@type":"WebSite","@id":"https:\/\/www.athome.lu\/blog\/#website","url":"https:\/\/www.athome.lu\/blog\/","name":"atHome Blog","description":"Annonces immobili\u00e8res au Luxembourg. Le portail immobilier n\u00b01 au Luxembourg.","potentialAction":[{"@type":"SearchAction","target":{"@type":"EntryPoint","urlTemplate":"https:\/\/www.athome.lu\/blog\/?s={search_term_string}"},"query-input":{"@type":"PropertyValueSpecification","valueRequired":true,"valueName":"search_term_string"}}],"inLanguage":"fr-FR"},{"@type":"Person","@id":"https:\/\/www.athome.lu\/blog\/#\/schema\/person\/47f7a38089f837e792876ceddc4cb2dc","name":"Fanny Pimentel","image":{"@type":"ImageObject","inLanguage":"fr-FR","@id":"https:\/\/secure.gravatar.com\/avatar\/c60b27b93851dc9503f9cc9150e73dcb0a86ba6150657e5e4b11d988400bc633?s=96&d=mm&r=g","url":"https:\/\/secure.gravatar.com\/avatar\/c60b27b93851dc9503f9cc9150e73dcb0a86ba6150657e5e4b11d988400bc633?s=96&d=mm&r=g","contentUrl":"https:\/\/secure.gravatar.com\/avatar\/c60b27b93851dc9503f9cc9150e73dcb0a86ba6150657e5e4b11d988400bc633?s=96&d=mm&r=g","caption":"Fanny Pimentel"}}]}},"featured_media_src_url":"https:\/\/www.athome.lu\/blog\/wp-content\/uploads\/2015\/10\/inspiration_2-1024x683.jpg","_links":{"self":[{"href":"https:\/\/www.athome.lu\/blog\/wp-json\/wp\/v2\/posts\/6359","targetHints":{"allow":["GET"]}}],"collection":[{"href":"https:\/\/www.athome.lu\/blog\/wp-json\/wp\/v2\/posts"}],"about":[{"href":"https:\/\/www.athome.lu\/blog\/wp-json\/wp\/v2\/types\/post"}],"author":[{"embeddable":true,"href":"https:\/\/www.athome.lu\/blog\/wp-json\/wp\/v2\/users\/17"}],"replies":[{"embeddable":true,"href":"https:\/\/www.athome.lu\/blog\/wp-json\/wp\/v2\/comments?post=6359"}],"version-history":[{"count":2,"href":"https:\/\/www.athome.lu\/blog\/wp-json\/wp\/v2\/posts\/6359\/revisions"}],"predecessor-version":[{"id":14795,"href":"https:\/\/www.athome.lu\/blog\/wp-json\/wp\/v2\/posts\/6359\/revisions\/14795"}],"wp:featuredmedia":[{"embeddable":true,"href":"https:\/\/www.athome.lu\/blog\/wp-json\/wp\/v2\/media\/7293"}],"wp:attachment":[{"href":"https:\/\/www.athome.lu\/blog\/wp-json\/wp\/v2\/media?parent=6359"}],"wp:term":[{"taxonomy":"category","embeddable":true,"href":"https:\/\/www.athome.lu\/blog\/wp-json\/wp\/v2\/categories?post=6359"},{"taxonomy":"post_tag","embeddable":true,"href":"https:\/\/www.athome.lu\/blog\/wp-json\/wp\/v2\/tags?post=6359"}],"curies":[{"name":"wp","href":"https:\/\/api.w.org\/{rel}","templated":true}]}}