{"id":7523,"date":"2016-03-01T14:38:00","date_gmt":"2016-03-01T13:38:00","guid":{"rendered":"http:\/\/wordpress.dev.aws.athome.lu\/?p=7523"},"modified":"2022-05-12T10:58:28","modified_gmt":"2022-05-12T08:58:28","slug":"reforme-fiscale-quelles-mesures-pour-le-logement","status":"publish","type":"post","link":"https:\/\/www.athome.lu\/blog\/acheter\/fiscalite\/reforme-fiscale-quelles-mesures-pour-le-logement\/","title":{"rendered":"R\u00e9forme fiscale: quelles mesures pour le logement ?"},"content":{"rendered":"\n<p><strong><span style=\"color: #000000;\">Le 29 f\u00e9vrier 2016, le gouvernement a pr\u00e9sent\u00e9 lors d\u2019une conf\u00e9rence de presse les \u00e9l\u00e9ments de la r\u00e9forme fiscale, qui doit entrer en vigueur au 1<sup>er<\/sup>&nbsp;janvier 2017.<\/span><\/strong><\/p>\n\n\n\n<p><span style=\"color: #000000;\">Pour le volet logement, plusieurs mesures ont \u00e9t\u00e9 pr\u00e9sent\u00e9es&nbsp;:<\/span><\/p>\n\n\n\n<h2 class=\"wp-block-heading\"><span style=\"color: #000000;\"><strong>Facilitation de l\u2019acc\u00e8s au logement<\/strong><\/span><\/h2>\n\n\n\n<p><span style=\"color: #000000;\">Pour am\u00e9liorer la capacit\u00e9 de financement de son habitation personnelle, le contribuable n\u2019ayant pas encore atteint l\u2019\u00e2ge de 40 ans verra augmenter le plafond des cotisations d\u00e9ductibles vers\u00e9es dans le cadre d'un contrat d\u2019\u00e9pargne-logement. En mati\u00e8re d\u2019int\u00e9r\u00eats d\u00e9biteurs li\u00e9s \u00e0 un pr\u00eat immobilier, les montants d\u00e9ductibles sont \u00e9galement augment\u00e9s.<\/span><\/p>\n\n\n\n<p><span style=\"color: #000000;\">Afin d\u2019\u00e9largir l\u2019offre de logements abordables, la location sociale par l\u2019interm\u00e9diaire d\u2019organismes agr\u00e9\u00e9s (p. ex. l\u2019AIS \u2013 Agence immobili\u00e8re sociale) ainsi que la mise sur le march\u00e9 d\u2019immeubles destin\u00e9s \u00e0 la vente sont encourag\u00e9es (mesure limit\u00e9e dans le temps).<\/span><\/p>\n\n\n\n<p><span style=\"text-decoration: underline;\"><a href=\"http:\/\/www.mf.public.lu\/actualites\/2016\/02\/reforme_fiscale_290216\/index.html\" target=\"_blank\" rel=\"noopener noreferrer\">Plus d'infos sur la r\u00e9forme fiscale<\/a><\/span><\/p>\n\n\n\n<p><span style=\"text-decoration: underline;\"><span style=\"color: #000000;\"><a href=\"http:\/\/www.reforme-fiscale.public.lu\/fr\/links\/documents\/fir-bezuelbart-wunnen\/steierreform2017-fir-bezuelbart-wunnen.pdf\" target=\"_blank\" rel=\"noopener noreferrer\">Voir l\u2019infographie&nbsp;<\/a><\/span><\/span><\/p>\n\n\n\n<p><em><span style=\"color: #000000;\">Source\u00a0: Minist\u00e8re des Finances<\/span><\/em><\/p>\n\n\n<section id=\"section-3-14695\" class=\" ct-section\" ><div class=\"ct-section-inner-wrap\"><div id=\"div_block-4-14695\" class=\"ct-div-block\" ><div id=\"new_columns-7-14695\" class=\"ct-new-columns\" ><div id=\"div_block-8-14695\" class=\"ct-div-block\" ><div id=\"div_block-14-14695\" class=\"ct-div-block\" ><\/div><\/div><div id=\"div_block-9-14695\" class=\"ct-div-block\" ><h1 id=\"headline-11-14695\" class=\"ct-headline\">Quels sont les prix de l'immobilier en ce moment ?<\/h1><div id=\"text_block-12-14695\" class=\"ct-text-block\" >Les prix ralentissent. Les taux d'int\u00e9r\u00eat augmentent. Quelles tendances pour les mois \u00e0 venir ?<\/div><a id=\"link_button-13-14695\" class=\"ct-link-button\" href=\"https:\/\/www.athome.lu\/blog\/blog\/marche-immobilier\/prix\/tendances-2022\/\" target=\"_blank\"  >Lire l'analyse<\/a><\/div><\/div><\/div><\/div><\/section>","protected":false},"excerpt":{"rendered":"<p>Le 29 f\u00e9vrier 2016, le gouvernement a pr\u00e9sent\u00e9 lors d\u2019une conf\u00e9rence de presse les \u00e9l\u00e9ments de la r\u00e9forme fiscale, qui doit entrer en vigueur au 1er&nbsp;janvier 2017. Pour le volet logement, plusieurs mesures ont \u00e9t\u00e9 pr\u00e9sent\u00e9es&nbsp;: Facilitation de l\u2019acc\u00e8s au logement Pour am\u00e9liorer la capacit\u00e9 de financement de son habitation personnelle, le contribuable n\u2019ayant pas [&hellip;]<\/p>\n","protected":false},"author":17,"featured_media":7525,"comment_status":"closed","ping_status":"open","sticky":false,"template":"","format":"standard","meta":{"_acf_changed":false,"footnotes":""},"categories":[11],"tags":[36,35],"class_list":["post-7523","post","type-post","status-publish","format-standard","has-post-thumbnail","hentry","category-fiscalite","tag-credit-immobilier","tag-epargne"],"acf":[],"yoast_head":"<!-- This site is optimized with the Yoast SEO plugin v27.4 - https:\/\/yoast.com\/product\/yoast-seo-wordpress\/ -->\n<title>R\u00e9forme fiscale: quelles mesures pour le logement ? - atHome Blog<\/title>\n<meta name=\"robots\" content=\"index, follow, max-snippet:-1, max-image-preview:large, max-video-preview:-1\" \/>\n<link rel=\"canonical\" href=\"https:\/\/www.athome.lu\/blog\/acheter\/fiscalite\/reforme-fiscale-quelles-mesures-pour-le-logement\/\" \/>\n<meta property=\"og:locale\" content=\"fr_FR\" \/>\n<meta property=\"og:type\" content=\"article\" \/>\n<meta property=\"og:title\" content=\"R\u00e9forme fiscale: quelles mesures pour le logement ? - atHome Blog\" \/>\n<meta property=\"og:description\" content=\"Le 29 f\u00e9vrier 2016, le gouvernement a pr\u00e9sent\u00e9 lors d\u2019une conf\u00e9rence de presse les \u00e9l\u00e9ments de la r\u00e9forme fiscale, qui doit entrer en vigueur au 1er&nbsp;janvier 2017. Pour le volet logement, plusieurs mesures ont \u00e9t\u00e9 pr\u00e9sent\u00e9es&nbsp;: Facilitation de l\u2019acc\u00e8s au logement Pour am\u00e9liorer la capacit\u00e9 de financement de son habitation personnelle, le contribuable n\u2019ayant pas [&hellip;]\" \/>\n<meta property=\"og:url\" content=\"https:\/\/www.athome.lu\/blog\/acheter\/fiscalite\/reforme-fiscale-quelles-mesures-pour-le-logement\/\" \/>\n<meta property=\"og:site_name\" content=\"atHome Blog\" \/>\n<meta property=\"article:publisher\" content=\"https:\/\/www.facebook.com\/atHome.lu\/\" \/>\n<meta property=\"article:published_time\" content=\"2016-03-01T13:38:00+00:00\" \/>\n<meta property=\"article:modified_time\" content=\"2022-05-12T08:58:28+00:00\" \/>\n<meta property=\"og:image\" content=\"https:\/\/www.athome.lu\/blog\/wp-content\/uploads\/2016\/03\/luxembourg-1164654_960_720.jpg\" \/>\n\t<meta property=\"og:image:width\" content=\"960\" \/>\n\t<meta property=\"og:image:height\" content=\"540\" \/>\n\t<meta property=\"og:image:type\" content=\"image\/jpeg\" \/>\n<meta name=\"author\" content=\"Fanny Pimentel\" \/>\n<meta name=\"twitter:card\" content=\"summary_large_image\" \/>\n<meta name=\"twitter:creator\" content=\"@athomelu\" \/>\n<meta name=\"twitter:site\" content=\"@athomelu\" \/>\n<meta name=\"twitter:label1\" content=\"\u00c9crit par\" \/>\n\t<meta name=\"twitter:data1\" content=\"Fanny Pimentel\" \/>\n\t<meta name=\"twitter:label2\" content=\"Dur\u00e9e de lecture estim\u00e9e\" \/>\n\t<meta name=\"twitter:data2\" content=\"1 minute\" \/>\n<script type=\"application\/ld+json\" class=\"yoast-schema-graph\">{\"@context\":\"https:\\\/\\\/schema.org\",\"@graph\":[{\"@type\":\"Article\",\"@id\":\"https:\\\/\\\/www.athome.lu\\\/blog\\\/acheter\\\/fiscalite\\\/reforme-fiscale-quelles-mesures-pour-le-logement\\\/#article\",\"isPartOf\":{\"@id\":\"https:\\\/\\\/www.athome.lu\\\/blog\\\/acheter\\\/fiscalite\\\/reforme-fiscale-quelles-mesures-pour-le-logement\\\/\"},\"author\":{\"name\":\"Fanny Pimentel\",\"@id\":\"https:\\\/\\\/www.athome.lu\\\/blog\\\/#\\\/schema\\\/person\\\/47f7a38089f837e792876ceddc4cb2dc\"},\"headline\":\"R\u00e9forme fiscale: quelles mesures pour le logement ?\",\"datePublished\":\"2016-03-01T13:38:00+00:00\",\"dateModified\":\"2022-05-12T08:58:28+00:00\",\"mainEntityOfPage\":{\"@id\":\"https:\\\/\\\/www.athome.lu\\\/blog\\\/acheter\\\/fiscalite\\\/reforme-fiscale-quelles-mesures-pour-le-logement\\\/\"},\"wordCount\":186,\"image\":{\"@id\":\"https:\\\/\\\/www.athome.lu\\\/blog\\\/acheter\\\/fiscalite\\\/reforme-fiscale-quelles-mesures-pour-le-logement\\\/#primaryimage\"},\"thumbnailUrl\":\"https:\\\/\\\/www.athome.lu\\\/blog\\\/wp-content\\\/uploads\\\/2016\\\/03\\\/luxembourg-1164654_960_720.jpg\",\"keywords\":[\"Cr\u00e9dit immobilier\",\"Epargne\"],\"articleSection\":[\"Fiscalit\u00e9\"],\"inLanguage\":\"fr-FR\"},{\"@type\":\"WebPage\",\"@id\":\"https:\\\/\\\/www.athome.lu\\\/blog\\\/acheter\\\/fiscalite\\\/reforme-fiscale-quelles-mesures-pour-le-logement\\\/\",\"url\":\"https:\\\/\\\/www.athome.lu\\\/blog\\\/acheter\\\/fiscalite\\\/reforme-fiscale-quelles-mesures-pour-le-logement\\\/\",\"name\":\"R\u00e9forme fiscale: quelles mesures pour le logement ? - atHome Blog\",\"isPartOf\":{\"@id\":\"https:\\\/\\\/www.athome.lu\\\/blog\\\/#website\"},\"primaryImageOfPage\":{\"@id\":\"https:\\\/\\\/www.athome.lu\\\/blog\\\/acheter\\\/fiscalite\\\/reforme-fiscale-quelles-mesures-pour-le-logement\\\/#primaryimage\"},\"image\":{\"@id\":\"https:\\\/\\\/www.athome.lu\\\/blog\\\/acheter\\\/fiscalite\\\/reforme-fiscale-quelles-mesures-pour-le-logement\\\/#primaryimage\"},\"thumbnailUrl\":\"https:\\\/\\\/www.athome.lu\\\/blog\\\/wp-content\\\/uploads\\\/2016\\\/03\\\/luxembourg-1164654_960_720.jpg\",\"datePublished\":\"2016-03-01T13:38:00+00:00\",\"dateModified\":\"2022-05-12T08:58:28+00:00\",\"author\":{\"@id\":\"https:\\\/\\\/www.athome.lu\\\/blog\\\/#\\\/schema\\\/person\\\/47f7a38089f837e792876ceddc4cb2dc\"},\"breadcrumb\":{\"@id\":\"https:\\\/\\\/www.athome.lu\\\/blog\\\/acheter\\\/fiscalite\\\/reforme-fiscale-quelles-mesures-pour-le-logement\\\/#breadcrumb\"},\"inLanguage\":\"fr-FR\",\"potentialAction\":[{\"@type\":\"ReadAction\",\"target\":[\"https:\\\/\\\/www.athome.lu\\\/blog\\\/acheter\\\/fiscalite\\\/reforme-fiscale-quelles-mesures-pour-le-logement\\\/\"]}]},{\"@type\":\"ImageObject\",\"inLanguage\":\"fr-FR\",\"@id\":\"https:\\\/\\\/www.athome.lu\\\/blog\\\/acheter\\\/fiscalite\\\/reforme-fiscale-quelles-mesures-pour-le-logement\\\/#primaryimage\",\"url\":\"https:\\\/\\\/www.athome.lu\\\/blog\\\/wp-content\\\/uploads\\\/2016\\\/03\\\/luxembourg-1164654_960_720.jpg\",\"contentUrl\":\"https:\\\/\\\/www.athome.lu\\\/blog\\\/wp-content\\\/uploads\\\/2016\\\/03\\\/luxembourg-1164654_960_720.jpg\",\"width\":960,\"height\":540},{\"@type\":\"BreadcrumbList\",\"@id\":\"https:\\\/\\\/www.athome.lu\\\/blog\\\/acheter\\\/fiscalite\\\/reforme-fiscale-quelles-mesures-pour-le-logement\\\/#breadcrumb\",\"itemListElement\":[{\"@type\":\"ListItem\",\"position\":1,\"name\":\"Accueil\",\"item\":\"https:\\\/\\\/www.athome.lu\\\/blog\\\/\"},{\"@type\":\"ListItem\",\"position\":2,\"name\":\"Acheter\",\"item\":\"https:\\\/\\\/www.athome.lu\\\/blog\\\/en\\\/category\\\/buy\\\/\"},{\"@type\":\"ListItem\",\"position\":3,\"name\":\"Fiscalit\u00e9\",\"item\":\"https:\\\/\\\/www.athome.lu\\\/blog\\\/category\\\/acheter\\\/fiscalite\\\/\"},{\"@type\":\"ListItem\",\"position\":4,\"name\":\"R\u00e9forme fiscale: quelles mesures pour le logement ?\"}]},{\"@type\":\"WebSite\",\"@id\":\"https:\\\/\\\/www.athome.lu\\\/blog\\\/#website\",\"url\":\"https:\\\/\\\/www.athome.lu\\\/blog\\\/\",\"name\":\"atHome Blog\",\"description\":\"Annonces immobili\u00e8res au Luxembourg. Le portail immobilier n\u00b01 au Luxembourg.\",\"potentialAction\":[{\"@type\":\"SearchAction\",\"target\":{\"@type\":\"EntryPoint\",\"urlTemplate\":\"https:\\\/\\\/www.athome.lu\\\/blog\\\/?s={search_term_string}\"},\"query-input\":{\"@type\":\"PropertyValueSpecification\",\"valueRequired\":true,\"valueName\":\"search_term_string\"}}],\"inLanguage\":\"fr-FR\"},{\"@type\":\"Person\",\"@id\":\"https:\\\/\\\/www.athome.lu\\\/blog\\\/#\\\/schema\\\/person\\\/47f7a38089f837e792876ceddc4cb2dc\",\"name\":\"Fanny Pimentel\",\"image\":{\"@type\":\"ImageObject\",\"inLanguage\":\"fr-FR\",\"@id\":\"https:\\\/\\\/secure.gravatar.com\\\/avatar\\\/c60b27b93851dc9503f9cc9150e73dcb0a86ba6150657e5e4b11d988400bc633?s=96&d=mm&r=g\",\"url\":\"https:\\\/\\\/secure.gravatar.com\\\/avatar\\\/c60b27b93851dc9503f9cc9150e73dcb0a86ba6150657e5e4b11d988400bc633?s=96&d=mm&r=g\",\"contentUrl\":\"https:\\\/\\\/secure.gravatar.com\\\/avatar\\\/c60b27b93851dc9503f9cc9150e73dcb0a86ba6150657e5e4b11d988400bc633?s=96&d=mm&r=g\",\"caption\":\"Fanny Pimentel\"}}]}<\/script>\n<!-- \/ Yoast SEO plugin. -->","yoast_head_json":{"title":"R\u00e9forme fiscale: quelles mesures pour le logement ? - atHome Blog","robots":{"index":"index","follow":"follow","max-snippet":"max-snippet:-1","max-image-preview":"max-image-preview:large","max-video-preview":"max-video-preview:-1"},"canonical":"https:\/\/www.athome.lu\/blog\/acheter\/fiscalite\/reforme-fiscale-quelles-mesures-pour-le-logement\/","og_locale":"fr_FR","og_type":"article","og_title":"R\u00e9forme fiscale: quelles mesures pour le logement ? - atHome Blog","og_description":"Le 29 f\u00e9vrier 2016, le gouvernement a pr\u00e9sent\u00e9 lors d\u2019une conf\u00e9rence de presse les \u00e9l\u00e9ments de la r\u00e9forme fiscale, qui doit entrer en vigueur au 1er&nbsp;janvier 2017. Pour le volet logement, plusieurs mesures ont \u00e9t\u00e9 pr\u00e9sent\u00e9es&nbsp;: Facilitation de l\u2019acc\u00e8s au logement Pour am\u00e9liorer la capacit\u00e9 de financement de son habitation personnelle, le contribuable n\u2019ayant pas [&hellip;]","og_url":"https:\/\/www.athome.lu\/blog\/acheter\/fiscalite\/reforme-fiscale-quelles-mesures-pour-le-logement\/","og_site_name":"atHome Blog","article_publisher":"https:\/\/www.facebook.com\/atHome.lu\/","article_published_time":"2016-03-01T13:38:00+00:00","article_modified_time":"2022-05-12T08:58:28+00:00","og_image":[{"width":960,"height":540,"url":"https:\/\/www.athome.lu\/blog\/wp-content\/uploads\/2016\/03\/luxembourg-1164654_960_720.jpg","type":"image\/jpeg"}],"author":"Fanny Pimentel","twitter_card":"summary_large_image","twitter_creator":"@athomelu","twitter_site":"@athomelu","twitter_misc":{"\u00c9crit par":"Fanny Pimentel","Dur\u00e9e de lecture estim\u00e9e":"1 minute"},"schema":{"@context":"https:\/\/schema.org","@graph":[{"@type":"Article","@id":"https:\/\/www.athome.lu\/blog\/acheter\/fiscalite\/reforme-fiscale-quelles-mesures-pour-le-logement\/#article","isPartOf":{"@id":"https:\/\/www.athome.lu\/blog\/acheter\/fiscalite\/reforme-fiscale-quelles-mesures-pour-le-logement\/"},"author":{"name":"Fanny Pimentel","@id":"https:\/\/www.athome.lu\/blog\/#\/schema\/person\/47f7a38089f837e792876ceddc4cb2dc"},"headline":"R\u00e9forme fiscale: quelles mesures pour le logement ?","datePublished":"2016-03-01T13:38:00+00:00","dateModified":"2022-05-12T08:58:28+00:00","mainEntityOfPage":{"@id":"https:\/\/www.athome.lu\/blog\/acheter\/fiscalite\/reforme-fiscale-quelles-mesures-pour-le-logement\/"},"wordCount":186,"image":{"@id":"https:\/\/www.athome.lu\/blog\/acheter\/fiscalite\/reforme-fiscale-quelles-mesures-pour-le-logement\/#primaryimage"},"thumbnailUrl":"https:\/\/www.athome.lu\/blog\/wp-content\/uploads\/2016\/03\/luxembourg-1164654_960_720.jpg","keywords":["Cr\u00e9dit immobilier","Epargne"],"articleSection":["Fiscalit\u00e9"],"inLanguage":"fr-FR"},{"@type":"WebPage","@id":"https:\/\/www.athome.lu\/blog\/acheter\/fiscalite\/reforme-fiscale-quelles-mesures-pour-le-logement\/","url":"https:\/\/www.athome.lu\/blog\/acheter\/fiscalite\/reforme-fiscale-quelles-mesures-pour-le-logement\/","name":"R\u00e9forme fiscale: quelles mesures pour le logement ? - atHome Blog","isPartOf":{"@id":"https:\/\/www.athome.lu\/blog\/#website"},"primaryImageOfPage":{"@id":"https:\/\/www.athome.lu\/blog\/acheter\/fiscalite\/reforme-fiscale-quelles-mesures-pour-le-logement\/#primaryimage"},"image":{"@id":"https:\/\/www.athome.lu\/blog\/acheter\/fiscalite\/reforme-fiscale-quelles-mesures-pour-le-logement\/#primaryimage"},"thumbnailUrl":"https:\/\/www.athome.lu\/blog\/wp-content\/uploads\/2016\/03\/luxembourg-1164654_960_720.jpg","datePublished":"2016-03-01T13:38:00+00:00","dateModified":"2022-05-12T08:58:28+00:00","author":{"@id":"https:\/\/www.athome.lu\/blog\/#\/schema\/person\/47f7a38089f837e792876ceddc4cb2dc"},"breadcrumb":{"@id":"https:\/\/www.athome.lu\/blog\/acheter\/fiscalite\/reforme-fiscale-quelles-mesures-pour-le-logement\/#breadcrumb"},"inLanguage":"fr-FR","potentialAction":[{"@type":"ReadAction","target":["https:\/\/www.athome.lu\/blog\/acheter\/fiscalite\/reforme-fiscale-quelles-mesures-pour-le-logement\/"]}]},{"@type":"ImageObject","inLanguage":"fr-FR","@id":"https:\/\/www.athome.lu\/blog\/acheter\/fiscalite\/reforme-fiscale-quelles-mesures-pour-le-logement\/#primaryimage","url":"https:\/\/www.athome.lu\/blog\/wp-content\/uploads\/2016\/03\/luxembourg-1164654_960_720.jpg","contentUrl":"https:\/\/www.athome.lu\/blog\/wp-content\/uploads\/2016\/03\/luxembourg-1164654_960_720.jpg","width":960,"height":540},{"@type":"BreadcrumbList","@id":"https:\/\/www.athome.lu\/blog\/acheter\/fiscalite\/reforme-fiscale-quelles-mesures-pour-le-logement\/#breadcrumb","itemListElement":[{"@type":"ListItem","position":1,"name":"Accueil","item":"https:\/\/www.athome.lu\/blog\/"},{"@type":"ListItem","position":2,"name":"Acheter","item":"https:\/\/www.athome.lu\/blog\/en\/category\/buy\/"},{"@type":"ListItem","position":3,"name":"Fiscalit\u00e9","item":"https:\/\/www.athome.lu\/blog\/category\/acheter\/fiscalite\/"},{"@type":"ListItem","position":4,"name":"R\u00e9forme fiscale: quelles mesures pour le logement ?"}]},{"@type":"WebSite","@id":"https:\/\/www.athome.lu\/blog\/#website","url":"https:\/\/www.athome.lu\/blog\/","name":"atHome Blog","description":"Annonces immobili\u00e8res au Luxembourg. Le portail immobilier n\u00b01 au Luxembourg.","potentialAction":[{"@type":"SearchAction","target":{"@type":"EntryPoint","urlTemplate":"https:\/\/www.athome.lu\/blog\/?s={search_term_string}"},"query-input":{"@type":"PropertyValueSpecification","valueRequired":true,"valueName":"search_term_string"}}],"inLanguage":"fr-FR"},{"@type":"Person","@id":"https:\/\/www.athome.lu\/blog\/#\/schema\/person\/47f7a38089f837e792876ceddc4cb2dc","name":"Fanny Pimentel","image":{"@type":"ImageObject","inLanguage":"fr-FR","@id":"https:\/\/secure.gravatar.com\/avatar\/c60b27b93851dc9503f9cc9150e73dcb0a86ba6150657e5e4b11d988400bc633?s=96&d=mm&r=g","url":"https:\/\/secure.gravatar.com\/avatar\/c60b27b93851dc9503f9cc9150e73dcb0a86ba6150657e5e4b11d988400bc633?s=96&d=mm&r=g","contentUrl":"https:\/\/secure.gravatar.com\/avatar\/c60b27b93851dc9503f9cc9150e73dcb0a86ba6150657e5e4b11d988400bc633?s=96&d=mm&r=g","caption":"Fanny Pimentel"}}]}},"featured_media_src_url":"https:\/\/www.athome.lu\/blog\/wp-content\/uploads\/2016\/03\/luxembourg-1164654_960_720.jpg","_links":{"self":[{"href":"https:\/\/www.athome.lu\/blog\/wp-json\/wp\/v2\/posts\/7523","targetHints":{"allow":["GET"]}}],"collection":[{"href":"https:\/\/www.athome.lu\/blog\/wp-json\/wp\/v2\/posts"}],"about":[{"href":"https:\/\/www.athome.lu\/blog\/wp-json\/wp\/v2\/types\/post"}],"author":[{"embeddable":true,"href":"https:\/\/www.athome.lu\/blog\/wp-json\/wp\/v2\/users\/17"}],"replies":[{"embeddable":true,"href":"https:\/\/www.athome.lu\/blog\/wp-json\/wp\/v2\/comments?post=7523"}],"version-history":[{"count":3,"href":"https:\/\/www.athome.lu\/blog\/wp-json\/wp\/v2\/posts\/7523\/revisions"}],"predecessor-version":[{"id":15352,"href":"https:\/\/www.athome.lu\/blog\/wp-json\/wp\/v2\/posts\/7523\/revisions\/15352"}],"wp:featuredmedia":[{"embeddable":true,"href":"https:\/\/www.athome.lu\/blog\/wp-json\/wp\/v2\/media\/7525"}],"wp:attachment":[{"href":"https:\/\/www.athome.lu\/blog\/wp-json\/wp\/v2\/media?parent=7523"}],"wp:term":[{"taxonomy":"category","embeddable":true,"href":"https:\/\/www.athome.lu\/blog\/wp-json\/wp\/v2\/categories?post=7523"},{"taxonomy":"post_tag","embeddable":true,"href":"https:\/\/www.athome.lu\/blog\/wp-json\/wp\/v2\/tags?post=7523"}],"curies":[{"name":"wp","href":"https:\/\/api.w.org\/{rel}","templated":true}]}}