{"id":7689,"date":"2016-04-12T15:15:49","date_gmt":"2016-04-12T14:15:49","guid":{"rendered":"https:\/\/www.athome.lu\/blog\/?p=7689"},"modified":"2022-05-11T09:41:33","modified_gmt":"2022-05-11T07:41:33","slug":"les-7-tendances-deco-pour-le-printemps","status":"publish","type":"post","link":"https:\/\/www.athome.lu\/blog\/mon-logement\/meuble-decoration\/les-7-tendances-deco-pour-le-printemps\/","title":{"rendered":"Les 7 tendances d\u00e9co pour le printemps"},"content":{"rendered":"\n<p><span style=\"color: #000000;\">Envie de changer de d\u00e9cor, ou simplement de rafra\u00eechir votre int\u00e9rieur&nbsp;? Soyez inspir\u00e9 par les nouveaut\u00e9s de cette ann\u00e9e&nbsp;!&nbsp;D\u00e9couvrez&nbsp;les tendances de 2016.<\/span><\/p>\n\n\n\n<h2 class=\"wp-block-heading\"><span style=\"color: #000000;\">1- Le rose quartz<\/span><\/h2>\n\n\n\n<p><span style=\"color: #000000;\">C\u2019est la couleur Pantone de cette ann\u00e9e 2016. Ce rose pastel est la couleur \u00e0 adopter absolument, en r\u00e9novation \u00e0 appliquer sur un mur, ou avec des objets pour \u00e9gayer une pi\u00e8ce.<\/span><\/p>\n\n\n\n<h2 class=\"wp-block-heading\"><span style=\"color: #000000;\">2-&nbsp;Les imprim\u00e9s graphiques<\/span><\/h2>\n\n\n\n<p><span style=\"color: #000000;\">Graphiques, g\u00e9om\u00e9triques ou plus \u00e9labor\u00e9s, ces imprim\u00e9s s\u2019affichent sur les papiers peints, les tapis et plus g\u00e9n\u00e9ralement sur tous les tissus d\u2019ameublement.<\/span><\/p>\n\n\n\n<h2 class=\"wp-block-heading\"><span style=\"color: #000000;\">3- Le style \u00ab&nbsp;Wild&nbsp;\u00bb<\/span><\/h2>\n\n\n\n<p><span style=\"color: #000000;\">La mode en d\u00e9coration d\u2019int\u00e9rieur cette ann\u00e9e est le style wild, ou plus clairement le style safari. Imprim\u00e9s animaux, couleurs chaudes et mati\u00e8res brutes, voici les indispensables de la tendance.<\/span><\/p>\n\n\n\n<h2 class=\"wp-block-heading\"><span style=\"color: #000000;\">4-&nbsp;Les carreaux de ciment<\/span><\/h2>\n\n\n\n<p><span style=\"color: #000000;\">R\u00e9put\u00e9 vintage, les carreaux de ciment avec leurs motifs en rosaces ou leurs formes cubiques sont remis au go\u00fbt du jour en 2016, et habillent les murs et les sols de la maison.<\/span><\/p>\n\n\n\n<h2 class=\"wp-block-heading\"><span style=\"color: #000000;\">5- Le dor\u00e9<\/span><\/h2>\n\n\n\n<p><span style=\"color: #000000;\">Avec mod\u00e9ration pour \u00e9viter l\u2019effet bling-bling, le dor\u00e9 peut \u00eatre mis \u00e0 l\u2019honneur sur des imprim\u00e9s, ou en accessoires (vase, \u00e9l\u00e9ments de cuisine, lampe, etc.).<\/span><\/p>\n\n\n\n<h2 class=\"wp-block-heading\"><span style=\"color: #000000;\">6-&nbsp;Le style scandinave<\/span><\/h2>\n\n\n\n<p><span style=\"color: #000000;\">D\u00e9j\u00e0 pr\u00e9sent dans tous les magazines de d\u00e9coration d\u2019int\u00e9rieur l\u2019an dernier, le style scandinave perdure. Couleurs pastel, mat\u00e9riaux naturels, et lignes \u00e9pur\u00e9es, l\u2019inspiration scandinave apporte une impression de calme et de bien-\u00eatre.<\/span><\/p>\n\n\n\n<h2 class=\"wp-block-heading\"><span style=\"color: #000000;\">7-&nbsp;Le boh\u00e8me chic<\/span><\/h2>\n\n\n\n<p><span style=\"color: #000000;\">Il s'agit d'un m\u00e9lange de mati\u00e8res naturelles et de motifs ethniques. Un peu vintage, tr\u00e8s color\u00e9, c\u2019est un mix de diff\u00e9rents styles.&nbsp;Cette tendance laissera place \u00e0 toute votre imagination pour personnaliser votre int\u00e9rieur.<\/span><\/p>\n\n\n\n<p><span style=\"color: #000000;\">Vous\u00a0avez maintenant l'embarras du choix pour votre <a href=\"https:\/\/www.athome.lu\/blog\/blog\/changer-de-deco-au-printemps-sans-se-ruiner\/\" target=\"_blank\" rel=\"noopener\">d\u00e9co de printemps<\/a> !<\/span><\/p>\n\n\n<section id=\"section-3-14695\" class=\" ct-section\" ><div class=\"ct-section-inner-wrap\"><div id=\"div_block-4-14695\" class=\"ct-div-block\" ><div id=\"new_columns-7-14695\" class=\"ct-new-columns\" ><div id=\"div_block-8-14695\" class=\"ct-div-block\" ><div id=\"div_block-14-14695\" class=\"ct-div-block\" ><\/div><\/div><div id=\"div_block-9-14695\" class=\"ct-div-block\" ><h1 id=\"headline-11-14695\" class=\"ct-headline\">Quels sont les prix de l'immobilier en ce moment ?<\/h1><div id=\"text_block-12-14695\" class=\"ct-text-block\" >Les prix ralentissent. Les taux d'int\u00e9r\u00eat augmentent. Quelles tendances pour les mois \u00e0 venir ?<\/div><a id=\"link_button-13-14695\" class=\"ct-link-button\" href=\"https:\/\/www.athome.lu\/blog\/blog\/marche-immobilier\/prix\/tendances-2022\/\" target=\"_blank\"  >Lire l'analyse<\/a><\/div><\/div><\/div><\/div><\/section>","protected":false},"excerpt":{"rendered":"<p>Envie de changer de d\u00e9cor, ou simplement de rafra\u00eechir votre int\u00e9rieur&nbsp;? Soyez inspir\u00e9 par les nouveaut\u00e9s de cette ann\u00e9e&nbsp;!&nbsp;D\u00e9couvrez&nbsp;les tendances de 2016. 1- Le rose quartz C\u2019est la couleur Pantone de cette ann\u00e9e 2016. Ce rose pastel est la couleur \u00e0 adopter absolument, en r\u00e9novation \u00e0 appliquer sur un mur, ou avec des objets pour [&hellip;]<\/p>\n","protected":false},"author":17,"featured_media":7698,"comment_status":"closed","ping_status":"open","sticky":false,"template":"","format":"standard","meta":{"_acf_changed":false,"footnotes":""},"categories":[210],"tags":[79,81],"class_list":["post-7689","post","type-post","status-publish","format-standard","has-post-thumbnail","hentry","category-meuble-decoration","tag-decoration","tag-equipement-de-la-maison"],"acf":[],"yoast_head":"<!-- This site is optimized with the Yoast SEO plugin v27.4 - https:\/\/yoast.com\/product\/yoast-seo-wordpress\/ -->\n<title>\u25b7 7 Tendances D\u00e9co - Printemps 2016 | atHome<\/title>\n<meta name=\"description\" content=\"Envie de changer de d\u00e9cor, ou simplement de rafra\u00eechir votre int\u00e9rieur ? \u25b7\u25b7 D\u00e9couvrez sur atHome les tendances d\u00e9co pour ce Printemps 2016.\" \/>\n<meta name=\"robots\" content=\"index, follow, max-snippet:-1, max-image-preview:large, max-video-preview:-1\" \/>\n<link rel=\"canonical\" href=\"https:\/\/www.athome.lu\/blog\/mon-logement\/meuble-decoration\/les-7-tendances-deco-pour-le-printemps\/\" \/>\n<meta property=\"og:locale\" content=\"fr_FR\" \/>\n<meta property=\"og:type\" content=\"article\" \/>\n<meta property=\"og:title\" content=\"\u25b7 7 Tendances D\u00e9co - Printemps 2016 | atHome\" \/>\n<meta property=\"og:description\" content=\"Envie de changer de d\u00e9cor, ou simplement de rafra\u00eechir votre int\u00e9rieur ? \u25b7\u25b7 D\u00e9couvrez sur atHome les tendances d\u00e9co pour ce Printemps 2016.\" \/>\n<meta property=\"og:url\" content=\"https:\/\/www.athome.lu\/blog\/mon-logement\/meuble-decoration\/les-7-tendances-deco-pour-le-printemps\/\" \/>\n<meta property=\"og:site_name\" content=\"atHome Blog\" \/>\n<meta property=\"article:publisher\" content=\"https:\/\/www.facebook.com\/atHome.lu\/\" \/>\n<meta property=\"article:published_time\" content=\"2016-04-12T14:15:49+00:00\" \/>\n<meta property=\"article:modified_time\" content=\"2022-05-11T07:41:33+00:00\" \/>\n<meta property=\"og:image\" content=\"https:\/\/www.athome.lu\/blog\/wp-content\/uploads\/2016\/04\/iStock_000042442258Small.jpg\" \/>\n\t<meta property=\"og:image:width\" content=\"817\" \/>\n\t<meta property=\"og:image:height\" content=\"588\" \/>\n\t<meta property=\"og:image:type\" content=\"image\/jpeg\" \/>\n<meta name=\"author\" content=\"Fanny Pimentel\" \/>\n<meta name=\"twitter:card\" content=\"summary_large_image\" \/>\n<meta name=\"twitter:title\" content=\"\u25b7 7 Tendances D\u00e9co - Printemps 2016 | atHome\" \/>\n<meta name=\"twitter:description\" content=\"Envie de changer de d\u00e9cor, ou simplement de rafra\u00eechir votre int\u00e9rieur ? \u25b7\u25b7 D\u00e9couvrez sur atHome les tendances d\u00e9co pour ce Printemps 2016.\" \/>\n<meta name=\"twitter:creator\" content=\"@athomelu\" \/>\n<meta name=\"twitter:site\" content=\"@athomelu\" \/>\n<meta name=\"twitter:label1\" content=\"\u00c9crit par\" \/>\n\t<meta name=\"twitter:data1\" content=\"Fanny Pimentel\" \/>\n\t<meta name=\"twitter:label2\" content=\"Dur\u00e9e de lecture estim\u00e9e\" \/>\n\t<meta name=\"twitter:data2\" content=\"2 minutes\" \/>\n<script type=\"application\/ld+json\" class=\"yoast-schema-graph\">{\"@context\":\"https:\\\/\\\/schema.org\",\"@graph\":[{\"@type\":\"Article\",\"@id\":\"https:\\\/\\\/www.athome.lu\\\/blog\\\/mon-logement\\\/meuble-decoration\\\/les-7-tendances-deco-pour-le-printemps\\\/#article\",\"isPartOf\":{\"@id\":\"https:\\\/\\\/www.athome.lu\\\/blog\\\/mon-logement\\\/meuble-decoration\\\/les-7-tendances-deco-pour-le-printemps\\\/\"},\"author\":{\"name\":\"Fanny Pimentel\",\"@id\":\"https:\\\/\\\/www.athome.lu\\\/blog\\\/#\\\/schema\\\/person\\\/47f7a38089f837e792876ceddc4cb2dc\"},\"headline\":\"Les 7 tendances d\u00e9co pour le printemps\",\"datePublished\":\"2016-04-12T14:15:49+00:00\",\"dateModified\":\"2022-05-11T07:41:33+00:00\",\"mainEntityOfPage\":{\"@id\":\"https:\\\/\\\/www.athome.lu\\\/blog\\\/mon-logement\\\/meuble-decoration\\\/les-7-tendances-deco-pour-le-printemps\\\/\"},\"wordCount\":332,\"image\":{\"@id\":\"https:\\\/\\\/www.athome.lu\\\/blog\\\/mon-logement\\\/meuble-decoration\\\/les-7-tendances-deco-pour-le-printemps\\\/#primaryimage\"},\"thumbnailUrl\":\"https:\\\/\\\/www.athome.lu\\\/blog\\\/wp-content\\\/uploads\\\/2016\\\/04\\\/iStock_000042442258Small.jpg\",\"keywords\":[\"D\u00e9coration\",\"Equipement de la maison\"],\"articleSection\":[\"Meubler et D\u00e9corer\"],\"inLanguage\":\"fr-FR\"},{\"@type\":\"WebPage\",\"@id\":\"https:\\\/\\\/www.athome.lu\\\/blog\\\/mon-logement\\\/meuble-decoration\\\/les-7-tendances-deco-pour-le-printemps\\\/\",\"url\":\"https:\\\/\\\/www.athome.lu\\\/blog\\\/mon-logement\\\/meuble-decoration\\\/les-7-tendances-deco-pour-le-printemps\\\/\",\"name\":\"\u25b7 7 Tendances D\u00e9co - Printemps 2016 | atHome\",\"isPartOf\":{\"@id\":\"https:\\\/\\\/www.athome.lu\\\/blog\\\/#website\"},\"primaryImageOfPage\":{\"@id\":\"https:\\\/\\\/www.athome.lu\\\/blog\\\/mon-logement\\\/meuble-decoration\\\/les-7-tendances-deco-pour-le-printemps\\\/#primaryimage\"},\"image\":{\"@id\":\"https:\\\/\\\/www.athome.lu\\\/blog\\\/mon-logement\\\/meuble-decoration\\\/les-7-tendances-deco-pour-le-printemps\\\/#primaryimage\"},\"thumbnailUrl\":\"https:\\\/\\\/www.athome.lu\\\/blog\\\/wp-content\\\/uploads\\\/2016\\\/04\\\/iStock_000042442258Small.jpg\",\"datePublished\":\"2016-04-12T14:15:49+00:00\",\"dateModified\":\"2022-05-11T07:41:33+00:00\",\"author\":{\"@id\":\"https:\\\/\\\/www.athome.lu\\\/blog\\\/#\\\/schema\\\/person\\\/47f7a38089f837e792876ceddc4cb2dc\"},\"description\":\"Envie de changer de d\u00e9cor, ou simplement de rafra\u00eechir votre int\u00e9rieur ? \u25b7\u25b7 D\u00e9couvrez sur atHome les tendances d\u00e9co pour ce Printemps 2016.\",\"breadcrumb\":{\"@id\":\"https:\\\/\\\/www.athome.lu\\\/blog\\\/mon-logement\\\/meuble-decoration\\\/les-7-tendances-deco-pour-le-printemps\\\/#breadcrumb\"},\"inLanguage\":\"fr-FR\",\"potentialAction\":[{\"@type\":\"ReadAction\",\"target\":[\"https:\\\/\\\/www.athome.lu\\\/blog\\\/mon-logement\\\/meuble-decoration\\\/les-7-tendances-deco-pour-le-printemps\\\/\"]}]},{\"@type\":\"ImageObject\",\"inLanguage\":\"fr-FR\",\"@id\":\"https:\\\/\\\/www.athome.lu\\\/blog\\\/mon-logement\\\/meuble-decoration\\\/les-7-tendances-deco-pour-le-printemps\\\/#primaryimage\",\"url\":\"https:\\\/\\\/www.athome.lu\\\/blog\\\/wp-content\\\/uploads\\\/2016\\\/04\\\/iStock_000042442258Small.jpg\",\"contentUrl\":\"https:\\\/\\\/www.athome.lu\\\/blog\\\/wp-content\\\/uploads\\\/2016\\\/04\\\/iStock_000042442258Small.jpg\",\"width\":817,\"height\":588,\"caption\":\"tendances d\u00e9coration de printemps 2016\"},{\"@type\":\"BreadcrumbList\",\"@id\":\"https:\\\/\\\/www.athome.lu\\\/blog\\\/mon-logement\\\/meuble-decoration\\\/les-7-tendances-deco-pour-le-printemps\\\/#breadcrumb\",\"itemListElement\":[{\"@type\":\"ListItem\",\"position\":1,\"name\":\"Accueil\",\"item\":\"https:\\\/\\\/www.athome.lu\\\/blog\\\/\"},{\"@type\":\"ListItem\",\"position\":2,\"name\":\"Mon logement\",\"item\":\"https:\\\/\\\/www.athome.lu\\\/blog\\\/de\\\/category\\\/mein-haus\\\/\"},{\"@type\":\"ListItem\",\"position\":3,\"name\":\"Meubler et D\u00e9corer\",\"item\":\"https:\\\/\\\/www.athome.lu\\\/blog\\\/de\\\/category\\\/mein-haus\\\/deko-mobel\\\/\"},{\"@type\":\"ListItem\",\"position\":4,\"name\":\"Les 7 tendances d\u00e9co pour le printemps\"}]},{\"@type\":\"WebSite\",\"@id\":\"https:\\\/\\\/www.athome.lu\\\/blog\\\/#website\",\"url\":\"https:\\\/\\\/www.athome.lu\\\/blog\\\/\",\"name\":\"atHome Blog\",\"description\":\"Annonces immobili\u00e8res au Luxembourg. Le portail immobilier n\u00b01 au Luxembourg.\",\"potentialAction\":[{\"@type\":\"SearchAction\",\"target\":{\"@type\":\"EntryPoint\",\"urlTemplate\":\"https:\\\/\\\/www.athome.lu\\\/blog\\\/?s={search_term_string}\"},\"query-input\":{\"@type\":\"PropertyValueSpecification\",\"valueRequired\":true,\"valueName\":\"search_term_string\"}}],\"inLanguage\":\"fr-FR\"},{\"@type\":\"Person\",\"@id\":\"https:\\\/\\\/www.athome.lu\\\/blog\\\/#\\\/schema\\\/person\\\/47f7a38089f837e792876ceddc4cb2dc\",\"name\":\"Fanny Pimentel\",\"image\":{\"@type\":\"ImageObject\",\"inLanguage\":\"fr-FR\",\"@id\":\"https:\\\/\\\/secure.gravatar.com\\\/avatar\\\/c60b27b93851dc9503f9cc9150e73dcb0a86ba6150657e5e4b11d988400bc633?s=96&d=mm&r=g\",\"url\":\"https:\\\/\\\/secure.gravatar.com\\\/avatar\\\/c60b27b93851dc9503f9cc9150e73dcb0a86ba6150657e5e4b11d988400bc633?s=96&d=mm&r=g\",\"contentUrl\":\"https:\\\/\\\/secure.gravatar.com\\\/avatar\\\/c60b27b93851dc9503f9cc9150e73dcb0a86ba6150657e5e4b11d988400bc633?s=96&d=mm&r=g\",\"caption\":\"Fanny Pimentel\"}}]}<\/script>\n<!-- \/ Yoast SEO plugin. -->","yoast_head_json":{"title":"\u25b7 7 Tendances D\u00e9co - Printemps 2016 | atHome","description":"Envie de changer de d\u00e9cor, ou simplement de rafra\u00eechir votre int\u00e9rieur ? \u25b7\u25b7 D\u00e9couvrez sur atHome les tendances d\u00e9co pour ce Printemps 2016.","robots":{"index":"index","follow":"follow","max-snippet":"max-snippet:-1","max-image-preview":"max-image-preview:large","max-video-preview":"max-video-preview:-1"},"canonical":"https:\/\/www.athome.lu\/blog\/mon-logement\/meuble-decoration\/les-7-tendances-deco-pour-le-printemps\/","og_locale":"fr_FR","og_type":"article","og_title":"\u25b7 7 Tendances D\u00e9co - Printemps 2016 | atHome","og_description":"Envie de changer de d\u00e9cor, ou simplement de rafra\u00eechir votre int\u00e9rieur ? \u25b7\u25b7 D\u00e9couvrez sur atHome les tendances d\u00e9co pour ce Printemps 2016.","og_url":"https:\/\/www.athome.lu\/blog\/mon-logement\/meuble-decoration\/les-7-tendances-deco-pour-le-printemps\/","og_site_name":"atHome Blog","article_publisher":"https:\/\/www.facebook.com\/atHome.lu\/","article_published_time":"2016-04-12T14:15:49+00:00","article_modified_time":"2022-05-11T07:41:33+00:00","og_image":[{"width":817,"height":588,"url":"https:\/\/www.athome.lu\/blog\/wp-content\/uploads\/2016\/04\/iStock_000042442258Small.jpg","type":"image\/jpeg"}],"author":"Fanny Pimentel","twitter_card":"summary_large_image","twitter_title":"\u25b7 7 Tendances D\u00e9co - Printemps 2016 | atHome","twitter_description":"Envie de changer de d\u00e9cor, ou simplement de rafra\u00eechir votre int\u00e9rieur ? \u25b7\u25b7 D\u00e9couvrez sur atHome les tendances d\u00e9co pour ce Printemps 2016.","twitter_creator":"@athomelu","twitter_site":"@athomelu","twitter_misc":{"\u00c9crit par":"Fanny Pimentel","Dur\u00e9e de lecture estim\u00e9e":"2 minutes"},"schema":{"@context":"https:\/\/schema.org","@graph":[{"@type":"Article","@id":"https:\/\/www.athome.lu\/blog\/mon-logement\/meuble-decoration\/les-7-tendances-deco-pour-le-printemps\/#article","isPartOf":{"@id":"https:\/\/www.athome.lu\/blog\/mon-logement\/meuble-decoration\/les-7-tendances-deco-pour-le-printemps\/"},"author":{"name":"Fanny Pimentel","@id":"https:\/\/www.athome.lu\/blog\/#\/schema\/person\/47f7a38089f837e792876ceddc4cb2dc"},"headline":"Les 7 tendances d\u00e9co pour le printemps","datePublished":"2016-04-12T14:15:49+00:00","dateModified":"2022-05-11T07:41:33+00:00","mainEntityOfPage":{"@id":"https:\/\/www.athome.lu\/blog\/mon-logement\/meuble-decoration\/les-7-tendances-deco-pour-le-printemps\/"},"wordCount":332,"image":{"@id":"https:\/\/www.athome.lu\/blog\/mon-logement\/meuble-decoration\/les-7-tendances-deco-pour-le-printemps\/#primaryimage"},"thumbnailUrl":"https:\/\/www.athome.lu\/blog\/wp-content\/uploads\/2016\/04\/iStock_000042442258Small.jpg","keywords":["D\u00e9coration","Equipement de la maison"],"articleSection":["Meubler et D\u00e9corer"],"inLanguage":"fr-FR"},{"@type":"WebPage","@id":"https:\/\/www.athome.lu\/blog\/mon-logement\/meuble-decoration\/les-7-tendances-deco-pour-le-printemps\/","url":"https:\/\/www.athome.lu\/blog\/mon-logement\/meuble-decoration\/les-7-tendances-deco-pour-le-printemps\/","name":"\u25b7 7 Tendances D\u00e9co - Printemps 2016 | atHome","isPartOf":{"@id":"https:\/\/www.athome.lu\/blog\/#website"},"primaryImageOfPage":{"@id":"https:\/\/www.athome.lu\/blog\/mon-logement\/meuble-decoration\/les-7-tendances-deco-pour-le-printemps\/#primaryimage"},"image":{"@id":"https:\/\/www.athome.lu\/blog\/mon-logement\/meuble-decoration\/les-7-tendances-deco-pour-le-printemps\/#primaryimage"},"thumbnailUrl":"https:\/\/www.athome.lu\/blog\/wp-content\/uploads\/2016\/04\/iStock_000042442258Small.jpg","datePublished":"2016-04-12T14:15:49+00:00","dateModified":"2022-05-11T07:41:33+00:00","author":{"@id":"https:\/\/www.athome.lu\/blog\/#\/schema\/person\/47f7a38089f837e792876ceddc4cb2dc"},"description":"Envie de changer de d\u00e9cor, ou simplement de rafra\u00eechir votre int\u00e9rieur ? \u25b7\u25b7 D\u00e9couvrez sur atHome les tendances d\u00e9co pour ce Printemps 2016.","breadcrumb":{"@id":"https:\/\/www.athome.lu\/blog\/mon-logement\/meuble-decoration\/les-7-tendances-deco-pour-le-printemps\/#breadcrumb"},"inLanguage":"fr-FR","potentialAction":[{"@type":"ReadAction","target":["https:\/\/www.athome.lu\/blog\/mon-logement\/meuble-decoration\/les-7-tendances-deco-pour-le-printemps\/"]}]},{"@type":"ImageObject","inLanguage":"fr-FR","@id":"https:\/\/www.athome.lu\/blog\/mon-logement\/meuble-decoration\/les-7-tendances-deco-pour-le-printemps\/#primaryimage","url":"https:\/\/www.athome.lu\/blog\/wp-content\/uploads\/2016\/04\/iStock_000042442258Small.jpg","contentUrl":"https:\/\/www.athome.lu\/blog\/wp-content\/uploads\/2016\/04\/iStock_000042442258Small.jpg","width":817,"height":588,"caption":"tendances d\u00e9coration de printemps 2016"},{"@type":"BreadcrumbList","@id":"https:\/\/www.athome.lu\/blog\/mon-logement\/meuble-decoration\/les-7-tendances-deco-pour-le-printemps\/#breadcrumb","itemListElement":[{"@type":"ListItem","position":1,"name":"Accueil","item":"https:\/\/www.athome.lu\/blog\/"},{"@type":"ListItem","position":2,"name":"Mon logement","item":"https:\/\/www.athome.lu\/blog\/de\/category\/mein-haus\/"},{"@type":"ListItem","position":3,"name":"Meubler et D\u00e9corer","item":"https:\/\/www.athome.lu\/blog\/de\/category\/mein-haus\/deko-mobel\/"},{"@type":"ListItem","position":4,"name":"Les 7 tendances d\u00e9co pour le printemps"}]},{"@type":"WebSite","@id":"https:\/\/www.athome.lu\/blog\/#website","url":"https:\/\/www.athome.lu\/blog\/","name":"atHome Blog","description":"Annonces immobili\u00e8res au Luxembourg. Le portail immobilier n\u00b01 au Luxembourg.","potentialAction":[{"@type":"SearchAction","target":{"@type":"EntryPoint","urlTemplate":"https:\/\/www.athome.lu\/blog\/?s={search_term_string}"},"query-input":{"@type":"PropertyValueSpecification","valueRequired":true,"valueName":"search_term_string"}}],"inLanguage":"fr-FR"},{"@type":"Person","@id":"https:\/\/www.athome.lu\/blog\/#\/schema\/person\/47f7a38089f837e792876ceddc4cb2dc","name":"Fanny Pimentel","image":{"@type":"ImageObject","inLanguage":"fr-FR","@id":"https:\/\/secure.gravatar.com\/avatar\/c60b27b93851dc9503f9cc9150e73dcb0a86ba6150657e5e4b11d988400bc633?s=96&d=mm&r=g","url":"https:\/\/secure.gravatar.com\/avatar\/c60b27b93851dc9503f9cc9150e73dcb0a86ba6150657e5e4b11d988400bc633?s=96&d=mm&r=g","contentUrl":"https:\/\/secure.gravatar.com\/avatar\/c60b27b93851dc9503f9cc9150e73dcb0a86ba6150657e5e4b11d988400bc633?s=96&d=mm&r=g","caption":"Fanny Pimentel"}}]}},"featured_media_src_url":"https:\/\/www.athome.lu\/blog\/wp-content\/uploads\/2016\/04\/iStock_000042442258Small.jpg","_links":{"self":[{"href":"https:\/\/www.athome.lu\/blog\/wp-json\/wp\/v2\/posts\/7689","targetHints":{"allow":["GET"]}}],"collection":[{"href":"https:\/\/www.athome.lu\/blog\/wp-json\/wp\/v2\/posts"}],"about":[{"href":"https:\/\/www.athome.lu\/blog\/wp-json\/wp\/v2\/types\/post"}],"author":[{"embeddable":true,"href":"https:\/\/www.athome.lu\/blog\/wp-json\/wp\/v2\/users\/17"}],"replies":[{"embeddable":true,"href":"https:\/\/www.athome.lu\/blog\/wp-json\/wp\/v2\/comments?post=7689"}],"version-history":[{"count":2,"href":"https:\/\/www.athome.lu\/blog\/wp-json\/wp\/v2\/posts\/7689\/revisions"}],"predecessor-version":[{"id":14833,"href":"https:\/\/www.athome.lu\/blog\/wp-json\/wp\/v2\/posts\/7689\/revisions\/14833"}],"wp:featuredmedia":[{"embeddable":true,"href":"https:\/\/www.athome.lu\/blog\/wp-json\/wp\/v2\/media\/7698"}],"wp:attachment":[{"href":"https:\/\/www.athome.lu\/blog\/wp-json\/wp\/v2\/media?parent=7689"}],"wp:term":[{"taxonomy":"category","embeddable":true,"href":"https:\/\/www.athome.lu\/blog\/wp-json\/wp\/v2\/categories?post=7689"},{"taxonomy":"post_tag","embeddable":true,"href":"https:\/\/www.athome.lu\/blog\/wp-json\/wp\/v2\/tags?post=7689"}],"curies":[{"name":"wp","href":"https:\/\/api.w.org\/{rel}","templated":true}]}}