{"id":7819,"date":"2016-05-04T10:13:00","date_gmt":"2016-05-04T09:13:00","guid":{"rendered":"https:\/\/www.athome.lu\/blog\/?p=7819"},"modified":"2022-05-11T09:43:54","modified_gmt":"2022-05-11T07:43:54","slug":"bissen-vivre-a-campagne-a-20-min-de-capitale","status":"publish","type":"post","link":"https:\/\/www.athome.lu\/blog\/marche-immobilier\/villes\/bissen-vivre-a-campagne-a-20-min-de-capitale\/","title":{"rendered":"Bissen, vivre \u00e0 la campagne \u00e0 20 min de la capitale"},"content":{"rendered":"\n<p><span style=\"color: #000000;\"><strong>Avec l\u2019ouverture de la Nordstrooss, Bissen s\u2019est \u00ab&nbsp;rapproch\u00e9e&nbsp;\u00bb de la capitale. Un atout de plus pour cette petite commune qui s\u00e9duit par son cadre de vie. Rurale, la localit\u00e9 a \u00e9galement su attirer de nombreuses entreprises sur son territoire. &nbsp;<\/strong><\/span><\/p>\n\n\n\n<p><span style=\"color: #000000;\">Sise en plein c\u0153ur du pays, la commune de Bissen a pour particularit\u00e9 d\u2019accueillir de nombreuses entreprises sur son territoire. On peut notamment citer ArcelorMittal, ou Luxlait. Quotidiennement, plus de 2000 personnes rejoignent donc la zone d\u2019activit\u00e9s de la commune pour y travailler. Une pr\u00e9sence d\u2019activit\u00e9s qui n\u2019est pas nouvelle.&nbsp; A la fin du 19<sup>\u00e8me<\/sup> si\u00e8cle, elle abritait notamment une clouterie m\u00e9canique et une tr\u00e9filerie. Dans les ann\u00e9es 1970, Goodyear a \u00e9galement cr\u00e9\u00e9 des installations sur le territoire de la commune.<\/span><\/p>\n\n\n\n<p class=\"has-text-align-center\">&nbsp;<\/p>\n\n\n\n<h2 class=\"wp-block-heading\"><span style=\"color: #000000;\">300 habitants de plus en 10 ans<\/span><\/h2>\n\n\n\n<p><span style=\"color: #000000;\">Cela n\u2019en reste pas moins une belle r\u00e9ussite quand on sait que la commune de <a href=\"https:\/\/www.athome.lu\/blog\/recherche\/resultats\/tr\/by\/w\/a,Bissen#Annonces immobili\u00e8res Bissen\">Bissen<\/a> ne compte pas plus de 2.905 habitants (en 2014). L\u2019\u00e9volution du nombre d\u2019habitants a surtout progress\u00e9 depuis une petite dizaine d\u2019ann\u00e9es. En 2006, Bissen ne comptait encore que 2.600 habitants. Au registre des caract\u00e9ristiques, on peut d\u2019ailleurs noter que la grande majorit\u00e9 de la population est de nationalit\u00e9 luxembourgeoise (pr\u00e8s de 1.900 personnes). Ils sont suivis par les Portugais qui sont un peu plus de 600 \u00e0 avoir choisi de s\u2019y installer. Suivent, loin derri\u00e8re, les Fran\u00e7ais (72) et les Belges (70).<\/span><\/p>\n\n\n\n<h2 class=\"wp-block-heading\"><span style=\"color: #000000;\">Des animations pour petits et grands<\/span><\/h2>\n\n\n\n<p><span style=\"color: #000000;\">Pour faire face \u00e0 cette \u00e9volution d\u00e9mographique, la commune a beaucoup investi ces derni\u00e8res ann\u00e9es dans son offre scolaire (pr\u00e9coce, pr\u00e9scolaire et primaire). Une nouvelle maison relais a \u00e9galement \u00e9t\u00e9 construite afin d\u2019augmenter significativement les capacit\u00e9s d\u2019accueil. La Maison \u00abUn der Atert&nbsp;\u00bb&nbsp; peut actuellement accueillir 161 enfants et elle fonctionne tout au long de l\u2019ann\u00e9e \u00e0 l\u2019exception d\u2019une semaine pour No\u00ebl et de deux semaines en ao\u00fbt. Une cr\u00e8che est \u00e9galement en activit\u00e9 pour accueillir les enfants de 2 mois \u00e0 4 ans qui ne sont pas encore scolaris\u00e9s. Les plus grands comme les seniors n\u2019ont pas&nbsp; \u00e9t\u00e9 oubli\u00e9s. Diff\u00e9rentes salles communales, une maison des jeunes ainsi que diff\u00e9rents \u00e9quipements sportifs (notamment d\u00e9di\u00e9s au tennis et au foot) viennent compl\u00e9ter l\u2019offre en mati\u00e8re de lieux d\u2019\u00e9changes, de rencontres et d\u2019animations. Bissen a \u00e9galement particip\u00e9 au financement de la NordPool, le complexe aquatique situ\u00e9 \u00e0 Colmar Berg. A ces structures, s\u2019ajoute le vaste espace de&nbsp; d\u00e9couverte que composent les centaines d\u2019hectares de for\u00eats environnants, propices aux sports et aux loisirs de plein air. La commune, via &nbsp;sa commission environnement,&nbsp; organise d\u2019ailleurs r\u00e9guli\u00e8rement des sorties nature. Une vingtaine d\u2019associations s\u2019attachent&nbsp; \u00e0 faire vivre&nbsp; la commune&nbsp; tout au long de l\u2019ann\u00e9e.<\/span><\/p>\n\n\n<section id=\"section-3-14695\" class=\" ct-section\" ><div class=\"ct-section-inner-wrap\"><div id=\"div_block-4-14695\" class=\"ct-div-block\" ><div id=\"new_columns-7-14695\" class=\"ct-new-columns\" ><div id=\"div_block-8-14695\" class=\"ct-div-block\" ><div id=\"div_block-14-14695\" class=\"ct-div-block\" ><\/div><\/div><div id=\"div_block-9-14695\" class=\"ct-div-block\" ><h1 id=\"headline-11-14695\" class=\"ct-headline\">Quels sont les prix de l'immobilier en ce moment ?<\/h1><div id=\"text_block-12-14695\" class=\"ct-text-block\" >Les prix ralentissent. Les taux d'int\u00e9r\u00eat augmentent. Quelles tendances pour les mois \u00e0 venir ?<\/div><a id=\"link_button-13-14695\" class=\"ct-link-button\" href=\"https:\/\/www.athome.lu\/blog\/blog\/marche-immobilier\/prix\/tendances-2022\/\" target=\"_blank\"  >Lire l'analyse<\/a><\/div><\/div><\/div><\/div><\/section>\n\n\n<h2 class=\"wp-block-heading\"><span style=\"color: #000000;\">A 20 minutes du Kirchberg<\/span><\/h2>\n\n\n\n<p><span style=\"color: #000000;\">Cette qualit\u00e9 de vie, la commune s\u2019attache \u00e0 la pr\u00e9server en veillant \u00e0 se d\u00e9velopper de mani\u00e8re raisonn\u00e9e. A noter, en la mati\u00e8re, que la ZAC Klengbousbierg&nbsp;, o\u00f9 se trouvent les grands acteurs \u00e9voqu\u00e9s au d\u00e9but de l\u2019article n\u2019engendre pas de d\u00e9sagr\u00e9ments en termes de circulation automobile puisqu\u2019elle est situ\u00e9e en dehors de la commune et accessible directement par la nationale et l\u2019autoroute. L\u2019accessibilit\u00e9 constitue l\u2019un des autres attraits de Bissen. La commune est particuli\u00e8rement bien desservie par les axes routiers. Avec la &nbsp;Nordstrooss, il faut une vingtaine de minutes pour rejoindre la capitale (le Kirchberg en tout cas), situ\u00e9e \u00e0 environ 25 kilom\u00e8tres. La commune b\u00e9n\u00e9ficie \u00e9galement d\u2019une offre en transports en commun \u00e9toff\u00e9e.<\/span><\/p>\n\n\n\n<h2 class=\"wp-block-heading\"><span style=\"color: #000000;\">Maisons \u00e0 vendre<\/span><\/h2>\n\n\n\n<p><span style=\"color: #000000;\">Diff\u00e9rents projets immobiliers ont&nbsp; vu le jour \u00e0 Bissen ces derni\u00e8res ann\u00e9es afin d\u2019accompagner son d\u00e9veloppement. D\u2019autres sont en cours, \u00e0 l\u2019image du projet \u00ab&nbsp;Op den Knapp&nbsp;\u00bb o\u00f9 se construisent une vingtaine de maisons individuelles. Il faudra pour s\u2019en porter acqu\u00e9reur d\u00e9bourser plus de 600.000 euros, beaucoup plus pour les plus spacieuses.<\/span><br><span style=\"color: #000000;\"> Selon les statistiques issues de www.atHome.lu, le prix annonc\u00e9 moyen des maisons est de 685 000 euros. C\u00f4t\u00e9 appartements, le prix au m2 se situe autour de 3&nbsp;800 euros.<\/span><\/p>\n\n\n\n<p><\/p>\n","protected":false},"excerpt":{"rendered":"<p>Avec l\u2019ouverture de la Nordstrooss, Bissen s\u2019est \u00ab&nbsp;rapproch\u00e9e&nbsp;\u00bb de la capitale. Un atout de plus pour cette petite commune qui s\u00e9duit par son cadre de vie. Rurale, la localit\u00e9 a \u00e9galement su attirer de nombreuses entreprises sur son territoire. &nbsp; Sise en plein c\u0153ur du pays, la commune de Bissen a pour particularit\u00e9 d\u2019accueillir de [&hellip;]<\/p>\n","protected":false},"author":17,"featured_media":7829,"comment_status":"closed","ping_status":"open","sticky":false,"template":"","format":"standard","meta":{"_acf_changed":false,"footnotes":""},"categories":[218],"tags":[95,90],"class_list":["post-7819","post","type-post","status-publish","format-standard","has-post-thumbnail","hentry","category-villes","tag-centre","tag-vie-quotidienne"],"acf":[],"yoast_head":"<!-- This site is optimized with the Yoast SEO plugin v27.5 - https:\/\/yoast.com\/product\/yoast-seo-wordpress\/ -->\n<title>Bissen, vivre \u00e0 la campagne \u00e0 20 min de la capitale - atHome Blog<\/title>\n<meta name=\"robots\" content=\"index, follow, max-snippet:-1, max-image-preview:large, max-video-preview:-1\" \/>\n<link rel=\"canonical\" href=\"https:\/\/www.athome.lu\/blog\/marche-immobilier\/villes\/bissen-vivre-a-campagne-a-20-min-de-capitale\/\" \/>\n<meta property=\"og:locale\" content=\"fr_FR\" \/>\n<meta property=\"og:type\" content=\"article\" \/>\n<meta property=\"og:title\" content=\"Bissen, vivre \u00e0 la campagne \u00e0 20 min de la capitale - atHome Blog\" \/>\n<meta property=\"og:description\" content=\"Avec l\u2019ouverture de la Nordstrooss, Bissen s\u2019est \u00ab&nbsp;rapproch\u00e9e&nbsp;\u00bb de la capitale. Un atout de plus pour cette petite commune qui s\u00e9duit par son cadre de vie. Rurale, la localit\u00e9 a \u00e9galement su attirer de nombreuses entreprises sur son territoire. &nbsp; Sise en plein c\u0153ur du pays, la commune de Bissen a pour particularit\u00e9 d\u2019accueillir de [&hellip;]\" \/>\n<meta property=\"og:url\" content=\"https:\/\/www.athome.lu\/blog\/marche-immobilier\/villes\/bissen-vivre-a-campagne-a-20-min-de-capitale\/\" \/>\n<meta property=\"og:site_name\" content=\"atHome Blog\" \/>\n<meta property=\"article:publisher\" content=\"https:\/\/www.facebook.com\/atHome.lu\/\" \/>\n<meta property=\"article:published_time\" content=\"2016-05-04T09:13:00+00:00\" \/>\n<meta property=\"article:modified_time\" content=\"2022-05-11T07:43:54+00:00\" \/>\n<meta property=\"og:image\" content=\"https:\/\/www.athome.lu\/blog\/wp-content\/uploads\/2016\/05\/IMG_6979-scaled.jpg\" \/>\n\t<meta property=\"og:image:width\" content=\"2560\" \/>\n\t<meta property=\"og:image:height\" content=\"1707\" \/>\n\t<meta property=\"og:image:type\" content=\"image\/jpeg\" \/>\n<meta name=\"author\" content=\"Fanny Pimentel\" \/>\n<meta name=\"twitter:card\" content=\"summary_large_image\" \/>\n<meta name=\"twitter:creator\" content=\"@athomelu\" \/>\n<meta name=\"twitter:site\" content=\"@athomelu\" \/>\n<meta name=\"twitter:label1\" content=\"\u00c9crit par\" \/>\n\t<meta name=\"twitter:data1\" content=\"Fanny Pimentel\" \/>\n\t<meta name=\"twitter:label2\" content=\"Dur\u00e9e de lecture estim\u00e9e\" \/>\n\t<meta name=\"twitter:data2\" content=\"4 minutes\" \/>\n<script type=\"application\/ld+json\" class=\"yoast-schema-graph\">{\"@context\":\"https:\\\/\\\/schema.org\",\"@graph\":[{\"@type\":\"Article\",\"@id\":\"https:\\\/\\\/www.athome.lu\\\/blog\\\/marche-immobilier\\\/villes\\\/bissen-vivre-a-campagne-a-20-min-de-capitale\\\/#article\",\"isPartOf\":{\"@id\":\"https:\\\/\\\/www.athome.lu\\\/blog\\\/marche-immobilier\\\/villes\\\/bissen-vivre-a-campagne-a-20-min-de-capitale\\\/\"},\"author\":{\"name\":\"Fanny Pimentel\",\"@id\":\"https:\\\/\\\/www.athome.lu\\\/blog\\\/#\\\/schema\\\/person\\\/47f7a38089f837e792876ceddc4cb2dc\"},\"headline\":\"Bissen, vivre \u00e0 la campagne \u00e0 20 min de la capitale\",\"datePublished\":\"2016-05-04T09:13:00+00:00\",\"dateModified\":\"2022-05-11T07:43:54+00:00\",\"mainEntityOfPage\":{\"@id\":\"https:\\\/\\\/www.athome.lu\\\/blog\\\/marche-immobilier\\\/villes\\\/bissen-vivre-a-campagne-a-20-min-de-capitale\\\/\"},\"wordCount\":731,\"image\":{\"@id\":\"https:\\\/\\\/www.athome.lu\\\/blog\\\/marche-immobilier\\\/villes\\\/bissen-vivre-a-campagne-a-20-min-de-capitale\\\/#primaryimage\"},\"thumbnailUrl\":\"https:\\\/\\\/www.athome.lu\\\/blog\\\/wp-content\\\/uploads\\\/2016\\\/05\\\/IMG_6979-scaled.jpg\",\"keywords\":[\"Centre\",\"Vie quotidienne\"],\"articleSection\":[\"Villes\"],\"inLanguage\":\"fr-FR\"},{\"@type\":\"WebPage\",\"@id\":\"https:\\\/\\\/www.athome.lu\\\/blog\\\/marche-immobilier\\\/villes\\\/bissen-vivre-a-campagne-a-20-min-de-capitale\\\/\",\"url\":\"https:\\\/\\\/www.athome.lu\\\/blog\\\/marche-immobilier\\\/villes\\\/bissen-vivre-a-campagne-a-20-min-de-capitale\\\/\",\"name\":\"Bissen, vivre \u00e0 la campagne \u00e0 20 min de la capitale - atHome Blog\",\"isPartOf\":{\"@id\":\"https:\\\/\\\/www.athome.lu\\\/blog\\\/#website\"},\"primaryImageOfPage\":{\"@id\":\"https:\\\/\\\/www.athome.lu\\\/blog\\\/marche-immobilier\\\/villes\\\/bissen-vivre-a-campagne-a-20-min-de-capitale\\\/#primaryimage\"},\"image\":{\"@id\":\"https:\\\/\\\/www.athome.lu\\\/blog\\\/marche-immobilier\\\/villes\\\/bissen-vivre-a-campagne-a-20-min-de-capitale\\\/#primaryimage\"},\"thumbnailUrl\":\"https:\\\/\\\/www.athome.lu\\\/blog\\\/wp-content\\\/uploads\\\/2016\\\/05\\\/IMG_6979-scaled.jpg\",\"datePublished\":\"2016-05-04T09:13:00+00:00\",\"dateModified\":\"2022-05-11T07:43:54+00:00\",\"author\":{\"@id\":\"https:\\\/\\\/www.athome.lu\\\/blog\\\/#\\\/schema\\\/person\\\/47f7a38089f837e792876ceddc4cb2dc\"},\"breadcrumb\":{\"@id\":\"https:\\\/\\\/www.athome.lu\\\/blog\\\/marche-immobilier\\\/villes\\\/bissen-vivre-a-campagne-a-20-min-de-capitale\\\/#breadcrumb\"},\"inLanguage\":\"fr-FR\",\"potentialAction\":[{\"@type\":\"ReadAction\",\"target\":[\"https:\\\/\\\/www.athome.lu\\\/blog\\\/marche-immobilier\\\/villes\\\/bissen-vivre-a-campagne-a-20-min-de-capitale\\\/\"]}]},{\"@type\":\"ImageObject\",\"inLanguage\":\"fr-FR\",\"@id\":\"https:\\\/\\\/www.athome.lu\\\/blog\\\/marche-immobilier\\\/villes\\\/bissen-vivre-a-campagne-a-20-min-de-capitale\\\/#primaryimage\",\"url\":\"https:\\\/\\\/www.athome.lu\\\/blog\\\/wp-content\\\/uploads\\\/2016\\\/05\\\/IMG_6979-scaled.jpg\",\"contentUrl\":\"https:\\\/\\\/www.athome.lu\\\/blog\\\/wp-content\\\/uploads\\\/2016\\\/05\\\/IMG_6979-scaled.jpg\",\"width\":2560,\"height\":1707,\"caption\":\"ville bissen luxembourg\"},{\"@type\":\"BreadcrumbList\",\"@id\":\"https:\\\/\\\/www.athome.lu\\\/blog\\\/marche-immobilier\\\/villes\\\/bissen-vivre-a-campagne-a-20-min-de-capitale\\\/#breadcrumb\",\"itemListElement\":[{\"@type\":\"ListItem\",\"position\":1,\"name\":\"Accueil\",\"item\":\"https:\\\/\\\/www.athome.lu\\\/blog\\\/\"},{\"@type\":\"ListItem\",\"position\":2,\"name\":\"March\u00e9 immobilier\",\"item\":\"https:\\\/\\\/www.athome.lu\\\/blog\\\/category\\\/marche-immobilier\\\/\"},{\"@type\":\"ListItem\",\"position\":3,\"name\":\"Villes\",\"item\":\"https:\\\/\\\/www.athome.lu\\\/blog\\\/category\\\/marche-immobilier\\\/villes\\\/\"},{\"@type\":\"ListItem\",\"position\":4,\"name\":\"Bissen, vivre \u00e0 la campagne \u00e0 20 min de la capitale\"}]},{\"@type\":\"WebSite\",\"@id\":\"https:\\\/\\\/www.athome.lu\\\/blog\\\/#website\",\"url\":\"https:\\\/\\\/www.athome.lu\\\/blog\\\/\",\"name\":\"atHome Blog\",\"description\":\"Annonces immobili\u00e8res au Luxembourg. Le portail immobilier n\u00b01 au Luxembourg.\",\"potentialAction\":[{\"@type\":\"SearchAction\",\"target\":{\"@type\":\"EntryPoint\",\"urlTemplate\":\"https:\\\/\\\/www.athome.lu\\\/blog\\\/?s={search_term_string}\"},\"query-input\":{\"@type\":\"PropertyValueSpecification\",\"valueRequired\":true,\"valueName\":\"search_term_string\"}}],\"inLanguage\":\"fr-FR\"},{\"@type\":\"Person\",\"@id\":\"https:\\\/\\\/www.athome.lu\\\/blog\\\/#\\\/schema\\\/person\\\/47f7a38089f837e792876ceddc4cb2dc\",\"name\":\"Fanny Pimentel\",\"image\":{\"@type\":\"ImageObject\",\"inLanguage\":\"fr-FR\",\"@id\":\"https:\\\/\\\/secure.gravatar.com\\\/avatar\\\/c60b27b93851dc9503f9cc9150e73dcb0a86ba6150657e5e4b11d988400bc633?s=96&d=mm&r=g\",\"url\":\"https:\\\/\\\/secure.gravatar.com\\\/avatar\\\/c60b27b93851dc9503f9cc9150e73dcb0a86ba6150657e5e4b11d988400bc633?s=96&d=mm&r=g\",\"contentUrl\":\"https:\\\/\\\/secure.gravatar.com\\\/avatar\\\/c60b27b93851dc9503f9cc9150e73dcb0a86ba6150657e5e4b11d988400bc633?s=96&d=mm&r=g\",\"caption\":\"Fanny Pimentel\"}}]}<\/script>\n<!-- \/ Yoast SEO plugin. -->","yoast_head_json":{"title":"Bissen, vivre \u00e0 la campagne \u00e0 20 min de la capitale - atHome Blog","robots":{"index":"index","follow":"follow","max-snippet":"max-snippet:-1","max-image-preview":"max-image-preview:large","max-video-preview":"max-video-preview:-1"},"canonical":"https:\/\/www.athome.lu\/blog\/marche-immobilier\/villes\/bissen-vivre-a-campagne-a-20-min-de-capitale\/","og_locale":"fr_FR","og_type":"article","og_title":"Bissen, vivre \u00e0 la campagne \u00e0 20 min de la capitale - atHome Blog","og_description":"Avec l\u2019ouverture de la Nordstrooss, Bissen s\u2019est \u00ab&nbsp;rapproch\u00e9e&nbsp;\u00bb de la capitale. Un atout de plus pour cette petite commune qui s\u00e9duit par son cadre de vie. Rurale, la localit\u00e9 a \u00e9galement su attirer de nombreuses entreprises sur son territoire. &nbsp; Sise en plein c\u0153ur du pays, la commune de Bissen a pour particularit\u00e9 d\u2019accueillir de [&hellip;]","og_url":"https:\/\/www.athome.lu\/blog\/marche-immobilier\/villes\/bissen-vivre-a-campagne-a-20-min-de-capitale\/","og_site_name":"atHome Blog","article_publisher":"https:\/\/www.facebook.com\/atHome.lu\/","article_published_time":"2016-05-04T09:13:00+00:00","article_modified_time":"2022-05-11T07:43:54+00:00","og_image":[{"width":2560,"height":1707,"url":"https:\/\/www.athome.lu\/blog\/wp-content\/uploads\/2016\/05\/IMG_6979-scaled.jpg","type":"image\/jpeg"}],"author":"Fanny Pimentel","twitter_card":"summary_large_image","twitter_creator":"@athomelu","twitter_site":"@athomelu","twitter_misc":{"\u00c9crit par":"Fanny Pimentel","Dur\u00e9e de lecture estim\u00e9e":"4 minutes"},"schema":{"@context":"https:\/\/schema.org","@graph":[{"@type":"Article","@id":"https:\/\/www.athome.lu\/blog\/marche-immobilier\/villes\/bissen-vivre-a-campagne-a-20-min-de-capitale\/#article","isPartOf":{"@id":"https:\/\/www.athome.lu\/blog\/marche-immobilier\/villes\/bissen-vivre-a-campagne-a-20-min-de-capitale\/"},"author":{"name":"Fanny Pimentel","@id":"https:\/\/www.athome.lu\/blog\/#\/schema\/person\/47f7a38089f837e792876ceddc4cb2dc"},"headline":"Bissen, vivre \u00e0 la campagne \u00e0 20 min de la capitale","datePublished":"2016-05-04T09:13:00+00:00","dateModified":"2022-05-11T07:43:54+00:00","mainEntityOfPage":{"@id":"https:\/\/www.athome.lu\/blog\/marche-immobilier\/villes\/bissen-vivre-a-campagne-a-20-min-de-capitale\/"},"wordCount":731,"image":{"@id":"https:\/\/www.athome.lu\/blog\/marche-immobilier\/villes\/bissen-vivre-a-campagne-a-20-min-de-capitale\/#primaryimage"},"thumbnailUrl":"https:\/\/www.athome.lu\/blog\/wp-content\/uploads\/2016\/05\/IMG_6979-scaled.jpg","keywords":["Centre","Vie quotidienne"],"articleSection":["Villes"],"inLanguage":"fr-FR"},{"@type":"WebPage","@id":"https:\/\/www.athome.lu\/blog\/marche-immobilier\/villes\/bissen-vivre-a-campagne-a-20-min-de-capitale\/","url":"https:\/\/www.athome.lu\/blog\/marche-immobilier\/villes\/bissen-vivre-a-campagne-a-20-min-de-capitale\/","name":"Bissen, vivre \u00e0 la campagne \u00e0 20 min de la capitale - atHome Blog","isPartOf":{"@id":"https:\/\/www.athome.lu\/blog\/#website"},"primaryImageOfPage":{"@id":"https:\/\/www.athome.lu\/blog\/marche-immobilier\/villes\/bissen-vivre-a-campagne-a-20-min-de-capitale\/#primaryimage"},"image":{"@id":"https:\/\/www.athome.lu\/blog\/marche-immobilier\/villes\/bissen-vivre-a-campagne-a-20-min-de-capitale\/#primaryimage"},"thumbnailUrl":"https:\/\/www.athome.lu\/blog\/wp-content\/uploads\/2016\/05\/IMG_6979-scaled.jpg","datePublished":"2016-05-04T09:13:00+00:00","dateModified":"2022-05-11T07:43:54+00:00","author":{"@id":"https:\/\/www.athome.lu\/blog\/#\/schema\/person\/47f7a38089f837e792876ceddc4cb2dc"},"breadcrumb":{"@id":"https:\/\/www.athome.lu\/blog\/marche-immobilier\/villes\/bissen-vivre-a-campagne-a-20-min-de-capitale\/#breadcrumb"},"inLanguage":"fr-FR","potentialAction":[{"@type":"ReadAction","target":["https:\/\/www.athome.lu\/blog\/marche-immobilier\/villes\/bissen-vivre-a-campagne-a-20-min-de-capitale\/"]}]},{"@type":"ImageObject","inLanguage":"fr-FR","@id":"https:\/\/www.athome.lu\/blog\/marche-immobilier\/villes\/bissen-vivre-a-campagne-a-20-min-de-capitale\/#primaryimage","url":"https:\/\/www.athome.lu\/blog\/wp-content\/uploads\/2016\/05\/IMG_6979-scaled.jpg","contentUrl":"https:\/\/www.athome.lu\/blog\/wp-content\/uploads\/2016\/05\/IMG_6979-scaled.jpg","width":2560,"height":1707,"caption":"ville bissen luxembourg"},{"@type":"BreadcrumbList","@id":"https:\/\/www.athome.lu\/blog\/marche-immobilier\/villes\/bissen-vivre-a-campagne-a-20-min-de-capitale\/#breadcrumb","itemListElement":[{"@type":"ListItem","position":1,"name":"Accueil","item":"https:\/\/www.athome.lu\/blog\/"},{"@type":"ListItem","position":2,"name":"March\u00e9 immobilier","item":"https:\/\/www.athome.lu\/blog\/category\/marche-immobilier\/"},{"@type":"ListItem","position":3,"name":"Villes","item":"https:\/\/www.athome.lu\/blog\/category\/marche-immobilier\/villes\/"},{"@type":"ListItem","position":4,"name":"Bissen, vivre \u00e0 la campagne \u00e0 20 min de la capitale"}]},{"@type":"WebSite","@id":"https:\/\/www.athome.lu\/blog\/#website","url":"https:\/\/www.athome.lu\/blog\/","name":"atHome Blog","description":"Annonces immobili\u00e8res au Luxembourg. Le portail immobilier n\u00b01 au Luxembourg.","potentialAction":[{"@type":"SearchAction","target":{"@type":"EntryPoint","urlTemplate":"https:\/\/www.athome.lu\/blog\/?s={search_term_string}"},"query-input":{"@type":"PropertyValueSpecification","valueRequired":true,"valueName":"search_term_string"}}],"inLanguage":"fr-FR"},{"@type":"Person","@id":"https:\/\/www.athome.lu\/blog\/#\/schema\/person\/47f7a38089f837e792876ceddc4cb2dc","name":"Fanny Pimentel","image":{"@type":"ImageObject","inLanguage":"fr-FR","@id":"https:\/\/secure.gravatar.com\/avatar\/c60b27b93851dc9503f9cc9150e73dcb0a86ba6150657e5e4b11d988400bc633?s=96&d=mm&r=g","url":"https:\/\/secure.gravatar.com\/avatar\/c60b27b93851dc9503f9cc9150e73dcb0a86ba6150657e5e4b11d988400bc633?s=96&d=mm&r=g","contentUrl":"https:\/\/secure.gravatar.com\/avatar\/c60b27b93851dc9503f9cc9150e73dcb0a86ba6150657e5e4b11d988400bc633?s=96&d=mm&r=g","caption":"Fanny Pimentel"}}]}},"featured_media_src_url":"https:\/\/www.athome.lu\/blog\/wp-content\/uploads\/2016\/05\/IMG_6979-scaled-1024x683.jpg","_links":{"self":[{"href":"https:\/\/www.athome.lu\/blog\/wp-json\/wp\/v2\/posts\/7819","targetHints":{"allow":["GET"]}}],"collection":[{"href":"https:\/\/www.athome.lu\/blog\/wp-json\/wp\/v2\/posts"}],"about":[{"href":"https:\/\/www.athome.lu\/blog\/wp-json\/wp\/v2\/types\/post"}],"author":[{"embeddable":true,"href":"https:\/\/www.athome.lu\/blog\/wp-json\/wp\/v2\/users\/17"}],"replies":[{"embeddable":true,"href":"https:\/\/www.athome.lu\/blog\/wp-json\/wp\/v2\/comments?post=7819"}],"version-history":[{"count":2,"href":"https:\/\/www.athome.lu\/blog\/wp-json\/wp\/v2\/posts\/7819\/revisions"}],"predecessor-version":[{"id":14837,"href":"https:\/\/www.athome.lu\/blog\/wp-json\/wp\/v2\/posts\/7819\/revisions\/14837"}],"wp:featuredmedia":[{"embeddable":true,"href":"https:\/\/www.athome.lu\/blog\/wp-json\/wp\/v2\/media\/7829"}],"wp:attachment":[{"href":"https:\/\/www.athome.lu\/blog\/wp-json\/wp\/v2\/media?parent=7819"}],"wp:term":[{"taxonomy":"category","embeddable":true,"href":"https:\/\/www.athome.lu\/blog\/wp-json\/wp\/v2\/categories?post=7819"},{"taxonomy":"post_tag","embeddable":true,"href":"https:\/\/www.athome.lu\/blog\/wp-json\/wp\/v2\/tags?post=7819"}],"curies":[{"name":"wp","href":"https:\/\/api.w.org\/{rel}","templated":true}]}}