{"id":7835,"date":"2016-05-06T14:45:58","date_gmt":"2016-05-06T13:45:58","guid":{"rendered":"https:\/\/www.athome.lu\/blog\/?p=7835"},"modified":"2022-05-11T09:44:30","modified_gmt":"2022-05-11T07:44:30","slug":"tout-savoir-sur-la-location-saisonniere","status":"publish","type":"post","link":"https:\/\/www.athome.lu\/blog\/louer\/bailleurs\/tout-savoir-sur-la-location-saisonniere\/","title":{"rendered":"Tout savoir sur la location saisonni\u00e8re"},"content":{"rendered":"\n<p><span style=\"color: #000000;\">\u00c0 l\u2019approche des vacances, les annonces de logements affluent sur la toile ou dans les agences. Que vous soyez propri\u00e9taire ou locataire, voici tout ce qu\u2019il faut savoir sur la location saisonni\u00e8re.<\/span><\/p>\n\n\n\n<h2 class=\"wp-block-heading\"><span style=\"color: #000000;\">La location saisonni\u00e8re en quelques mots\u2026<\/span><\/h2>\n\n\n\n<p><span style=\"color: #000000;\">La location saisonni\u00e8re d\u00e9signe la location d\u2019une villa, d\u2019un studio meubl\u00e9, d\u2019une villa\u2026 pour une journ\u00e9e, voire plus. Par d\u00e9finition, c\u2019est une forme particuli\u00e8re de location d\u2019un immeuble d\u2019habitation meubl\u00e9 propos\u00e9e \u00e0 des vacanciers. Aujourd\u2019hui, ce type de vacances rencontre un franc succ\u00e8s de par sa simplicit\u00e9 et sa praticit\u00e9. Il est \u00e0 noter que les dur\u00e9es de location sont variables selon les contraintes et les besoins des propri\u00e9taires.<\/span><\/p>\n\n\n\n<h2 class=\"wp-block-heading\">&nbsp;<\/h2>\n\n\n\n<h2 class=\"wp-block-heading\"><span style=\"color: #000000;\">Bon \u00e0 savoir sur la location saisonni\u00e8re<\/span><\/h2>\n\n\n\n<p><span style=\"color: #000000;\">Vous projetez de partir en <span style=\"text-decoration: underline;\"><a style=\"color: #000000; text-decoration: underline;\" href=\"http:\/\/japon.marcovasco.fr\/\" target=\"_blank\" rel=\"noopener\">vacances au Japon<\/a><\/span> tr\u00e8s prochainement et vous avez envie de profiter d\u2019un logement de luxe. Pour ce faire, vous avez d\u00e9cid\u00e9 d\u2019opter pour la location saisonni\u00e8re. Toutefois, de nombreuses questions vous taraudent. Parmi elles, vous vous demandez : comment r\u00e9server une location saisonni\u00e8re ? Tout d\u2019abord, rendez-vous sur la toile ou dans les agences pour trouver le bien qui vous convient. Il est fortement conseill\u00e9 de bien lire le descriptif envoy\u00e9 par le propri\u00e9taire. Si le descriptif de la maison de vacances vous convient. Vous n\u2019avez qu\u2019\u00e0 envoyer un courrier de r\u00e9servation (avec le montant demand\u00e9) au propri\u00e9taire. En suite ce courrier formalise l\u2019engagement. Puis, le loueur envoie le contrat.&nbsp;<\/span><\/p>\n\n\n<section id=\"section-3-14695\" class=\" ct-section\" ><div class=\"ct-section-inner-wrap\"><div id=\"div_block-4-14695\" class=\"ct-div-block\" ><div id=\"new_columns-7-14695\" class=\"ct-new-columns\" ><div id=\"div_block-8-14695\" class=\"ct-div-block\" ><div id=\"div_block-14-14695\" class=\"ct-div-block\" ><\/div><\/div><div id=\"div_block-9-14695\" class=\"ct-div-block\" ><h1 id=\"headline-11-14695\" class=\"ct-headline\">Quels sont les prix de l'immobilier en ce moment ?<\/h1><div id=\"text_block-12-14695\" class=\"ct-text-block\" >Les prix ralentissent. Les taux d'int\u00e9r\u00eat augmentent. Quelles tendances pour les mois \u00e0 venir ?<\/div><a id=\"link_button-13-14695\" class=\"ct-link-button\" href=\"https:\/\/www.athome.lu\/blog\/blog\/marche-immobilier\/prix\/tendances-2022\/\" target=\"_blank\"  >Lire l'analyse<\/a><\/div><\/div><\/div><\/div><\/section>\n\n\n<h2 class=\"wp-block-heading\"><span style=\"color: #000000;\">Quelques conseils avant de s\u2019engager<\/span><\/h2>\n\n\n\n<p><span style=\"color: #000000;\">En ce qui concerne le descriptif \u00e0 lire avant de faire la r\u00e9servation, sachez qu\u2019il doit contenir : la situation exacte de la maison \u00e0 louer (la proximit\u00e9 des points touristiques : distances de la plage, des commerces, des pistes de ski\u2026), les dates et heures d\u2019arriv\u00e9e, la description d\u00e9taill\u00e9e de l\u2019int\u00e9rieur du logement en question (t\u00e9l\u00e9vision, wifi, \u00e9quipement \u00e9lectrom\u00e9nager, mobilier\u2026), les diff\u00e9rentes conditions financi\u00e8res de la location (versement d\u2019un d\u00e9p\u00f4t de garantie, charges, montant du loyer, versement arrhes ou acomptes pour la r\u00e9servation\u2026), etc. \u00c0 titre de rappel, les arrhes s\u2019imputent sur le loyer, si le locataire confirme son choix. Notez bien que cette somme est perdue si ce dernier se d\u00e9siste au dernier moment. En revanche, avec un compte, l\u2019engagement de location devient ferme et d\u00e9finitif. Vous devez donc lire attentivement le contrat avant de faire la signature. Cela vous \u00e9vitera bien de mauvaises surprises.<\/span><\/p>\n\n\n\n<p><span style=\"color: #000000;\">Alors, qu\u2019attendez-vous pour r\u00e9server d\u00e8s maintenant votre future maison de vacances ? Un dernier conseil et non des moindres, toujours bien lire le contrat avant de prendre une quelconque d\u00e9cision ! Bon s\u00e9jour !<\/span><\/p>\n","protected":false},"excerpt":{"rendered":"<p>\u00c0 l\u2019approche des vacances, les annonces de logements affluent sur la toile ou dans les agences. Que vous soyez propri\u00e9taire ou locataire, voici tout ce qu\u2019il faut savoir sur la location saisonni\u00e8re. La location saisonni\u00e8re en quelques mots\u2026 La location saisonni\u00e8re d\u00e9signe la location d\u2019une villa, d\u2019un studio meubl\u00e9, d\u2019une villa\u2026 pour une journ\u00e9e, voire [&hellip;]<\/p>\n","protected":false},"author":17,"featured_media":7836,"comment_status":"closed","ping_status":"open","sticky":false,"template":"","format":"standard","meta":{"_acf_changed":false,"footnotes":""},"categories":[223],"tags":[],"class_list":["post-7835","post","type-post","status-publish","format-standard","has-post-thumbnail","hentry","category-bailleurs"],"acf":[],"yoast_head":"<!-- This site is optimized with the Yoast SEO plugin v27.5 - https:\/\/yoast.com\/product\/yoast-seo-wordpress\/ -->\n<title>Tout savoir sur la location saisonni\u00e8re - atHome Blog<\/title>\n<meta name=\"robots\" content=\"index, follow, max-snippet:-1, max-image-preview:large, max-video-preview:-1\" \/>\n<link rel=\"canonical\" href=\"https:\/\/www.athome.lu\/blog\/louer\/bailleurs\/tout-savoir-sur-la-location-saisonniere\/\" \/>\n<meta property=\"og:locale\" content=\"fr_FR\" \/>\n<meta property=\"og:type\" content=\"article\" \/>\n<meta property=\"og:title\" content=\"Tout savoir sur la location saisonni\u00e8re - atHome Blog\" \/>\n<meta property=\"og:description\" content=\"\u00c0 l\u2019approche des vacances, les annonces de logements affluent sur la toile ou dans les agences. Que vous soyez propri\u00e9taire ou locataire, voici tout ce qu\u2019il faut savoir sur la location saisonni\u00e8re. La location saisonni\u00e8re en quelques mots\u2026 La location saisonni\u00e8re d\u00e9signe la location d\u2019une villa, d\u2019un studio meubl\u00e9, d\u2019une villa\u2026 pour une journ\u00e9e, voire [&hellip;]\" \/>\n<meta property=\"og:url\" content=\"https:\/\/www.athome.lu\/blog\/louer\/bailleurs\/tout-savoir-sur-la-location-saisonniere\/\" \/>\n<meta property=\"og:site_name\" content=\"atHome Blog\" \/>\n<meta property=\"article:publisher\" content=\"https:\/\/www.facebook.com\/atHome.lu\/\" \/>\n<meta property=\"article:published_time\" content=\"2016-05-06T13:45:58+00:00\" \/>\n<meta property=\"article:modified_time\" content=\"2022-05-11T07:44:30+00:00\" \/>\n<meta property=\"og:image\" content=\"https:\/\/www.athome.lu\/blog\/wp-content\/uploads\/2016\/05\/location.jpg\" \/>\n\t<meta property=\"og:image:width\" content=\"960\" \/>\n\t<meta property=\"og:image:height\" content=\"720\" \/>\n\t<meta property=\"og:image:type\" content=\"image\/jpeg\" \/>\n<meta name=\"author\" content=\"Fanny Pimentel\" \/>\n<meta name=\"twitter:card\" content=\"summary_large_image\" \/>\n<meta name=\"twitter:creator\" content=\"@athomelu\" \/>\n<meta name=\"twitter:site\" content=\"@athomelu\" \/>\n<meta name=\"twitter:label1\" content=\"\u00c9crit par\" \/>\n\t<meta name=\"twitter:data1\" content=\"Fanny Pimentel\" \/>\n\t<meta name=\"twitter:label2\" content=\"Dur\u00e9e de lecture estim\u00e9e\" \/>\n\t<meta name=\"twitter:data2\" content=\"3 minutes\" \/>\n<script type=\"application\/ld+json\" class=\"yoast-schema-graph\">{\"@context\":\"https:\\\/\\\/schema.org\",\"@graph\":[{\"@type\":\"Article\",\"@id\":\"https:\\\/\\\/www.athome.lu\\\/blog\\\/louer\\\/bailleurs\\\/tout-savoir-sur-la-location-saisonniere\\\/#article\",\"isPartOf\":{\"@id\":\"https:\\\/\\\/www.athome.lu\\\/blog\\\/louer\\\/bailleurs\\\/tout-savoir-sur-la-location-saisonniere\\\/\"},\"author\":{\"name\":\"Fanny Pimentel\",\"@id\":\"https:\\\/\\\/www.athome.lu\\\/blog\\\/#\\\/schema\\\/person\\\/47f7a38089f837e792876ceddc4cb2dc\"},\"headline\":\"Tout savoir sur la location saisonni\u00e8re\",\"datePublished\":\"2016-05-06T13:45:58+00:00\",\"dateModified\":\"2022-05-11T07:44:30+00:00\",\"mainEntityOfPage\":{\"@id\":\"https:\\\/\\\/www.athome.lu\\\/blog\\\/louer\\\/bailleurs\\\/tout-savoir-sur-la-location-saisonniere\\\/\"},\"wordCount\":472,\"image\":{\"@id\":\"https:\\\/\\\/www.athome.lu\\\/blog\\\/louer\\\/bailleurs\\\/tout-savoir-sur-la-location-saisonniere\\\/#primaryimage\"},\"thumbnailUrl\":\"https:\\\/\\\/www.athome.lu\\\/blog\\\/wp-content\\\/uploads\\\/2016\\\/05\\\/location.jpg\",\"articleSection\":[\"Bailleurs\"],\"inLanguage\":\"fr-FR\"},{\"@type\":\"WebPage\",\"@id\":\"https:\\\/\\\/www.athome.lu\\\/blog\\\/louer\\\/bailleurs\\\/tout-savoir-sur-la-location-saisonniere\\\/\",\"url\":\"https:\\\/\\\/www.athome.lu\\\/blog\\\/louer\\\/bailleurs\\\/tout-savoir-sur-la-location-saisonniere\\\/\",\"name\":\"Tout savoir sur la location saisonni\u00e8re - atHome Blog\",\"isPartOf\":{\"@id\":\"https:\\\/\\\/www.athome.lu\\\/blog\\\/#website\"},\"primaryImageOfPage\":{\"@id\":\"https:\\\/\\\/www.athome.lu\\\/blog\\\/louer\\\/bailleurs\\\/tout-savoir-sur-la-location-saisonniere\\\/#primaryimage\"},\"image\":{\"@id\":\"https:\\\/\\\/www.athome.lu\\\/blog\\\/louer\\\/bailleurs\\\/tout-savoir-sur-la-location-saisonniere\\\/#primaryimage\"},\"thumbnailUrl\":\"https:\\\/\\\/www.athome.lu\\\/blog\\\/wp-content\\\/uploads\\\/2016\\\/05\\\/location.jpg\",\"datePublished\":\"2016-05-06T13:45:58+00:00\",\"dateModified\":\"2022-05-11T07:44:30+00:00\",\"author\":{\"@id\":\"https:\\\/\\\/www.athome.lu\\\/blog\\\/#\\\/schema\\\/person\\\/47f7a38089f837e792876ceddc4cb2dc\"},\"breadcrumb\":{\"@id\":\"https:\\\/\\\/www.athome.lu\\\/blog\\\/louer\\\/bailleurs\\\/tout-savoir-sur-la-location-saisonniere\\\/#breadcrumb\"},\"inLanguage\":\"fr-FR\",\"potentialAction\":[{\"@type\":\"ReadAction\",\"target\":[\"https:\\\/\\\/www.athome.lu\\\/blog\\\/louer\\\/bailleurs\\\/tout-savoir-sur-la-location-saisonniere\\\/\"]}]},{\"@type\":\"ImageObject\",\"inLanguage\":\"fr-FR\",\"@id\":\"https:\\\/\\\/www.athome.lu\\\/blog\\\/louer\\\/bailleurs\\\/tout-savoir-sur-la-location-saisonniere\\\/#primaryimage\",\"url\":\"https:\\\/\\\/www.athome.lu\\\/blog\\\/wp-content\\\/uploads\\\/2016\\\/05\\\/location.jpg\",\"contentUrl\":\"https:\\\/\\\/www.athome.lu\\\/blog\\\/wp-content\\\/uploads\\\/2016\\\/05\\\/location.jpg\",\"width\":960,\"height\":720,\"caption\":\"guide location vacances\"},{\"@type\":\"BreadcrumbList\",\"@id\":\"https:\\\/\\\/www.athome.lu\\\/blog\\\/louer\\\/bailleurs\\\/tout-savoir-sur-la-location-saisonniere\\\/#breadcrumb\",\"itemListElement\":[{\"@type\":\"ListItem\",\"position\":1,\"name\":\"Accueil\",\"item\":\"https:\\\/\\\/www.athome.lu\\\/blog\\\/\"},{\"@type\":\"ListItem\",\"position\":2,\"name\":\"Louer\",\"item\":\"https:\\\/\\\/www.athome.lu\\\/blog\\\/category\\\/louer\\\/\"},{\"@type\":\"ListItem\",\"position\":3,\"name\":\"Bailleurs\",\"item\":\"https:\\\/\\\/www.athome.lu\\\/blog\\\/category\\\/louer\\\/bailleurs\\\/\"},{\"@type\":\"ListItem\",\"position\":4,\"name\":\"Tout savoir sur la location saisonni\u00e8re\"}]},{\"@type\":\"WebSite\",\"@id\":\"https:\\\/\\\/www.athome.lu\\\/blog\\\/#website\",\"url\":\"https:\\\/\\\/www.athome.lu\\\/blog\\\/\",\"name\":\"atHome Blog\",\"description\":\"Annonces immobili\u00e8res au Luxembourg. Le portail immobilier n\u00b01 au Luxembourg.\",\"potentialAction\":[{\"@type\":\"SearchAction\",\"target\":{\"@type\":\"EntryPoint\",\"urlTemplate\":\"https:\\\/\\\/www.athome.lu\\\/blog\\\/?s={search_term_string}\"},\"query-input\":{\"@type\":\"PropertyValueSpecification\",\"valueRequired\":true,\"valueName\":\"search_term_string\"}}],\"inLanguage\":\"fr-FR\"},{\"@type\":\"Person\",\"@id\":\"https:\\\/\\\/www.athome.lu\\\/blog\\\/#\\\/schema\\\/person\\\/47f7a38089f837e792876ceddc4cb2dc\",\"name\":\"Fanny Pimentel\",\"image\":{\"@type\":\"ImageObject\",\"inLanguage\":\"fr-FR\",\"@id\":\"https:\\\/\\\/secure.gravatar.com\\\/avatar\\\/c60b27b93851dc9503f9cc9150e73dcb0a86ba6150657e5e4b11d988400bc633?s=96&d=mm&r=g\",\"url\":\"https:\\\/\\\/secure.gravatar.com\\\/avatar\\\/c60b27b93851dc9503f9cc9150e73dcb0a86ba6150657e5e4b11d988400bc633?s=96&d=mm&r=g\",\"contentUrl\":\"https:\\\/\\\/secure.gravatar.com\\\/avatar\\\/c60b27b93851dc9503f9cc9150e73dcb0a86ba6150657e5e4b11d988400bc633?s=96&d=mm&r=g\",\"caption\":\"Fanny Pimentel\"}}]}<\/script>\n<!-- \/ Yoast SEO plugin. -->","yoast_head_json":{"title":"Tout savoir sur la location saisonni\u00e8re - atHome Blog","robots":{"index":"index","follow":"follow","max-snippet":"max-snippet:-1","max-image-preview":"max-image-preview:large","max-video-preview":"max-video-preview:-1"},"canonical":"https:\/\/www.athome.lu\/blog\/louer\/bailleurs\/tout-savoir-sur-la-location-saisonniere\/","og_locale":"fr_FR","og_type":"article","og_title":"Tout savoir sur la location saisonni\u00e8re - atHome Blog","og_description":"\u00c0 l\u2019approche des vacances, les annonces de logements affluent sur la toile ou dans les agences. Que vous soyez propri\u00e9taire ou locataire, voici tout ce qu\u2019il faut savoir sur la location saisonni\u00e8re. La location saisonni\u00e8re en quelques mots\u2026 La location saisonni\u00e8re d\u00e9signe la location d\u2019une villa, d\u2019un studio meubl\u00e9, d\u2019une villa\u2026 pour une journ\u00e9e, voire [&hellip;]","og_url":"https:\/\/www.athome.lu\/blog\/louer\/bailleurs\/tout-savoir-sur-la-location-saisonniere\/","og_site_name":"atHome Blog","article_publisher":"https:\/\/www.facebook.com\/atHome.lu\/","article_published_time":"2016-05-06T13:45:58+00:00","article_modified_time":"2022-05-11T07:44:30+00:00","og_image":[{"width":960,"height":720,"url":"https:\/\/www.athome.lu\/blog\/wp-content\/uploads\/2016\/05\/location.jpg","type":"image\/jpeg"}],"author":"Fanny Pimentel","twitter_card":"summary_large_image","twitter_creator":"@athomelu","twitter_site":"@athomelu","twitter_misc":{"\u00c9crit par":"Fanny Pimentel","Dur\u00e9e de lecture estim\u00e9e":"3 minutes"},"schema":{"@context":"https:\/\/schema.org","@graph":[{"@type":"Article","@id":"https:\/\/www.athome.lu\/blog\/louer\/bailleurs\/tout-savoir-sur-la-location-saisonniere\/#article","isPartOf":{"@id":"https:\/\/www.athome.lu\/blog\/louer\/bailleurs\/tout-savoir-sur-la-location-saisonniere\/"},"author":{"name":"Fanny Pimentel","@id":"https:\/\/www.athome.lu\/blog\/#\/schema\/person\/47f7a38089f837e792876ceddc4cb2dc"},"headline":"Tout savoir sur la location saisonni\u00e8re","datePublished":"2016-05-06T13:45:58+00:00","dateModified":"2022-05-11T07:44:30+00:00","mainEntityOfPage":{"@id":"https:\/\/www.athome.lu\/blog\/louer\/bailleurs\/tout-savoir-sur-la-location-saisonniere\/"},"wordCount":472,"image":{"@id":"https:\/\/www.athome.lu\/blog\/louer\/bailleurs\/tout-savoir-sur-la-location-saisonniere\/#primaryimage"},"thumbnailUrl":"https:\/\/www.athome.lu\/blog\/wp-content\/uploads\/2016\/05\/location.jpg","articleSection":["Bailleurs"],"inLanguage":"fr-FR"},{"@type":"WebPage","@id":"https:\/\/www.athome.lu\/blog\/louer\/bailleurs\/tout-savoir-sur-la-location-saisonniere\/","url":"https:\/\/www.athome.lu\/blog\/louer\/bailleurs\/tout-savoir-sur-la-location-saisonniere\/","name":"Tout savoir sur la location saisonni\u00e8re - atHome Blog","isPartOf":{"@id":"https:\/\/www.athome.lu\/blog\/#website"},"primaryImageOfPage":{"@id":"https:\/\/www.athome.lu\/blog\/louer\/bailleurs\/tout-savoir-sur-la-location-saisonniere\/#primaryimage"},"image":{"@id":"https:\/\/www.athome.lu\/blog\/louer\/bailleurs\/tout-savoir-sur-la-location-saisonniere\/#primaryimage"},"thumbnailUrl":"https:\/\/www.athome.lu\/blog\/wp-content\/uploads\/2016\/05\/location.jpg","datePublished":"2016-05-06T13:45:58+00:00","dateModified":"2022-05-11T07:44:30+00:00","author":{"@id":"https:\/\/www.athome.lu\/blog\/#\/schema\/person\/47f7a38089f837e792876ceddc4cb2dc"},"breadcrumb":{"@id":"https:\/\/www.athome.lu\/blog\/louer\/bailleurs\/tout-savoir-sur-la-location-saisonniere\/#breadcrumb"},"inLanguage":"fr-FR","potentialAction":[{"@type":"ReadAction","target":["https:\/\/www.athome.lu\/blog\/louer\/bailleurs\/tout-savoir-sur-la-location-saisonniere\/"]}]},{"@type":"ImageObject","inLanguage":"fr-FR","@id":"https:\/\/www.athome.lu\/blog\/louer\/bailleurs\/tout-savoir-sur-la-location-saisonniere\/#primaryimage","url":"https:\/\/www.athome.lu\/blog\/wp-content\/uploads\/2016\/05\/location.jpg","contentUrl":"https:\/\/www.athome.lu\/blog\/wp-content\/uploads\/2016\/05\/location.jpg","width":960,"height":720,"caption":"guide location vacances"},{"@type":"BreadcrumbList","@id":"https:\/\/www.athome.lu\/blog\/louer\/bailleurs\/tout-savoir-sur-la-location-saisonniere\/#breadcrumb","itemListElement":[{"@type":"ListItem","position":1,"name":"Accueil","item":"https:\/\/www.athome.lu\/blog\/"},{"@type":"ListItem","position":2,"name":"Louer","item":"https:\/\/www.athome.lu\/blog\/category\/louer\/"},{"@type":"ListItem","position":3,"name":"Bailleurs","item":"https:\/\/www.athome.lu\/blog\/category\/louer\/bailleurs\/"},{"@type":"ListItem","position":4,"name":"Tout savoir sur la location saisonni\u00e8re"}]},{"@type":"WebSite","@id":"https:\/\/www.athome.lu\/blog\/#website","url":"https:\/\/www.athome.lu\/blog\/","name":"atHome Blog","description":"Annonces immobili\u00e8res au Luxembourg. Le portail immobilier n\u00b01 au Luxembourg.","potentialAction":[{"@type":"SearchAction","target":{"@type":"EntryPoint","urlTemplate":"https:\/\/www.athome.lu\/blog\/?s={search_term_string}"},"query-input":{"@type":"PropertyValueSpecification","valueRequired":true,"valueName":"search_term_string"}}],"inLanguage":"fr-FR"},{"@type":"Person","@id":"https:\/\/www.athome.lu\/blog\/#\/schema\/person\/47f7a38089f837e792876ceddc4cb2dc","name":"Fanny Pimentel","image":{"@type":"ImageObject","inLanguage":"fr-FR","@id":"https:\/\/secure.gravatar.com\/avatar\/c60b27b93851dc9503f9cc9150e73dcb0a86ba6150657e5e4b11d988400bc633?s=96&d=mm&r=g","url":"https:\/\/secure.gravatar.com\/avatar\/c60b27b93851dc9503f9cc9150e73dcb0a86ba6150657e5e4b11d988400bc633?s=96&d=mm&r=g","contentUrl":"https:\/\/secure.gravatar.com\/avatar\/c60b27b93851dc9503f9cc9150e73dcb0a86ba6150657e5e4b11d988400bc633?s=96&d=mm&r=g","caption":"Fanny Pimentel"}}]}},"featured_media_src_url":"https:\/\/www.athome.lu\/blog\/wp-content\/uploads\/2016\/05\/location.jpg","_links":{"self":[{"href":"https:\/\/www.athome.lu\/blog\/wp-json\/wp\/v2\/posts\/7835","targetHints":{"allow":["GET"]}}],"collection":[{"href":"https:\/\/www.athome.lu\/blog\/wp-json\/wp\/v2\/posts"}],"about":[{"href":"https:\/\/www.athome.lu\/blog\/wp-json\/wp\/v2\/types\/post"}],"author":[{"embeddable":true,"href":"https:\/\/www.athome.lu\/blog\/wp-json\/wp\/v2\/users\/17"}],"replies":[{"embeddable":true,"href":"https:\/\/www.athome.lu\/blog\/wp-json\/wp\/v2\/comments?post=7835"}],"version-history":[{"count":3,"href":"https:\/\/www.athome.lu\/blog\/wp-json\/wp\/v2\/posts\/7835\/revisions"}],"predecessor-version":[{"id":14839,"href":"https:\/\/www.athome.lu\/blog\/wp-json\/wp\/v2\/posts\/7835\/revisions\/14839"}],"wp:featuredmedia":[{"embeddable":true,"href":"https:\/\/www.athome.lu\/blog\/wp-json\/wp\/v2\/media\/7836"}],"wp:attachment":[{"href":"https:\/\/www.athome.lu\/blog\/wp-json\/wp\/v2\/media?parent=7835"}],"wp:term":[{"taxonomy":"category","embeddable":true,"href":"https:\/\/www.athome.lu\/blog\/wp-json\/wp\/v2\/categories?post=7835"},{"taxonomy":"post_tag","embeddable":true,"href":"https:\/\/www.athome.lu\/blog\/wp-json\/wp\/v2\/tags?post=7835"}],"curies":[{"name":"wp","href":"https:\/\/api.w.org\/{rel}","templated":true}]}}