{"id":7905,"date":"2016-05-26T13:07:57","date_gmt":"2016-05-26T12:07:57","guid":{"rendered":"https:\/\/www.athome.lu\/blog\/?p=7905"},"modified":"2022-05-11T09:46:55","modified_gmt":"2022-05-11T07:46:55","slug":"aimeriez-vivre-24-metres-carres","status":"publish","type":"post","link":"https:\/\/www.athome.lu\/blog\/mon-logement\/meuble-decoration\/aimeriez-vivre-24-metres-carres\/","title":{"rendered":"Aimeriez-vous vivre dans 24 m\u00e8tres carr\u00e9s ?"},"content":{"rendered":"\n<p><span style=\"color: #000000;\">Pour gagner de l'espace dans les grandes villes, les&nbsp;surfaces des logements ont tendance \u00e0 se r\u00e9duire. Les architectes d'int\u00e9rieur imaginent aujourd\u00b4hui des am\u00e9nagements ing\u00e9nieux pour micro-surface.<br><\/span><span style=\"color: #000000;\">Regardez ! Cela parait incroyable, mais ce loft \u00e0 la d\u00e9coration \u00e9l\u00e9gante, occupe une surface de seulement 24 m\u00e8tres carr\u00e9s&nbsp;!<\/span><\/p>\n\n\n\n<h2 class=\"wp-block-heading\"><span style=\"color: #000000;\">Am\u00e9nagement et design int\u00e9rieur<\/span><\/h2>\n\n\n\n<p><span style=\"color: #000000;\">Profitant de la g\u00e9n\u00e9reuse hauteur de la petite pi\u00e8ce, la conceptrice Tatiana Shishkina a cr\u00e9\u00e9 un espace de vie au style distingu\u00e9, en utilisant des couleurs sombres et un mobilier raffin\u00e9.<\/span><\/p>\n\n\n\n<p><span style=\"color: #000000;\">Gr\u00e2ce \u00e0 l\u2019am\u00e9nagement intelligent de l'espace, le choix du mobilier et des accessoires fonctionnels, ce loft se caract\u00e9rise par sa forte personnalit\u00e9, dans un m\u00e9lange de style unique qui s\u2019inspire des r\u00e9sidences de luxe.<\/span><\/p>\n\n\n\n<div class=\"wp-block-image\"><figure class=\"aligncenter\"><a href=\"https:\/\/www.athome.lu\/blog\/blog\/wp-content\/uploads\/2016\/05\/loftsejour.jpg\"><img loading=\"lazy\" decoding=\"async\" width=\"600\" height=\"400\" src=\"https:\/\/www.athome.lu\/blog\/blog\/wp-content\/uploads\/2016\/05\/loftsejour.jpg\" alt=\"sejour d\u00e9coration salon appartement 24m2\" class=\"wp-image-7907\" srcset=\"https:\/\/www.athome.lu\/blog\/wp-content\/uploads\/2016\/05\/loftsejour.jpg 600w, https:\/\/www.athome.lu\/blog\/wp-content\/uploads\/2016\/05\/loftsejour-300x200.jpg 300w, https:\/\/www.athome.lu\/blog\/wp-content\/uploads\/2016\/05\/loftsejour-18x12.jpg 18w\" sizes=\"auto, (max-width: 600px) 100vw, 600px\" \/><\/a><\/figure><\/div>\n\n\n\n<p><\/p>\n\n\n\n<p><span style=\"color: #000000;\">Une petite entr\u00e9e m\u00e8ne au s\u00e9jour et \u00e0 la cuisine o\u00f9 les tons sombres r\u00e9pondent \u00e0 la lumi\u00e8re naturelle \u00e0 travers les grandes fen\u00eatres et le parquet blanc.<\/span><\/p>\n\n\n\n<p><span style=\"color: #000000;\">La lumi\u00e8re naturelle joue un r\u00f4le d\u00e9cisif dans cet environnement. C\u2019est gr\u00e2ce \u00e0 elle que les concepteurs ont pu jouer, dans cette superficie restreinte, &nbsp;avec les tons sombres des murs et des meubles. <\/span><\/p>\n\n\n\n<p><span style=\"color: #000000;\"> La cuisine, quant \u00e0 elle, est bien s\u00e9par\u00e9e du reste de la zone de vie.<\/span><\/p>\n\n\n\n<p><span style=\"color: #000000;\">Un escalier m\u00e8ne \u00e0 la zone de couchage et un petit espace de bureau, sur la mezzanine. Ici, il y a en plus un espace de rangement, cach\u00e9 derri\u00e8re un rideau. La lumi\u00e8re au plafond cr\u00e9e une ambiance chaleureuse \u00e0 la pi\u00e8ce.<\/span><\/p>\n\n\n\n<p><span style=\"color: #000000;\">M\u00eame la petite salle de bain est bien \u00e9quip\u00e9e, situ\u00e9e \u00e0 l'\u00e9tage inf\u00e9rieur de l'appartement, elle est d\u00e9cor\u00e9e dans le m\u00eame th\u00e8me que l\u2019ensemble de l\u2019appartement, dans les tons sombres.<\/span><\/p>\n\n\n\n<p><strong><span style=\"color: #000000;\">Etes-vous convaincu&nbsp;? Seriez-vous pr\u00eat \u00e0 vivre dans 24 m2&nbsp;?<\/span><\/strong><\/p>\n\n\n\n<figure class=\"wp-block-gallery has-nested-images columns-3 is-cropped wp-block-gallery-1 is-layout-flex wp-block-gallery-is-layout-flex\">\n<figure class=\"wp-block-image size-large\"><img loading=\"lazy\" decoding=\"async\" width=\"600\" height=\"720\" data-id=\"7918\" src=\"https:\/\/www.athome.lu\/blog\/wp-content\/uploads\/2016\/05\/loft1.jpg\" alt=\"s\u00e9jour appartement 24m2\" class=\"wp-image-7918\" srcset=\"https:\/\/www.athome.lu\/blog\/wp-content\/uploads\/2016\/05\/loft1.jpg 600w, https:\/\/www.athome.lu\/blog\/wp-content\/uploads\/2016\/05\/loft1-250x300.jpg 250w, https:\/\/www.athome.lu\/blog\/wp-content\/uploads\/2016\/05\/loft1-10x12.jpg 10w\" sizes=\"auto, (max-width: 600px) 100vw, 600px\" \/><\/figure>\n\n\n\n<figure class=\"wp-block-image size-large\"><img loading=\"lazy\" decoding=\"async\" width=\"600\" height=\"720\" data-id=\"7916\" src=\"https:\/\/www.athome.lu\/blog\/wp-content\/uploads\/2016\/05\/loft3.jpg\" alt=\"salle \u00e0 manger appartement 24m2\" class=\"wp-image-7916\" srcset=\"https:\/\/www.athome.lu\/blog\/wp-content\/uploads\/2016\/05\/loft3.jpg 600w, https:\/\/www.athome.lu\/blog\/wp-content\/uploads\/2016\/05\/loft3-250x300.jpg 250w, https:\/\/www.athome.lu\/blog\/wp-content\/uploads\/2016\/05\/loft3-10x12.jpg 10w\" sizes=\"auto, (max-width: 600px) 100vw, 600px\" \/><\/figure>\n\n\n\n<figure class=\"wp-block-image size-large\"><img loading=\"lazy\" decoding=\"async\" width=\"600\" height=\"720\" data-id=\"7917\" src=\"https:\/\/www.athome.lu\/blog\/wp-content\/uploads\/2016\/05\/loft2.jpg\" alt=\"am\u00e9nagement entr\u00e9e appartement 24m2\" class=\"wp-image-7917\" srcset=\"https:\/\/www.athome.lu\/blog\/wp-content\/uploads\/2016\/05\/loft2.jpg 600w, https:\/\/www.athome.lu\/blog\/wp-content\/uploads\/2016\/05\/loft2-250x300.jpg 250w, https:\/\/www.athome.lu\/blog\/wp-content\/uploads\/2016\/05\/loft2-10x12.jpg 10w\" sizes=\"auto, (max-width: 600px) 100vw, 600px\" \/><\/figure>\n\n\n\n<figure class=\"wp-block-image size-large\"><img loading=\"lazy\" decoding=\"async\" width=\"600\" height=\"720\" data-id=\"7915\" src=\"https:\/\/www.athome.lu\/blog\/wp-content\/uploads\/2016\/05\/loft4.jpg\" alt=\"bureau et lit superpos\u00e9 appartement 24m2\" class=\"wp-image-7915\" srcset=\"https:\/\/www.athome.lu\/blog\/wp-content\/uploads\/2016\/05\/loft4.jpg 600w, https:\/\/www.athome.lu\/blog\/wp-content\/uploads\/2016\/05\/loft4-250x300.jpg 250w, https:\/\/www.athome.lu\/blog\/wp-content\/uploads\/2016\/05\/loft4-10x12.jpg 10w\" sizes=\"auto, (max-width: 600px) 100vw, 600px\" \/><\/figure>\n\n\n\n<figure class=\"wp-block-image size-large\"><img loading=\"lazy\" decoding=\"async\" width=\"600\" height=\"720\" data-id=\"7914\" src=\"https:\/\/www.athome.lu\/blog\/wp-content\/uploads\/2016\/05\/loft5.jpg\" alt=\"coin canap\u00e9 appartement 24m2\" class=\"wp-image-7914\" srcset=\"https:\/\/www.athome.lu\/blog\/wp-content\/uploads\/2016\/05\/loft5.jpg 600w, https:\/\/www.athome.lu\/blog\/wp-content\/uploads\/2016\/05\/loft5-250x300.jpg 250w, https:\/\/www.athome.lu\/blog\/wp-content\/uploads\/2016\/05\/loft5-10x12.jpg 10w\" sizes=\"auto, (max-width: 600px) 100vw, 600px\" \/><\/figure>\n\n\n\n<figure class=\"wp-block-image size-large\"><img loading=\"lazy\" decoding=\"async\" width=\"600\" height=\"720\" data-id=\"7913\" src=\"https:\/\/www.athome.lu\/blog\/wp-content\/uploads\/2016\/05\/loft6.jpg\" alt=\"coin t\u00e9l\u00e9 appartement 24m2\" class=\"wp-image-7913\" srcset=\"https:\/\/www.athome.lu\/blog\/wp-content\/uploads\/2016\/05\/loft6.jpg 600w, https:\/\/www.athome.lu\/blog\/wp-content\/uploads\/2016\/05\/loft6-250x300.jpg 250w, https:\/\/www.athome.lu\/blog\/wp-content\/uploads\/2016\/05\/loft6-10x12.jpg 10w\" sizes=\"auto, (max-width: 600px) 100vw, 600px\" \/><\/figure>\n\n\n\n<figure class=\"wp-block-image size-large\"><img loading=\"lazy\" decoding=\"async\" width=\"600\" height=\"431\" data-id=\"7912\" src=\"https:\/\/www.athome.lu\/blog\/wp-content\/uploads\/2016\/05\/loft7.jpg\" alt=\"chambre et bureau appartement 24m2\" class=\"wp-image-7912\" srcset=\"https:\/\/www.athome.lu\/blog\/wp-content\/uploads\/2016\/05\/loft7.jpg 600w, https:\/\/www.athome.lu\/blog\/wp-content\/uploads\/2016\/05\/loft7-300x216.jpg 300w, https:\/\/www.athome.lu\/blog\/wp-content\/uploads\/2016\/05\/loft7-18x12.jpg 18w\" sizes=\"auto, (max-width: 600px) 100vw, 600px\" \/><\/figure>\n\n\n\n<figure class=\"wp-block-image size-large\"><img loading=\"lazy\" decoding=\"async\" width=\"600\" height=\"720\" data-id=\"7911\" src=\"https:\/\/www.athome.lu\/blog\/wp-content\/uploads\/2016\/05\/loft8.jpg\" alt=\"buanderie coin machine \u00e0 laver appartement 24m2\" class=\"wp-image-7911\" srcset=\"https:\/\/www.athome.lu\/blog\/wp-content\/uploads\/2016\/05\/loft8.jpg 600w, https:\/\/www.athome.lu\/blog\/wp-content\/uploads\/2016\/05\/loft8-250x300.jpg 250w, https:\/\/www.athome.lu\/blog\/wp-content\/uploads\/2016\/05\/loft8-10x12.jpg 10w\" sizes=\"auto, (max-width: 600px) 100vw, 600px\" \/><\/figure>\n\n\n\n<figure class=\"wp-block-image size-large\"><img loading=\"lazy\" decoding=\"async\" width=\"600\" height=\"720\" data-id=\"7910\" src=\"https:\/\/www.athome.lu\/blog\/wp-content\/uploads\/2016\/05\/loft9.jpg\" alt=\"toilettes et douches am\u00e9nag\u00e9es dans appartement 24m2\" class=\"wp-image-7910\" srcset=\"https:\/\/www.athome.lu\/blog\/wp-content\/uploads\/2016\/05\/loft9.jpg 600w, https:\/\/www.athome.lu\/blog\/wp-content\/uploads\/2016\/05\/loft9-250x300.jpg 250w, https:\/\/www.athome.lu\/blog\/wp-content\/uploads\/2016\/05\/loft9-10x12.jpg 10w\" sizes=\"auto, (max-width: 600px) 100vw, 600px\" \/><\/figure>\n<\/figure>\n\n\n\n<p><span style=\"color: #000000;\">Cr\u00e9dits photos&nbsp;: <a href=\"http:\/\/www.inroom.guru\/\">Tatiana Shishkina<\/a><\/span><\/p>\n","protected":false},"excerpt":{"rendered":"<p>Pour gagner de l'espace dans les grandes villes, les&nbsp;surfaces des logements ont tendance \u00e0 se r\u00e9duire. Les architectes d'int\u00e9rieur imaginent aujourd\u00b4hui des am\u00e9nagements ing\u00e9nieux pour micro-surface.Regardez ! Cela parait incroyable, mais ce loft \u00e0 la d\u00e9coration \u00e9l\u00e9gante, occupe une surface de seulement 24 m\u00e8tres carr\u00e9s&nbsp;! Am\u00e9nagement et design int\u00e9rieur Profitant de la g\u00e9n\u00e9reuse hauteur de [&hellip;]<\/p>\n","protected":false},"author":17,"featured_media":7932,"comment_status":"closed","ping_status":"open","sticky":false,"template":"","format":"standard","meta":{"_acf_changed":false,"footnotes":""},"categories":[210],"tags":[78],"class_list":["post-7905","post","type-post","status-publish","format-standard","has-post-thumbnail","hentry","category-meuble-decoration","tag-renovation"],"acf":[],"yoast_head":"<!-- This site is optimized with the Yoast SEO plugin v27.4 - https:\/\/yoast.com\/product\/yoast-seo-wordpress\/ -->\n<title>\u25b7 Comment Am\u00e9nager un Appartement de 24m2 ? ? | atHome.lu<\/title>\n<meta name=\"description\" content=\"D\u00e9couvrez l&#039;am\u00e9nagement et le design int\u00e9rieur ce loft \u00e0 la d\u00e9coration \u00e9l\u00e9gante, qui occupe une surface de seulement... 24 m\u00e8tres carr\u00e9s !\" \/>\n<meta name=\"robots\" content=\"index, follow, max-snippet:-1, max-image-preview:large, max-video-preview:-1\" \/>\n<link rel=\"canonical\" href=\"https:\/\/www.athome.lu\/blog\/mon-logement\/meuble-decoration\/aimeriez-vivre-24-metres-carres\/\" \/>\n<meta property=\"og:locale\" content=\"fr_FR\" \/>\n<meta property=\"og:type\" content=\"article\" \/>\n<meta property=\"og:title\" content=\"\u25b7 Comment Am\u00e9nager un Appartement de 24m2 ? ? | atHome.lu\" \/>\n<meta property=\"og:description\" content=\"D\u00e9couvrez l&#039;am\u00e9nagement et le design int\u00e9rieur ce loft \u00e0 la d\u00e9coration \u00e9l\u00e9gante, qui occupe une surface de seulement... 24 m\u00e8tres carr\u00e9s !\" \/>\n<meta property=\"og:url\" content=\"https:\/\/www.athome.lu\/blog\/mon-logement\/meuble-decoration\/aimeriez-vivre-24-metres-carres\/\" \/>\n<meta property=\"og:site_name\" content=\"atHome Blog\" \/>\n<meta property=\"article:publisher\" content=\"https:\/\/www.facebook.com\/atHome.lu\/\" \/>\n<meta property=\"article:published_time\" content=\"2016-05-26T12:07:57+00:00\" \/>\n<meta property=\"article:modified_time\" content=\"2022-05-11T07:46:55+00:00\" \/>\n<meta property=\"og:image\" content=\"https:\/\/www.athome.lu\/blog\/wp-content\/uploads\/2016\/05\/cabaneblog-1024x542.png\" \/>\n\t<meta property=\"og:image:width\" content=\"1024\" \/>\n\t<meta property=\"og:image:height\" content=\"542\" \/>\n\t<meta property=\"og:image:type\" content=\"image\/png\" \/>\n<meta name=\"author\" content=\"Fanny Pimentel\" \/>\n<meta name=\"twitter:card\" content=\"summary_large_image\" \/>\n<meta name=\"twitter:title\" content=\"\u25b7 Comment Am\u00e9nager un Appartement de 24m2 ? ? | atHome.lu\" \/>\n<meta name=\"twitter:description\" content=\"D\u00e9couvrez l&#039;am\u00e9nagement et le design int\u00e9rieur ce loft \u00e0 la d\u00e9coration \u00e9l\u00e9gante, qui occupe une surface de seulement... 24 m\u00e8tres carr\u00e9s !\" \/>\n<meta name=\"twitter:creator\" content=\"@athomelu\" \/>\n<meta name=\"twitter:site\" content=\"@athomelu\" \/>\n<meta name=\"twitter:label1\" content=\"\u00c9crit par\" \/>\n\t<meta name=\"twitter:data1\" content=\"Fanny Pimentel\" \/>\n\t<meta name=\"twitter:label2\" content=\"Dur\u00e9e de lecture estim\u00e9e\" \/>\n\t<meta name=\"twitter:data2\" content=\"4 minutes\" \/>\n<script type=\"application\/ld+json\" class=\"yoast-schema-graph\">{\"@context\":\"https:\\\/\\\/schema.org\",\"@graph\":[{\"@type\":\"Article\",\"@id\":\"https:\\\/\\\/www.athome.lu\\\/blog\\\/de\\\/mein-haus\\\/deko-mobel\\\/gerne-leben-24-quadratmeter\\\/#article\",\"isPartOf\":{\"@id\":\"https:\\\/\\\/www.athome.lu\\\/blog\\\/de\\\/mein-haus\\\/deko-mobel\\\/gerne-leben-24-quadratmeter\\\/\"},\"author\":{\"name\":\"Fanny Pimentel\",\"@id\":\"https:\\\/\\\/www.athome.lu\\\/blog\\\/#\\\/schema\\\/person\\\/47f7a38089f837e792876ceddc4cb2dc\"},\"headline\":\"Aimeriez-vous vivre dans 24 m\u00e8tres carr\u00e9s ?\",\"datePublished\":\"2016-05-26T12:07:57+00:00\",\"dateModified\":\"2022-05-11T07:46:55+00:00\",\"mainEntityOfPage\":{\"@id\":\"https:\\\/\\\/www.athome.lu\\\/blog\\\/de\\\/mein-haus\\\/deko-mobel\\\/gerne-leben-24-quadratmeter\\\/\"},\"wordCount\":327,\"image\":{\"@id\":\"https:\\\/\\\/www.athome.lu\\\/blog\\\/de\\\/mein-haus\\\/deko-mobel\\\/gerne-leben-24-quadratmeter\\\/#primaryimage\"},\"thumbnailUrl\":\"https:\\\/\\\/www.athome.lu\\\/blog\\\/wp-content\\\/uploads\\\/2016\\\/05\\\/cabaneblog.png\",\"keywords\":[\"R\u00e9novation\"],\"articleSection\":[\"Meubler et D\u00e9corer\"],\"inLanguage\":\"fr-FR\"},{\"@type\":\"WebPage\",\"@id\":\"https:\\\/\\\/www.athome.lu\\\/blog\\\/de\\\/mein-haus\\\/deko-mobel\\\/gerne-leben-24-quadratmeter\\\/\",\"url\":\"https:\\\/\\\/www.athome.lu\\\/blog\\\/de\\\/mein-haus\\\/deko-mobel\\\/gerne-leben-24-quadratmeter\\\/\",\"name\":\"\u25b7 Comment Am\u00e9nager un Appartement de 24m2 ? ? | atHome.lu\",\"isPartOf\":{\"@id\":\"https:\\\/\\\/www.athome.lu\\\/blog\\\/#website\"},\"primaryImageOfPage\":{\"@id\":\"https:\\\/\\\/www.athome.lu\\\/blog\\\/de\\\/mein-haus\\\/deko-mobel\\\/gerne-leben-24-quadratmeter\\\/#primaryimage\"},\"image\":{\"@id\":\"https:\\\/\\\/www.athome.lu\\\/blog\\\/de\\\/mein-haus\\\/deko-mobel\\\/gerne-leben-24-quadratmeter\\\/#primaryimage\"},\"thumbnailUrl\":\"https:\\\/\\\/www.athome.lu\\\/blog\\\/wp-content\\\/uploads\\\/2016\\\/05\\\/cabaneblog.png\",\"datePublished\":\"2016-05-26T12:07:57+00:00\",\"dateModified\":\"2022-05-11T07:46:55+00:00\",\"author\":{\"@id\":\"https:\\\/\\\/www.athome.lu\\\/blog\\\/#\\\/schema\\\/person\\\/47f7a38089f837e792876ceddc4cb2dc\"},\"description\":\"D\u00e9couvrez l'am\u00e9nagement et le design int\u00e9rieur ce loft \u00e0 la d\u00e9coration \u00e9l\u00e9gante, qui occupe une surface de seulement... 24 m\u00e8tres carr\u00e9s !\",\"breadcrumb\":{\"@id\":\"https:\\\/\\\/www.athome.lu\\\/blog\\\/de\\\/mein-haus\\\/deko-mobel\\\/gerne-leben-24-quadratmeter\\\/#breadcrumb\"},\"inLanguage\":\"fr-FR\",\"potentialAction\":[{\"@type\":\"ReadAction\",\"target\":[\"https:\\\/\\\/www.athome.lu\\\/blog\\\/de\\\/mein-haus\\\/deko-mobel\\\/gerne-leben-24-quadratmeter\\\/\"]}]},{\"@type\":\"ImageObject\",\"inLanguage\":\"fr-FR\",\"@id\":\"https:\\\/\\\/www.athome.lu\\\/blog\\\/de\\\/mein-haus\\\/deko-mobel\\\/gerne-leben-24-quadratmeter\\\/#primaryimage\",\"url\":\"https:\\\/\\\/www.athome.lu\\\/blog\\\/wp-content\\\/uploads\\\/2016\\\/05\\\/cabaneblog.png\",\"contentUrl\":\"https:\\\/\\\/www.athome.lu\\\/blog\\\/wp-content\\\/uploads\\\/2016\\\/05\\\/cabaneblog.png\",\"width\":1920,\"height\":1016,\"caption\":\"cabane en brique comment am\u00e9nager un appartement de 24m2\"},{\"@type\":\"BreadcrumbList\",\"@id\":\"https:\\\/\\\/www.athome.lu\\\/blog\\\/de\\\/mein-haus\\\/deko-mobel\\\/gerne-leben-24-quadratmeter\\\/#breadcrumb\",\"itemListElement\":[{\"@type\":\"ListItem\",\"position\":1,\"name\":\"Accueil\",\"item\":\"https:\\\/\\\/www.athome.lu\\\/blog\\\/\"},{\"@type\":\"ListItem\",\"position\":2,\"name\":\"Mon logement\",\"item\":\"https:\\\/\\\/www.athome.lu\\\/blog\\\/de\\\/category\\\/mein-haus\\\/\"},{\"@type\":\"ListItem\",\"position\":3,\"name\":\"Meubler et D\u00e9corer\",\"item\":\"https:\\\/\\\/www.athome.lu\\\/blog\\\/de\\\/category\\\/mein-haus\\\/deko-mobel\\\/\"},{\"@type\":\"ListItem\",\"position\":4,\"name\":\"Aimeriez-vous vivre dans 24 m\u00e8tres carr\u00e9s ?\"}]},{\"@type\":\"WebSite\",\"@id\":\"https:\\\/\\\/www.athome.lu\\\/blog\\\/#website\",\"url\":\"https:\\\/\\\/www.athome.lu\\\/blog\\\/\",\"name\":\"atHome Blog\",\"description\":\"Annonces immobili\u00e8res au Luxembourg. Le portail immobilier n\u00b01 au Luxembourg.\",\"potentialAction\":[{\"@type\":\"SearchAction\",\"target\":{\"@type\":\"EntryPoint\",\"urlTemplate\":\"https:\\\/\\\/www.athome.lu\\\/blog\\\/?s={search_term_string}\"},\"query-input\":{\"@type\":\"PropertyValueSpecification\",\"valueRequired\":true,\"valueName\":\"search_term_string\"}}],\"inLanguage\":\"fr-FR\"},{\"@type\":\"Person\",\"@id\":\"https:\\\/\\\/www.athome.lu\\\/blog\\\/#\\\/schema\\\/person\\\/47f7a38089f837e792876ceddc4cb2dc\",\"name\":\"Fanny Pimentel\",\"image\":{\"@type\":\"ImageObject\",\"inLanguage\":\"fr-FR\",\"@id\":\"https:\\\/\\\/secure.gravatar.com\\\/avatar\\\/c60b27b93851dc9503f9cc9150e73dcb0a86ba6150657e5e4b11d988400bc633?s=96&d=mm&r=g\",\"url\":\"https:\\\/\\\/secure.gravatar.com\\\/avatar\\\/c60b27b93851dc9503f9cc9150e73dcb0a86ba6150657e5e4b11d988400bc633?s=96&d=mm&r=g\",\"contentUrl\":\"https:\\\/\\\/secure.gravatar.com\\\/avatar\\\/c60b27b93851dc9503f9cc9150e73dcb0a86ba6150657e5e4b11d988400bc633?s=96&d=mm&r=g\",\"caption\":\"Fanny Pimentel\"}}]}<\/script>\n<!-- \/ Yoast SEO plugin. -->","yoast_head_json":{"title":"\u25b7 Comment Am\u00e9nager un Appartement de 24m2 ? ? | atHome.lu","description":"D\u00e9couvrez l'am\u00e9nagement et le design int\u00e9rieur ce loft \u00e0 la d\u00e9coration \u00e9l\u00e9gante, qui occupe une surface de seulement... 24 m\u00e8tres carr\u00e9s !","robots":{"index":"index","follow":"follow","max-snippet":"max-snippet:-1","max-image-preview":"max-image-preview:large","max-video-preview":"max-video-preview:-1"},"canonical":"https:\/\/www.athome.lu\/blog\/mon-logement\/meuble-decoration\/aimeriez-vivre-24-metres-carres\/","og_locale":"fr_FR","og_type":"article","og_title":"\u25b7 Comment Am\u00e9nager un Appartement de 24m2 ? ? | atHome.lu","og_description":"D\u00e9couvrez l'am\u00e9nagement et le design int\u00e9rieur ce loft \u00e0 la d\u00e9coration \u00e9l\u00e9gante, qui occupe une surface de seulement... 24 m\u00e8tres carr\u00e9s !","og_url":"https:\/\/www.athome.lu\/blog\/mon-logement\/meuble-decoration\/aimeriez-vivre-24-metres-carres\/","og_site_name":"atHome Blog","article_publisher":"https:\/\/www.facebook.com\/atHome.lu\/","article_published_time":"2016-05-26T12:07:57+00:00","article_modified_time":"2022-05-11T07:46:55+00:00","og_image":[{"width":1024,"height":542,"url":"https:\/\/www.athome.lu\/blog\/wp-content\/uploads\/2016\/05\/cabaneblog-1024x542.png","type":"image\/png"}],"author":"Fanny Pimentel","twitter_card":"summary_large_image","twitter_title":"\u25b7 Comment Am\u00e9nager un Appartement de 24m2 ? ? | atHome.lu","twitter_description":"D\u00e9couvrez l'am\u00e9nagement et le design int\u00e9rieur ce loft \u00e0 la d\u00e9coration \u00e9l\u00e9gante, qui occupe une surface de seulement... 24 m\u00e8tres carr\u00e9s !","twitter_creator":"@athomelu","twitter_site":"@athomelu","twitter_misc":{"\u00c9crit par":"Fanny Pimentel","Dur\u00e9e de lecture estim\u00e9e":"4 minutes"},"schema":{"@context":"https:\/\/schema.org","@graph":[{"@type":"Article","@id":"https:\/\/www.athome.lu\/blog\/de\/mein-haus\/deko-mobel\/gerne-leben-24-quadratmeter\/#article","isPartOf":{"@id":"https:\/\/www.athome.lu\/blog\/de\/mein-haus\/deko-mobel\/gerne-leben-24-quadratmeter\/"},"author":{"name":"Fanny Pimentel","@id":"https:\/\/www.athome.lu\/blog\/#\/schema\/person\/47f7a38089f837e792876ceddc4cb2dc"},"headline":"Aimeriez-vous vivre dans 24 m\u00e8tres carr\u00e9s ?","datePublished":"2016-05-26T12:07:57+00:00","dateModified":"2022-05-11T07:46:55+00:00","mainEntityOfPage":{"@id":"https:\/\/www.athome.lu\/blog\/de\/mein-haus\/deko-mobel\/gerne-leben-24-quadratmeter\/"},"wordCount":327,"image":{"@id":"https:\/\/www.athome.lu\/blog\/de\/mein-haus\/deko-mobel\/gerne-leben-24-quadratmeter\/#primaryimage"},"thumbnailUrl":"https:\/\/www.athome.lu\/blog\/wp-content\/uploads\/2016\/05\/cabaneblog.png","keywords":["R\u00e9novation"],"articleSection":["Meubler et D\u00e9corer"],"inLanguage":"fr-FR"},{"@type":"WebPage","@id":"https:\/\/www.athome.lu\/blog\/de\/mein-haus\/deko-mobel\/gerne-leben-24-quadratmeter\/","url":"https:\/\/www.athome.lu\/blog\/de\/mein-haus\/deko-mobel\/gerne-leben-24-quadratmeter\/","name":"\u25b7 Comment Am\u00e9nager un Appartement de 24m2 ? ? | atHome.lu","isPartOf":{"@id":"https:\/\/www.athome.lu\/blog\/#website"},"primaryImageOfPage":{"@id":"https:\/\/www.athome.lu\/blog\/de\/mein-haus\/deko-mobel\/gerne-leben-24-quadratmeter\/#primaryimage"},"image":{"@id":"https:\/\/www.athome.lu\/blog\/de\/mein-haus\/deko-mobel\/gerne-leben-24-quadratmeter\/#primaryimage"},"thumbnailUrl":"https:\/\/www.athome.lu\/blog\/wp-content\/uploads\/2016\/05\/cabaneblog.png","datePublished":"2016-05-26T12:07:57+00:00","dateModified":"2022-05-11T07:46:55+00:00","author":{"@id":"https:\/\/www.athome.lu\/blog\/#\/schema\/person\/47f7a38089f837e792876ceddc4cb2dc"},"description":"D\u00e9couvrez l'am\u00e9nagement et le design int\u00e9rieur ce loft \u00e0 la d\u00e9coration \u00e9l\u00e9gante, qui occupe une surface de seulement... 24 m\u00e8tres carr\u00e9s !","breadcrumb":{"@id":"https:\/\/www.athome.lu\/blog\/de\/mein-haus\/deko-mobel\/gerne-leben-24-quadratmeter\/#breadcrumb"},"inLanguage":"fr-FR","potentialAction":[{"@type":"ReadAction","target":["https:\/\/www.athome.lu\/blog\/de\/mein-haus\/deko-mobel\/gerne-leben-24-quadratmeter\/"]}]},{"@type":"ImageObject","inLanguage":"fr-FR","@id":"https:\/\/www.athome.lu\/blog\/de\/mein-haus\/deko-mobel\/gerne-leben-24-quadratmeter\/#primaryimage","url":"https:\/\/www.athome.lu\/blog\/wp-content\/uploads\/2016\/05\/cabaneblog.png","contentUrl":"https:\/\/www.athome.lu\/blog\/wp-content\/uploads\/2016\/05\/cabaneblog.png","width":1920,"height":1016,"caption":"cabane en brique comment am\u00e9nager un appartement de 24m2"},{"@type":"BreadcrumbList","@id":"https:\/\/www.athome.lu\/blog\/de\/mein-haus\/deko-mobel\/gerne-leben-24-quadratmeter\/#breadcrumb","itemListElement":[{"@type":"ListItem","position":1,"name":"Accueil","item":"https:\/\/www.athome.lu\/blog\/"},{"@type":"ListItem","position":2,"name":"Mon logement","item":"https:\/\/www.athome.lu\/blog\/de\/category\/mein-haus\/"},{"@type":"ListItem","position":3,"name":"Meubler et D\u00e9corer","item":"https:\/\/www.athome.lu\/blog\/de\/category\/mein-haus\/deko-mobel\/"},{"@type":"ListItem","position":4,"name":"Aimeriez-vous vivre dans 24 m\u00e8tres carr\u00e9s ?"}]},{"@type":"WebSite","@id":"https:\/\/www.athome.lu\/blog\/#website","url":"https:\/\/www.athome.lu\/blog\/","name":"atHome Blog","description":"Annonces immobili\u00e8res au Luxembourg. Le portail immobilier n\u00b01 au Luxembourg.","potentialAction":[{"@type":"SearchAction","target":{"@type":"EntryPoint","urlTemplate":"https:\/\/www.athome.lu\/blog\/?s={search_term_string}"},"query-input":{"@type":"PropertyValueSpecification","valueRequired":true,"valueName":"search_term_string"}}],"inLanguage":"fr-FR"},{"@type":"Person","@id":"https:\/\/www.athome.lu\/blog\/#\/schema\/person\/47f7a38089f837e792876ceddc4cb2dc","name":"Fanny Pimentel","image":{"@type":"ImageObject","inLanguage":"fr-FR","@id":"https:\/\/secure.gravatar.com\/avatar\/c60b27b93851dc9503f9cc9150e73dcb0a86ba6150657e5e4b11d988400bc633?s=96&d=mm&r=g","url":"https:\/\/secure.gravatar.com\/avatar\/c60b27b93851dc9503f9cc9150e73dcb0a86ba6150657e5e4b11d988400bc633?s=96&d=mm&r=g","contentUrl":"https:\/\/secure.gravatar.com\/avatar\/c60b27b93851dc9503f9cc9150e73dcb0a86ba6150657e5e4b11d988400bc633?s=96&d=mm&r=g","caption":"Fanny Pimentel"}}]}},"featured_media_src_url":"https:\/\/www.athome.lu\/blog\/wp-content\/uploads\/2016\/05\/cabaneblog-1024x542.png","_links":{"self":[{"href":"https:\/\/www.athome.lu\/blog\/wp-json\/wp\/v2\/posts\/7905","targetHints":{"allow":["GET"]}}],"collection":[{"href":"https:\/\/www.athome.lu\/blog\/wp-json\/wp\/v2\/posts"}],"about":[{"href":"https:\/\/www.athome.lu\/blog\/wp-json\/wp\/v2\/types\/post"}],"author":[{"embeddable":true,"href":"https:\/\/www.athome.lu\/blog\/wp-json\/wp\/v2\/users\/17"}],"replies":[{"embeddable":true,"href":"https:\/\/www.athome.lu\/blog\/wp-json\/wp\/v2\/comments?post=7905"}],"version-history":[{"count":2,"href":"https:\/\/www.athome.lu\/blog\/wp-json\/wp\/v2\/posts\/7905\/revisions"}],"predecessor-version":[{"id":14843,"href":"https:\/\/www.athome.lu\/blog\/wp-json\/wp\/v2\/posts\/7905\/revisions\/14843"}],"wp:featuredmedia":[{"embeddable":true,"href":"https:\/\/www.athome.lu\/blog\/wp-json\/wp\/v2\/media\/7932"}],"wp:attachment":[{"href":"https:\/\/www.athome.lu\/blog\/wp-json\/wp\/v2\/media?parent=7905"}],"wp:term":[{"taxonomy":"category","embeddable":true,"href":"https:\/\/www.athome.lu\/blog\/wp-json\/wp\/v2\/categories?post=7905"},{"taxonomy":"post_tag","embeddable":true,"href":"https:\/\/www.athome.lu\/blog\/wp-json\/wp\/v2\/tags?post=7905"}],"curies":[{"name":"wp","href":"https:\/\/api.w.org\/{rel}","templated":true}]}}