{"id":7974,"date":"2016-06-16T12:33:33","date_gmt":"2016-06-16T11:33:33","guid":{"rendered":"https:\/\/www.athome.lu\/blog\/?p=7974"},"modified":"2022-05-12T11:06:08","modified_gmt":"2022-05-12T09:06:08","slug":"la-mise-en-location-la-selection-du-locataire","status":"publish","type":"post","link":"https:\/\/www.athome.lu\/blog\/louer\/bailleurs\/la-mise-en-location-la-selection-du-locataire\/","title":{"rendered":"La mise en location : la s\u00e9lection du locataire"},"content":{"rendered":"\n<p><span style=\"color: #000000;\">Troisi\u00e8me et derni\u00e8re partie de notre dossier sur la mise en location d'un bien immobilier.<br>Dans ce dernier volet, Ma\u00eetre Claudia Thirion nous apporte ses recommandations \u00e0 propos de la s\u00e9lection du locataire et en particulier les r\u00e8gles \u00e0 respecter pour choisir les candidats.<\/span><\/p>\n\n\n\n<h2 class=\"wp-block-heading\"><span style=\"color: #000000;\"><strong>Documents \u00e0 demander&nbsp;au candidat locataire<\/strong><\/span><\/h2>\n\n\n\n<p><span style=\"color: #000000;\">Lors d'une mise en location, les justificatifs \u00e0 demander par le propri\u00e9taire sont au nombre de trois:<\/span><\/p>\n\n\n\n<ul class=\"wp-block-list\"><li><span style=\"color: #000000;\">copie d\u2019une pi\u00e8ce d\u2019identit\u00e9 en cours de validit\u00e9&nbsp;<\/span><\/li><li><span style=\"color: #000000;\">certificat de r\u00e9sidence concernant le dernier domicile&nbsp;<\/span><\/li><li style=\"text-align: left;\"><span style=\"color: #000000;\">copie contrat de travail et derni\u00e8res fiches de salaire<\/span><\/li><\/ul>\n\n\n\n<p><strong><span style=\"color: #000000;\">A relire :&nbsp;<a href=\"https:\/\/www.athome.lu\/blog\/blog\/la-mise-en-location-les-documents-a-presenter-par-le-proprietaire\/\" target=\"_blank\" rel=\"noopener\">La mise en location: les documents \u00e0 pr\u00e9senter<\/a><\/span><\/strong><\/p>\n\n\n\n<h2 class=\"wp-block-heading\"><span style=\"color: #000000;\"><strong>Interdiction des discriminations&nbsp;<\/strong><\/span><\/h2>\n\n\n\n<p><span style=\"color: #000000;\">La loi \u00ab Egalit\u00e9 de&nbsp; traitement \u00bb<span style=\"font-size: 10.5px; line-height: 0px;\">&nbsp;(1)<\/span>&nbsp; interdit notamment toute discrimination directe ou indirecte et d\u00e9termine les crit\u00e8res de discrimination prohib\u00e9s au Luxembourg.<\/span><\/p>\n\n\n\n<p><span style=\"color: #000000;\">Il y a <strong>discrimination directe<\/strong> lorsqu\u2019une personne est trait\u00e9e moins favorablement qu\u2019une autre dans une situation comparable en raison de son origine raciale ou ethnique, de sa religion ou de ses convictions, de son handicap, de son \u00e2ge ou de son orientation sexuelle <span style=\"font-size: 10.5px; line-height: 0px;\">(2).<\/span><\/span><\/p>\n\n\n\n<p><span style=\"color: #000000;\"><u>Exemple<\/u> : refus de la part d\u2019un propri\u00e9taire de louer son bien \u00e0 une personne d\u2019origine \u00e9trang\u00e8re.<\/span><\/p>\n\n\n\n<p><span style=\"color: #000000;\">Il y a <strong>discrimination indirecte<\/strong> lorsqu\u2019une disposition, un crit\u00e8re ou une pratique apparemment neutre est susceptible de l\u00e9ser des personnes en raison de leur origine raciale ou ethnique, de leur religion ou convictions, de leur handicap, de leur \u00e2ge, de leur sexe ou de leur orientation sexuelle, sauf si la pratique en question peut se justifier objectivement par un but l\u00e9gitime.<\/span><\/p>\n\n\n\n<p><span style=\"color: #000000;\"><u>Exemple<\/u> : refuser de louer un bien sous pr\u00e9texte que les animaux de compagnie ne sont pas admis&nbsp;: des personnes malvoyantes peuvent \u00eatre discrimin\u00e9es par ce refus.<\/span><\/p>\n\n\n\n<blockquote class=\"wp-block-quote is-layout-flow wp-block-quote-is-layout-flow\"><p style=\"text-align: justify;\">La discrimination est actuellement punie p\u00e9nalement par des peines d\u2019amende et\/ou d\u2019emprisonnement.<\/p><\/blockquote>\n\n\n\n<p><strong><span style=\"color: #000000;\">6 crit\u00e8res de s\u00e9lection du locataire sont donc prohib\u00e9s :<\/span><\/strong><\/p>\n\n\n\n<ol class=\"wp-block-list\"><li><span style=\"color: #000000;\">la religion ou les convictions<\/span><\/li><li><span style=\"color: #000000;\">le handicap<\/span><\/li><li><span style=\"color: #000000;\">l\u2019\u00e2ge<\/span><\/li><li><span style=\"color: #000000;\">l\u2019orientation sexuelle<\/span><\/li><li><span style=\"color: #000000;\">l\u2019origine ethnique \/ raciale d\u2019une personne<\/span><\/li><li><span style=\"color: #000000;\">le genre.<\/span><\/li><\/ol>\n\n\n\n<p><span style=\"color: #000000;\">Afin de pouvoir s\u00e9lectionner les candidats de mani\u00e8re objective, il est important de clarifier par \u00e9crit certains crit\u00e8res de s\u00e9lection, ainsi qu\u2019une description pr\u00e9cise du bien immobilier.<\/span><\/p>\n\n\n\n<p><span style=\"color: #000000;\">Il faudra d\u00e8s lors pr\u00e9ciser :<\/span><\/p>\n\n\n\n<ul class=\"wp-block-list\"><li><span style=\"color: #000000;\">les caract\u00e9ristiques du logement, \u00e0 savoir le nombre de pi\u00e8ces, sa taille, son \u00e9quipement, etc.&nbsp;<\/span><\/li><li><span style=\"color: #000000;\">l\u2019\u00e9tat du logement : sa facilit\u00e9 d\u2019acc\u00e8s, les travaux \u00e0 r\u00e9aliser&nbsp;<\/span><\/li><li><span style=\"color: #000000;\">la liste des documents \u00e0 demander aux candidats et \u00e9ventuellement les ressources financi\u00e8res n\u00e9cessaires pour louer le bien immobilier.<\/span><\/li><\/ul>\n\n\n\n<p><span style=\"color: #000000;\">Les agents immobiliers, en respectant les crit\u00e8res discriminatoires de certains propri\u00e9taires, pourraient \u00eatre punis. Il leur est donc conseill\u00e9 d\u2019inciter les propri\u00e9taires \u00e0 ne pas se baser sur des pr\u00e9jug\u00e9s pour la s\u00e9lection de leur locataire, tout en rappelant le pr\u00e9dit cadre l\u00e9gal.<\/span><\/p>\n\n\n\n<p><strong>Ma\u00eetre Claudia Thirion<\/strong><br><strong>Avocat \u00e0 la Cour<\/strong><br><strong>claudia.thirion@barreau.lu<\/strong><\/p>\n\n\n\n<p><span style=\"font-size: 10.5px; line-height: 0px;\">(1)<\/span> La loi dite \u00ab Egalit\u00e9 de&nbsp; traitement \u00bb du 28 novembre 2006 et la loi dite \u00ab Egalit\u00e9 de traitement entre femmes et hommes dans l\u2019acc\u00e8s \u00e0 des biens et services et la fourniture de biens et services \u00bb du 21 d\u00e9cembre 2007<\/p>\n\n\n\n<p>(2) Caritas Luxembourg\u00a0: \u00ab\u00a0Louer sans discriminer\u00a0\u00bb - Guide pratique pour les professionnels de l\u2019immobilier<\/p>\n\n\n<section id=\"section-3-14695\" class=\" ct-section\" ><div class=\"ct-section-inner-wrap\"><div id=\"div_block-4-14695\" class=\"ct-div-block\" ><div id=\"new_columns-7-14695\" class=\"ct-new-columns\" ><div id=\"div_block-8-14695\" class=\"ct-div-block\" ><div id=\"div_block-14-14695\" class=\"ct-div-block\" ><\/div><\/div><div id=\"div_block-9-14695\" class=\"ct-div-block\" ><h1 id=\"headline-11-14695\" class=\"ct-headline\">Quels sont les prix de l'immobilier en ce moment ?<\/h1><div id=\"text_block-12-14695\" class=\"ct-text-block\" >Les prix ralentissent. Les taux d'int\u00e9r\u00eat augmentent. Quelles tendances pour les mois \u00e0 venir ?<\/div><a id=\"link_button-13-14695\" class=\"ct-link-button\" href=\"https:\/\/www.athome.lu\/blog\/blog\/marche-immobilier\/prix\/tendances-2022\/\" target=\"_blank\"  >Lire l'analyse<\/a><\/div><\/div><\/div><\/div><\/section>","protected":false},"excerpt":{"rendered":"<p>Troisi\u00e8me et derni\u00e8re partie de notre dossier sur la mise en location d'un bien immobilier.Dans ce dernier volet, Ma\u00eetre Claudia Thirion nous apporte ses recommandations \u00e0 propos de la s\u00e9lection du locataire et en particulier les r\u00e8gles \u00e0 respecter pour choisir les candidats. Documents \u00e0 demander&nbsp;au candidat locataire Lors d'une mise en location, les justificatifs [&hellip;]<\/p>\n","protected":false},"author":17,"featured_media":7978,"comment_status":"closed","ping_status":"open","sticky":false,"template":"","format":"standard","meta":{"_acf_changed":false,"footnotes":""},"categories":[223],"tags":[49],"class_list":["post-7974","post","type-post","status-publish","format-standard","has-post-thumbnail","hentry","category-bailleurs","tag-location"],"acf":[],"yoast_head":"<!-- This site is optimized with the Yoast SEO plugin v27.5 - https:\/\/yoast.com\/product\/yoast-seo-wordpress\/ -->\n<title>La mise en location : la s\u00e9lection du locataire - atHome Blog<\/title>\n<meta name=\"robots\" content=\"index, follow, max-snippet:-1, max-image-preview:large, max-video-preview:-1\" \/>\n<link rel=\"canonical\" href=\"https:\/\/www.athome.lu\/blog\/louer\/bailleurs\/la-mise-en-location-la-selection-du-locataire\/\" \/>\n<meta property=\"og:locale\" content=\"fr_FR\" \/>\n<meta property=\"og:type\" content=\"article\" \/>\n<meta property=\"og:title\" content=\"La mise en location : la s\u00e9lection du locataire - atHome Blog\" \/>\n<meta property=\"og:description\" content=\"Troisi\u00e8me et derni\u00e8re partie de notre dossier sur la mise en location d&#039;un bien immobilier.Dans ce dernier volet, Ma\u00eetre Claudia Thirion nous apporte ses recommandations \u00e0 propos de la s\u00e9lection du locataire et en particulier les r\u00e8gles \u00e0 respecter pour choisir les candidats. Documents \u00e0 demander&nbsp;au candidat locataire Lors d&#039;une mise en location, les justificatifs [&hellip;]\" \/>\n<meta property=\"og:url\" content=\"https:\/\/www.athome.lu\/blog\/louer\/bailleurs\/la-mise-en-location-la-selection-du-locataire\/\" \/>\n<meta property=\"og:site_name\" content=\"atHome Blog\" \/>\n<meta property=\"article:publisher\" content=\"https:\/\/www.facebook.com\/atHome.lu\/\" \/>\n<meta property=\"article:published_time\" content=\"2016-06-16T11:33:33+00:00\" \/>\n<meta property=\"article:modified_time\" content=\"2022-05-12T09:06:08+00:00\" \/>\n<meta property=\"og:image\" content=\"https:\/\/www.athome.lu\/blog\/wp-content\/uploads\/2016\/06\/agent-immobier-2016_600.jpg\" \/>\n\t<meta property=\"og:image:width\" content=\"1200\" \/>\n\t<meta property=\"og:image:height\" content=\"536\" \/>\n\t<meta property=\"og:image:type\" content=\"image\/jpeg\" \/>\n<meta name=\"author\" content=\"Fanny Pimentel\" \/>\n<meta name=\"twitter:card\" content=\"summary_large_image\" \/>\n<meta name=\"twitter:creator\" content=\"@athomelu\" \/>\n<meta name=\"twitter:site\" content=\"@athomelu\" \/>\n<meta name=\"twitter:label1\" content=\"\u00c9crit par\" \/>\n\t<meta name=\"twitter:data1\" content=\"Fanny Pimentel\" \/>\n\t<meta name=\"twitter:label2\" content=\"Dur\u00e9e de lecture estim\u00e9e\" \/>\n\t<meta name=\"twitter:data2\" content=\"3 minutes\" \/>\n<script type=\"application\/ld+json\" class=\"yoast-schema-graph\">{\"@context\":\"https:\\\/\\\/schema.org\",\"@graph\":[{\"@type\":\"Article\",\"@id\":\"https:\\\/\\\/www.athome.lu\\\/blog\\\/louer\\\/bailleurs\\\/la-mise-en-location-la-selection-du-locataire\\\/#article\",\"isPartOf\":{\"@id\":\"https:\\\/\\\/www.athome.lu\\\/blog\\\/louer\\\/bailleurs\\\/la-mise-en-location-la-selection-du-locataire\\\/\"},\"author\":{\"name\":\"Fanny Pimentel\",\"@id\":\"https:\\\/\\\/www.athome.lu\\\/blog\\\/#\\\/schema\\\/person\\\/47f7a38089f837e792876ceddc4cb2dc\"},\"headline\":\"La mise en location : la s\u00e9lection du locataire\",\"datePublished\":\"2016-06-16T11:33:33+00:00\",\"dateModified\":\"2022-05-12T09:06:08+00:00\",\"mainEntityOfPage\":{\"@id\":\"https:\\\/\\\/www.athome.lu\\\/blog\\\/louer\\\/bailleurs\\\/la-mise-en-location-la-selection-du-locataire\\\/\"},\"wordCount\":564,\"image\":{\"@id\":\"https:\\\/\\\/www.athome.lu\\\/blog\\\/louer\\\/bailleurs\\\/la-mise-en-location-la-selection-du-locataire\\\/#primaryimage\"},\"thumbnailUrl\":\"https:\\\/\\\/www.athome.lu\\\/blog\\\/wp-content\\\/uploads\\\/2016\\\/06\\\/agent-immobier-2016_600.jpg\",\"keywords\":[\"Location\"],\"articleSection\":[\"Bailleurs\"],\"inLanguage\":\"fr-FR\"},{\"@type\":\"WebPage\",\"@id\":\"https:\\\/\\\/www.athome.lu\\\/blog\\\/louer\\\/bailleurs\\\/la-mise-en-location-la-selection-du-locataire\\\/\",\"url\":\"https:\\\/\\\/www.athome.lu\\\/blog\\\/louer\\\/bailleurs\\\/la-mise-en-location-la-selection-du-locataire\\\/\",\"name\":\"La mise en location : la s\u00e9lection du locataire - atHome Blog\",\"isPartOf\":{\"@id\":\"https:\\\/\\\/www.athome.lu\\\/blog\\\/#website\"},\"primaryImageOfPage\":{\"@id\":\"https:\\\/\\\/www.athome.lu\\\/blog\\\/louer\\\/bailleurs\\\/la-mise-en-location-la-selection-du-locataire\\\/#primaryimage\"},\"image\":{\"@id\":\"https:\\\/\\\/www.athome.lu\\\/blog\\\/louer\\\/bailleurs\\\/la-mise-en-location-la-selection-du-locataire\\\/#primaryimage\"},\"thumbnailUrl\":\"https:\\\/\\\/www.athome.lu\\\/blog\\\/wp-content\\\/uploads\\\/2016\\\/06\\\/agent-immobier-2016_600.jpg\",\"datePublished\":\"2016-06-16T11:33:33+00:00\",\"dateModified\":\"2022-05-12T09:06:08+00:00\",\"author\":{\"@id\":\"https:\\\/\\\/www.athome.lu\\\/blog\\\/#\\\/schema\\\/person\\\/47f7a38089f837e792876ceddc4cb2dc\"},\"breadcrumb\":{\"@id\":\"https:\\\/\\\/www.athome.lu\\\/blog\\\/louer\\\/bailleurs\\\/la-mise-en-location-la-selection-du-locataire\\\/#breadcrumb\"},\"inLanguage\":\"fr-FR\",\"potentialAction\":[{\"@type\":\"ReadAction\",\"target\":[\"https:\\\/\\\/www.athome.lu\\\/blog\\\/louer\\\/bailleurs\\\/la-mise-en-location-la-selection-du-locataire\\\/\"]}]},{\"@type\":\"ImageObject\",\"inLanguage\":\"fr-FR\",\"@id\":\"https:\\\/\\\/www.athome.lu\\\/blog\\\/louer\\\/bailleurs\\\/la-mise-en-location-la-selection-du-locataire\\\/#primaryimage\",\"url\":\"https:\\\/\\\/www.athome.lu\\\/blog\\\/wp-content\\\/uploads\\\/2016\\\/06\\\/agent-immobier-2016_600.jpg\",\"contentUrl\":\"https:\\\/\\\/www.athome.lu\\\/blog\\\/wp-content\\\/uploads\\\/2016\\\/06\\\/agent-immobier-2016_600.jpg\",\"width\":1200,\"height\":536,\"caption\":\"visite avec un agent immobilier\"},{\"@type\":\"BreadcrumbList\",\"@id\":\"https:\\\/\\\/www.athome.lu\\\/blog\\\/louer\\\/bailleurs\\\/la-mise-en-location-la-selection-du-locataire\\\/#breadcrumb\",\"itemListElement\":[{\"@type\":\"ListItem\",\"position\":1,\"name\":\"Accueil\",\"item\":\"https:\\\/\\\/www.athome.lu\\\/blog\\\/\"},{\"@type\":\"ListItem\",\"position\":2,\"name\":\"Louer\",\"item\":\"https:\\\/\\\/www.athome.lu\\\/blog\\\/category\\\/louer\\\/\"},{\"@type\":\"ListItem\",\"position\":3,\"name\":\"Bailleurs\",\"item\":\"https:\\\/\\\/www.athome.lu\\\/blog\\\/category\\\/louer\\\/bailleurs\\\/\"},{\"@type\":\"ListItem\",\"position\":4,\"name\":\"La mise en location : la s\u00e9lection du locataire\"}]},{\"@type\":\"WebSite\",\"@id\":\"https:\\\/\\\/www.athome.lu\\\/blog\\\/#website\",\"url\":\"https:\\\/\\\/www.athome.lu\\\/blog\\\/\",\"name\":\"atHome Blog\",\"description\":\"Annonces immobili\u00e8res au Luxembourg. Le portail immobilier n\u00b01 au Luxembourg.\",\"potentialAction\":[{\"@type\":\"SearchAction\",\"target\":{\"@type\":\"EntryPoint\",\"urlTemplate\":\"https:\\\/\\\/www.athome.lu\\\/blog\\\/?s={search_term_string}\"},\"query-input\":{\"@type\":\"PropertyValueSpecification\",\"valueRequired\":true,\"valueName\":\"search_term_string\"}}],\"inLanguage\":\"fr-FR\"},{\"@type\":\"Person\",\"@id\":\"https:\\\/\\\/www.athome.lu\\\/blog\\\/#\\\/schema\\\/person\\\/47f7a38089f837e792876ceddc4cb2dc\",\"name\":\"Fanny Pimentel\",\"image\":{\"@type\":\"ImageObject\",\"inLanguage\":\"fr-FR\",\"@id\":\"https:\\\/\\\/secure.gravatar.com\\\/avatar\\\/c60b27b93851dc9503f9cc9150e73dcb0a86ba6150657e5e4b11d988400bc633?s=96&d=mm&r=g\",\"url\":\"https:\\\/\\\/secure.gravatar.com\\\/avatar\\\/c60b27b93851dc9503f9cc9150e73dcb0a86ba6150657e5e4b11d988400bc633?s=96&d=mm&r=g\",\"contentUrl\":\"https:\\\/\\\/secure.gravatar.com\\\/avatar\\\/c60b27b93851dc9503f9cc9150e73dcb0a86ba6150657e5e4b11d988400bc633?s=96&d=mm&r=g\",\"caption\":\"Fanny Pimentel\"}}]}<\/script>\n<!-- \/ Yoast SEO plugin. -->","yoast_head_json":{"title":"La mise en location : la s\u00e9lection du locataire - atHome Blog","robots":{"index":"index","follow":"follow","max-snippet":"max-snippet:-1","max-image-preview":"max-image-preview:large","max-video-preview":"max-video-preview:-1"},"canonical":"https:\/\/www.athome.lu\/blog\/louer\/bailleurs\/la-mise-en-location-la-selection-du-locataire\/","og_locale":"fr_FR","og_type":"article","og_title":"La mise en location : la s\u00e9lection du locataire - atHome Blog","og_description":"Troisi\u00e8me et derni\u00e8re partie de notre dossier sur la mise en location d'un bien immobilier.Dans ce dernier volet, Ma\u00eetre Claudia Thirion nous apporte ses recommandations \u00e0 propos de la s\u00e9lection du locataire et en particulier les r\u00e8gles \u00e0 respecter pour choisir les candidats. Documents \u00e0 demander&nbsp;au candidat locataire Lors d'une mise en location, les justificatifs [&hellip;]","og_url":"https:\/\/www.athome.lu\/blog\/louer\/bailleurs\/la-mise-en-location-la-selection-du-locataire\/","og_site_name":"atHome Blog","article_publisher":"https:\/\/www.facebook.com\/atHome.lu\/","article_published_time":"2016-06-16T11:33:33+00:00","article_modified_time":"2022-05-12T09:06:08+00:00","og_image":[{"width":1200,"height":536,"url":"https:\/\/www.athome.lu\/blog\/wp-content\/uploads\/2016\/06\/agent-immobier-2016_600.jpg","type":"image\/jpeg"}],"author":"Fanny Pimentel","twitter_card":"summary_large_image","twitter_creator":"@athomelu","twitter_site":"@athomelu","twitter_misc":{"\u00c9crit par":"Fanny Pimentel","Dur\u00e9e de lecture estim\u00e9e":"3 minutes"},"schema":{"@context":"https:\/\/schema.org","@graph":[{"@type":"Article","@id":"https:\/\/www.athome.lu\/blog\/louer\/bailleurs\/la-mise-en-location-la-selection-du-locataire\/#article","isPartOf":{"@id":"https:\/\/www.athome.lu\/blog\/louer\/bailleurs\/la-mise-en-location-la-selection-du-locataire\/"},"author":{"name":"Fanny Pimentel","@id":"https:\/\/www.athome.lu\/blog\/#\/schema\/person\/47f7a38089f837e792876ceddc4cb2dc"},"headline":"La mise en location : la s\u00e9lection du locataire","datePublished":"2016-06-16T11:33:33+00:00","dateModified":"2022-05-12T09:06:08+00:00","mainEntityOfPage":{"@id":"https:\/\/www.athome.lu\/blog\/louer\/bailleurs\/la-mise-en-location-la-selection-du-locataire\/"},"wordCount":564,"image":{"@id":"https:\/\/www.athome.lu\/blog\/louer\/bailleurs\/la-mise-en-location-la-selection-du-locataire\/#primaryimage"},"thumbnailUrl":"https:\/\/www.athome.lu\/blog\/wp-content\/uploads\/2016\/06\/agent-immobier-2016_600.jpg","keywords":["Location"],"articleSection":["Bailleurs"],"inLanguage":"fr-FR"},{"@type":"WebPage","@id":"https:\/\/www.athome.lu\/blog\/louer\/bailleurs\/la-mise-en-location-la-selection-du-locataire\/","url":"https:\/\/www.athome.lu\/blog\/louer\/bailleurs\/la-mise-en-location-la-selection-du-locataire\/","name":"La mise en location : la s\u00e9lection du locataire - atHome Blog","isPartOf":{"@id":"https:\/\/www.athome.lu\/blog\/#website"},"primaryImageOfPage":{"@id":"https:\/\/www.athome.lu\/blog\/louer\/bailleurs\/la-mise-en-location-la-selection-du-locataire\/#primaryimage"},"image":{"@id":"https:\/\/www.athome.lu\/blog\/louer\/bailleurs\/la-mise-en-location-la-selection-du-locataire\/#primaryimage"},"thumbnailUrl":"https:\/\/www.athome.lu\/blog\/wp-content\/uploads\/2016\/06\/agent-immobier-2016_600.jpg","datePublished":"2016-06-16T11:33:33+00:00","dateModified":"2022-05-12T09:06:08+00:00","author":{"@id":"https:\/\/www.athome.lu\/blog\/#\/schema\/person\/47f7a38089f837e792876ceddc4cb2dc"},"breadcrumb":{"@id":"https:\/\/www.athome.lu\/blog\/louer\/bailleurs\/la-mise-en-location-la-selection-du-locataire\/#breadcrumb"},"inLanguage":"fr-FR","potentialAction":[{"@type":"ReadAction","target":["https:\/\/www.athome.lu\/blog\/louer\/bailleurs\/la-mise-en-location-la-selection-du-locataire\/"]}]},{"@type":"ImageObject","inLanguage":"fr-FR","@id":"https:\/\/www.athome.lu\/blog\/louer\/bailleurs\/la-mise-en-location-la-selection-du-locataire\/#primaryimage","url":"https:\/\/www.athome.lu\/blog\/wp-content\/uploads\/2016\/06\/agent-immobier-2016_600.jpg","contentUrl":"https:\/\/www.athome.lu\/blog\/wp-content\/uploads\/2016\/06\/agent-immobier-2016_600.jpg","width":1200,"height":536,"caption":"visite avec un agent immobilier"},{"@type":"BreadcrumbList","@id":"https:\/\/www.athome.lu\/blog\/louer\/bailleurs\/la-mise-en-location-la-selection-du-locataire\/#breadcrumb","itemListElement":[{"@type":"ListItem","position":1,"name":"Accueil","item":"https:\/\/www.athome.lu\/blog\/"},{"@type":"ListItem","position":2,"name":"Louer","item":"https:\/\/www.athome.lu\/blog\/category\/louer\/"},{"@type":"ListItem","position":3,"name":"Bailleurs","item":"https:\/\/www.athome.lu\/blog\/category\/louer\/bailleurs\/"},{"@type":"ListItem","position":4,"name":"La mise en location : la s\u00e9lection du locataire"}]},{"@type":"WebSite","@id":"https:\/\/www.athome.lu\/blog\/#website","url":"https:\/\/www.athome.lu\/blog\/","name":"atHome Blog","description":"Annonces immobili\u00e8res au Luxembourg. Le portail immobilier n\u00b01 au Luxembourg.","potentialAction":[{"@type":"SearchAction","target":{"@type":"EntryPoint","urlTemplate":"https:\/\/www.athome.lu\/blog\/?s={search_term_string}"},"query-input":{"@type":"PropertyValueSpecification","valueRequired":true,"valueName":"search_term_string"}}],"inLanguage":"fr-FR"},{"@type":"Person","@id":"https:\/\/www.athome.lu\/blog\/#\/schema\/person\/47f7a38089f837e792876ceddc4cb2dc","name":"Fanny Pimentel","image":{"@type":"ImageObject","inLanguage":"fr-FR","@id":"https:\/\/secure.gravatar.com\/avatar\/c60b27b93851dc9503f9cc9150e73dcb0a86ba6150657e5e4b11d988400bc633?s=96&d=mm&r=g","url":"https:\/\/secure.gravatar.com\/avatar\/c60b27b93851dc9503f9cc9150e73dcb0a86ba6150657e5e4b11d988400bc633?s=96&d=mm&r=g","contentUrl":"https:\/\/secure.gravatar.com\/avatar\/c60b27b93851dc9503f9cc9150e73dcb0a86ba6150657e5e4b11d988400bc633?s=96&d=mm&r=g","caption":"Fanny Pimentel"}}]}},"featured_media_src_url":"https:\/\/www.athome.lu\/blog\/wp-content\/uploads\/2016\/06\/agent-immobier-2016_600-1024x457.jpg","_links":{"self":[{"href":"https:\/\/www.athome.lu\/blog\/wp-json\/wp\/v2\/posts\/7974","targetHints":{"allow":["GET"]}}],"collection":[{"href":"https:\/\/www.athome.lu\/blog\/wp-json\/wp\/v2\/posts"}],"about":[{"href":"https:\/\/www.athome.lu\/blog\/wp-json\/wp\/v2\/types\/post"}],"author":[{"embeddable":true,"href":"https:\/\/www.athome.lu\/blog\/wp-json\/wp\/v2\/users\/17"}],"replies":[{"embeddable":true,"href":"https:\/\/www.athome.lu\/blog\/wp-json\/wp\/v2\/comments?post=7974"}],"version-history":[{"count":2,"href":"https:\/\/www.athome.lu\/blog\/wp-json\/wp\/v2\/posts\/7974\/revisions"}],"predecessor-version":[{"id":15375,"href":"https:\/\/www.athome.lu\/blog\/wp-json\/wp\/v2\/posts\/7974\/revisions\/15375"}],"wp:featuredmedia":[{"embeddable":true,"href":"https:\/\/www.athome.lu\/blog\/wp-json\/wp\/v2\/media\/7978"}],"wp:attachment":[{"href":"https:\/\/www.athome.lu\/blog\/wp-json\/wp\/v2\/media?parent=7974"}],"wp:term":[{"taxonomy":"category","embeddable":true,"href":"https:\/\/www.athome.lu\/blog\/wp-json\/wp\/v2\/categories?post=7974"},{"taxonomy":"post_tag","embeddable":true,"href":"https:\/\/www.athome.lu\/blog\/wp-json\/wp\/v2\/tags?post=7974"}],"curies":[{"name":"wp","href":"https:\/\/api.w.org\/{rel}","templated":true}]}}