{"id":8175,"date":"2016-09-19T11:07:14","date_gmt":"2016-09-19T10:07:14","guid":{"rendered":"https:\/\/www.athome.lu\/blog\/?p=8175"},"modified":"2022-05-12T11:11:58","modified_gmt":"2022-05-12T09:11:58","slug":"meilleurs-moments-demenager","status":"publish","type":"post","link":"https:\/\/www.athome.lu\/blog\/mon-logement\/demenagement\/meilleurs-moments-demenager\/","title":{"rendered":"Quels sont les meilleurs moments pour d\u00e9m\u00e9nager ?"},"content":{"rendered":"<p style=\"text-align: justify;\"><span style=\"color: #000000;\">Le calendrier annuel des soci\u00e9t\u00e9s de d\u00e9m\u00e9nagement ressemble un peu \u00e0 celui d'un h\u00f4tel : il y a les p\u00e9riodes hautes, les p\u00e9riodes moyennes et les p\u00e9riodes basses. De l\u2019une \u00e0 l\u2019autre, le co\u00fbt d\u2019un d\u00e9m\u00e9nagement peut varier du simple au double.<\/span><\/p>\n<h2 style=\"text-align: justify;\"><span style=\"color: #000000;\"><strong>\u00c9viter l\u2019\u00e9t\u00e9 et la fin de l\u2019ann\u00e9e<\/strong><\/span><\/h2>\n<p style=\"text-align: justify;\"><span style=\"color: #000000;\">Cong\u00e9s, vacances des enfants et conditions climatiques obligent, les personnes d\u00e9m\u00e9nagent beaucoup en \u00e9t\u00e9, si bien que les plannings des soci\u00e9t\u00e9s de d\u00e9m\u00e9nagement sont litt\u00e9ralement surbook\u00e9s. Il s\u2019agit donc de la p\u00e9riode de l\u2019ann\u00e9e o\u00f9 il se r\u00e9v\u00e8le particuli\u00e8rement difficile de trouver un d\u00e9m\u00e9nageur et o\u00f9 les prix atteignent des records \u2013 c\u2019est la loi de l\u2019offre et de la demande. Cette p\u00e9riode s\u2019\u00e9tend de la mi-juin \u00e0 la mi-septembre, mais elle n\u2019est \u00e9videmment pas la seule \u00e0 \u00e9viter. La fin d\u2019ann\u00e9e et les vacances scolaires en g\u00e9n\u00e9ral cr\u00e9ent des bouchons sur la route des soci\u00e9t\u00e9s de d\u00e9m\u00e9nagement, si bien qu\u2019il faut souvent s\u2019y prendre trois ou quatre mois \u00e0 l\u2019avance\u00a0!<\/span><\/p>\n<h2 style=\"text-align: justify;\"><span style=\"color: #000000;\"><strong>Quand d\u00e9m\u00e9nager\u00a0? <\/strong><\/span><\/h2>\n<p style=\"text-align: justify;\"><span style=\"color: #000000;\">Si vous le pouvez bien s\u00fbr, <a href=\"https:\/\/www.athome.lu\/blog\/blog\/preparer-son-demenagement\/\">planifiez votre d\u00e9m\u00e9nagement<\/a> en tout d\u00e9but d\u2019ann\u00e9e (jusqu\u2019\u00e0 mars) ou entre la mi-septembre et la mi-d\u00e9cembre. Cela vous laisse quand m\u00eame de la marge\u00a0! Mieux encore, quitte \u00e0 demander un ou deux jours de cong\u00e9s \u00e0 votre employeur, pr\u00e9f\u00e9rez les milieux de mois et les d\u00e9buts de semaine (beaucoup de personnes d\u00e9m\u00e9nagent un samedi). Vous constaterez qu\u2019il y a de nombreux avantages \u00e0 choisir ces p\u00e9riodes creuses\u00a0: le co\u00fbt du d\u00e9m\u00e9nagement bien s\u00fbr, mais aussi la disponibilit\u00e9 et l\u2019attention de l\u2019\u00e9quipe qui va charger vos meubles. Le vase chinois de mamie pourrait bien vous dire merci\u00a0!<\/span><\/p>\n\n<section id=\"section-3-14695\" class=\" ct-section\" ><div class=\"ct-section-inner-wrap\"><div id=\"div_block-4-14695\" class=\"ct-div-block\" ><div id=\"new_columns-7-14695\" class=\"ct-new-columns\" ><div id=\"div_block-8-14695\" class=\"ct-div-block\" ><div id=\"div_block-14-14695\" class=\"ct-div-block\" ><\/div><\/div><div id=\"div_block-9-14695\" class=\"ct-div-block\" ><h1 id=\"headline-11-14695\" class=\"ct-headline\">Quels sont les prix de l'immobilier en ce moment ?<\/h1><div id=\"text_block-12-14695\" class=\"ct-text-block\" >Les prix ralentissent. Les taux d'int\u00e9r\u00eat augmentent. Quelles tendances pour les mois \u00e0 venir ?<\/div><a id=\"link_button-13-14695\" class=\"ct-link-button\" href=\"https:\/\/www.athome.lu\/blog\/blog\/marche-immobilier\/prix\/tendances-2022\/\" target=\"_blank\"  >Lire l'analyse<\/a><\/div><\/div><\/div><\/div><\/section>","protected":false},"excerpt":{"rendered":"<p>Le calendrier annuel des soci\u00e9t\u00e9s de d\u00e9m\u00e9nagement ressemble un peu \u00e0 celui d'un h\u00f4tel : il y a les p\u00e9riodes hautes, les p\u00e9riodes moyennes et les p\u00e9riodes basses. De l\u2019une \u00e0 l\u2019autre, le co\u00fbt d\u2019un d\u00e9m\u00e9nagement peut varier du simple au double. \u00c9viter l\u2019\u00e9t\u00e9 et la fin de l\u2019ann\u00e9e Cong\u00e9s, vacances des enfants et conditions [&hellip;]<\/p>\n","protected":false},"author":17,"featured_media":9192,"comment_status":"closed","ping_status":"open","sticky":false,"template":"","format":"standard","meta":{"_acf_changed":false,"footnotes":""},"categories":[203],"tags":[39],"class_list":["post-8175","post","type-post","status-publish","format-standard","has-post-thumbnail","hentry","category-demenagement","tag-demenager"],"acf":[],"yoast_head":"<!-- This site is optimized with the Yoast SEO plugin v27.4 - https:\/\/yoast.com\/product\/yoast-seo-wordpress\/ -->\n<title>\u25b7 Quand D\u00e9m\u00e9nager ? D\u00e9finir le Meilleur Moment pour D\u00e9m\u00e9nager | atHome<\/title>\n<meta name=\"description\" content=\"Selon la saison, le co\u00fbt d\u2019un d\u00e9m\u00e9nagement peut varier du simple au double. Quel esr alors le Meilleur Moment pour D\u00e9m\u00e9nager ?\" \/>\n<meta name=\"robots\" content=\"index, follow, max-snippet:-1, max-image-preview:large, max-video-preview:-1\" \/>\n<link rel=\"canonical\" href=\"https:\/\/www.athome.lu\/blog\/mon-logement\/demenagement\/meilleurs-moments-demenager\/\" \/>\n<meta property=\"og:locale\" content=\"fr_FR\" \/>\n<meta property=\"og:type\" content=\"article\" \/>\n<meta property=\"og:title\" content=\"\u25b7 Quand D\u00e9m\u00e9nager ? D\u00e9finir le Meilleur Moment pour D\u00e9m\u00e9nager | atHome\" \/>\n<meta property=\"og:description\" content=\"Selon la saison, le co\u00fbt d\u2019un d\u00e9m\u00e9nagement peut varier du simple au double. Quel esr alors le Meilleur Moment pour D\u00e9m\u00e9nager ?\" \/>\n<meta property=\"og:url\" content=\"https:\/\/www.athome.lu\/blog\/mon-logement\/demenagement\/meilleurs-moments-demenager\/\" \/>\n<meta property=\"og:site_name\" content=\"atHome Blog\" \/>\n<meta property=\"article:publisher\" content=\"https:\/\/www.facebook.com\/atHome.lu\/\" \/>\n<meta property=\"article:published_time\" content=\"2016-09-19T10:07:14+00:00\" \/>\n<meta property=\"article:modified_time\" content=\"2022-05-12T09:11:58+00:00\" \/>\n<meta property=\"og:image\" content=\"https:\/\/www.athome.lu\/blog\/wp-content\/uploads\/2016\/09\/71416864_20.jpg\" \/>\n\t<meta property=\"og:image:width\" content=\"1210\" \/>\n\t<meta property=\"og:image:height\" content=\"681\" \/>\n\t<meta property=\"og:image:type\" content=\"image\/jpeg\" \/>\n<meta name=\"author\" content=\"Fanny Pimentel\" \/>\n<meta name=\"twitter:card\" content=\"summary_large_image\" \/>\n<meta name=\"twitter:creator\" content=\"@athomelu\" \/>\n<meta name=\"twitter:site\" content=\"@athomelu\" \/>\n<meta name=\"twitter:label1\" content=\"\u00c9crit par\" \/>\n\t<meta name=\"twitter:data1\" content=\"Fanny Pimentel\" \/>\n\t<meta name=\"twitter:label2\" content=\"Dur\u00e9e de lecture estim\u00e9e\" \/>\n\t<meta name=\"twitter:data2\" content=\"2 minutes\" \/>\n<script type=\"application\/ld+json\" class=\"yoast-schema-graph\">{\"@context\":\"https:\\\/\\\/schema.org\",\"@graph\":[{\"@type\":\"Article\",\"@id\":\"https:\\\/\\\/www.athome.lu\\\/blog\\\/mon-logement\\\/demenagement\\\/meilleurs-moments-demenager\\\/#article\",\"isPartOf\":{\"@id\":\"https:\\\/\\\/www.athome.lu\\\/blog\\\/mon-logement\\\/demenagement\\\/meilleurs-moments-demenager\\\/\"},\"author\":{\"name\":\"Fanny Pimentel\",\"@id\":\"https:\\\/\\\/www.athome.lu\\\/blog\\\/#\\\/schema\\\/person\\\/47f7a38089f837e792876ceddc4cb2dc\"},\"headline\":\"Quels sont les meilleurs moments pour d\u00e9m\u00e9nager ?\",\"datePublished\":\"2016-09-19T10:07:14+00:00\",\"dateModified\":\"2022-05-12T09:11:58+00:00\",\"mainEntityOfPage\":{\"@id\":\"https:\\\/\\\/www.athome.lu\\\/blog\\\/mon-logement\\\/demenagement\\\/meilleurs-moments-demenager\\\/\"},\"wordCount\":339,\"image\":{\"@id\":\"https:\\\/\\\/www.athome.lu\\\/blog\\\/mon-logement\\\/demenagement\\\/meilleurs-moments-demenager\\\/#primaryimage\"},\"thumbnailUrl\":\"https:\\\/\\\/www.athome.lu\\\/blog\\\/wp-content\\\/uploads\\\/2016\\\/09\\\/71416864_20.jpg\",\"keywords\":[\"D\u00e9m\u00e9nager\"],\"articleSection\":[\"D\u00e9m\u00e9nagement\"],\"inLanguage\":\"fr-FR\"},{\"@type\":\"WebPage\",\"@id\":\"https:\\\/\\\/www.athome.lu\\\/blog\\\/mon-logement\\\/demenagement\\\/meilleurs-moments-demenager\\\/\",\"url\":\"https:\\\/\\\/www.athome.lu\\\/blog\\\/mon-logement\\\/demenagement\\\/meilleurs-moments-demenager\\\/\",\"name\":\"\u25b7 Quand D\u00e9m\u00e9nager ? D\u00e9finir le Meilleur Moment pour D\u00e9m\u00e9nager | atHome\",\"isPartOf\":{\"@id\":\"https:\\\/\\\/www.athome.lu\\\/blog\\\/#website\"},\"primaryImageOfPage\":{\"@id\":\"https:\\\/\\\/www.athome.lu\\\/blog\\\/mon-logement\\\/demenagement\\\/meilleurs-moments-demenager\\\/#primaryimage\"},\"image\":{\"@id\":\"https:\\\/\\\/www.athome.lu\\\/blog\\\/mon-logement\\\/demenagement\\\/meilleurs-moments-demenager\\\/#primaryimage\"},\"thumbnailUrl\":\"https:\\\/\\\/www.athome.lu\\\/blog\\\/wp-content\\\/uploads\\\/2016\\\/09\\\/71416864_20.jpg\",\"datePublished\":\"2016-09-19T10:07:14+00:00\",\"dateModified\":\"2022-05-12T09:11:58+00:00\",\"author\":{\"@id\":\"https:\\\/\\\/www.athome.lu\\\/blog\\\/#\\\/schema\\\/person\\\/47f7a38089f837e792876ceddc4cb2dc\"},\"description\":\"Selon la saison, le co\u00fbt d\u2019un d\u00e9m\u00e9nagement peut varier du simple au double. Quel esr alors le Meilleur Moment pour D\u00e9m\u00e9nager ?\",\"breadcrumb\":{\"@id\":\"https:\\\/\\\/www.athome.lu\\\/blog\\\/mon-logement\\\/demenagement\\\/meilleurs-moments-demenager\\\/#breadcrumb\"},\"inLanguage\":\"fr-FR\",\"potentialAction\":[{\"@type\":\"ReadAction\",\"target\":[\"https:\\\/\\\/www.athome.lu\\\/blog\\\/mon-logement\\\/demenagement\\\/meilleurs-moments-demenager\\\/\"]}]},{\"@type\":\"ImageObject\",\"inLanguage\":\"fr-FR\",\"@id\":\"https:\\\/\\\/www.athome.lu\\\/blog\\\/mon-logement\\\/demenagement\\\/meilleurs-moments-demenager\\\/#primaryimage\",\"url\":\"https:\\\/\\\/www.athome.lu\\\/blog\\\/wp-content\\\/uploads\\\/2016\\\/09\\\/71416864_20.jpg\",\"contentUrl\":\"https:\\\/\\\/www.athome.lu\\\/blog\\\/wp-content\\\/uploads\\\/2016\\\/09\\\/71416864_20.jpg\",\"width\":1210,\"height\":681,\"caption\":\"Couple qui d\u00e9m\u00e9nage\"},{\"@type\":\"BreadcrumbList\",\"@id\":\"https:\\\/\\\/www.athome.lu\\\/blog\\\/mon-logement\\\/demenagement\\\/meilleurs-moments-demenager\\\/#breadcrumb\",\"itemListElement\":[{\"@type\":\"ListItem\",\"position\":1,\"name\":\"Accueil\",\"item\":\"https:\\\/\\\/www.athome.lu\\\/blog\\\/\"},{\"@type\":\"ListItem\",\"position\":2,\"name\":\"Mon logement\",\"item\":\"https:\\\/\\\/www.athome.lu\\\/blog\\\/de\\\/category\\\/mein-haus\\\/\"},{\"@type\":\"ListItem\",\"position\":3,\"name\":\"D\u00e9m\u00e9nagement\",\"item\":\"https:\\\/\\\/www.athome.lu\\\/blog\\\/category\\\/mon-logement\\\/demenagement\\\/\"},{\"@type\":\"ListItem\",\"position\":4,\"name\":\"Quels sont les meilleurs moments pour d\u00e9m\u00e9nager ?\"}]},{\"@type\":\"WebSite\",\"@id\":\"https:\\\/\\\/www.athome.lu\\\/blog\\\/#website\",\"url\":\"https:\\\/\\\/www.athome.lu\\\/blog\\\/\",\"name\":\"atHome Blog\",\"description\":\"Annonces immobili\u00e8res au Luxembourg. Le portail immobilier n\u00b01 au Luxembourg.\",\"potentialAction\":[{\"@type\":\"SearchAction\",\"target\":{\"@type\":\"EntryPoint\",\"urlTemplate\":\"https:\\\/\\\/www.athome.lu\\\/blog\\\/?s={search_term_string}\"},\"query-input\":{\"@type\":\"PropertyValueSpecification\",\"valueRequired\":true,\"valueName\":\"search_term_string\"}}],\"inLanguage\":\"fr-FR\"},{\"@type\":\"Person\",\"@id\":\"https:\\\/\\\/www.athome.lu\\\/blog\\\/#\\\/schema\\\/person\\\/47f7a38089f837e792876ceddc4cb2dc\",\"name\":\"Fanny Pimentel\",\"image\":{\"@type\":\"ImageObject\",\"inLanguage\":\"fr-FR\",\"@id\":\"https:\\\/\\\/secure.gravatar.com\\\/avatar\\\/c60b27b93851dc9503f9cc9150e73dcb0a86ba6150657e5e4b11d988400bc633?s=96&d=mm&r=g\",\"url\":\"https:\\\/\\\/secure.gravatar.com\\\/avatar\\\/c60b27b93851dc9503f9cc9150e73dcb0a86ba6150657e5e4b11d988400bc633?s=96&d=mm&r=g\",\"contentUrl\":\"https:\\\/\\\/secure.gravatar.com\\\/avatar\\\/c60b27b93851dc9503f9cc9150e73dcb0a86ba6150657e5e4b11d988400bc633?s=96&d=mm&r=g\",\"caption\":\"Fanny Pimentel\"}}]}<\/script>\n<!-- \/ Yoast SEO plugin. -->","yoast_head_json":{"title":"\u25b7 Quand D\u00e9m\u00e9nager ? D\u00e9finir le Meilleur Moment pour D\u00e9m\u00e9nager | atHome","description":"Selon la saison, le co\u00fbt d\u2019un d\u00e9m\u00e9nagement peut varier du simple au double. Quel esr alors le Meilleur Moment pour D\u00e9m\u00e9nager ?","robots":{"index":"index","follow":"follow","max-snippet":"max-snippet:-1","max-image-preview":"max-image-preview:large","max-video-preview":"max-video-preview:-1"},"canonical":"https:\/\/www.athome.lu\/blog\/mon-logement\/demenagement\/meilleurs-moments-demenager\/","og_locale":"fr_FR","og_type":"article","og_title":"\u25b7 Quand D\u00e9m\u00e9nager ? D\u00e9finir le Meilleur Moment pour D\u00e9m\u00e9nager | atHome","og_description":"Selon la saison, le co\u00fbt d\u2019un d\u00e9m\u00e9nagement peut varier du simple au double. Quel esr alors le Meilleur Moment pour D\u00e9m\u00e9nager ?","og_url":"https:\/\/www.athome.lu\/blog\/mon-logement\/demenagement\/meilleurs-moments-demenager\/","og_site_name":"atHome Blog","article_publisher":"https:\/\/www.facebook.com\/atHome.lu\/","article_published_time":"2016-09-19T10:07:14+00:00","article_modified_time":"2022-05-12T09:11:58+00:00","og_image":[{"width":1210,"height":681,"url":"https:\/\/www.athome.lu\/blog\/wp-content\/uploads\/2016\/09\/71416864_20.jpg","type":"image\/jpeg"}],"author":"Fanny Pimentel","twitter_card":"summary_large_image","twitter_creator":"@athomelu","twitter_site":"@athomelu","twitter_misc":{"\u00c9crit par":"Fanny Pimentel","Dur\u00e9e de lecture estim\u00e9e":"2 minutes"},"schema":{"@context":"https:\/\/schema.org","@graph":[{"@type":"Article","@id":"https:\/\/www.athome.lu\/blog\/mon-logement\/demenagement\/meilleurs-moments-demenager\/#article","isPartOf":{"@id":"https:\/\/www.athome.lu\/blog\/mon-logement\/demenagement\/meilleurs-moments-demenager\/"},"author":{"name":"Fanny Pimentel","@id":"https:\/\/www.athome.lu\/blog\/#\/schema\/person\/47f7a38089f837e792876ceddc4cb2dc"},"headline":"Quels sont les meilleurs moments pour d\u00e9m\u00e9nager ?","datePublished":"2016-09-19T10:07:14+00:00","dateModified":"2022-05-12T09:11:58+00:00","mainEntityOfPage":{"@id":"https:\/\/www.athome.lu\/blog\/mon-logement\/demenagement\/meilleurs-moments-demenager\/"},"wordCount":339,"image":{"@id":"https:\/\/www.athome.lu\/blog\/mon-logement\/demenagement\/meilleurs-moments-demenager\/#primaryimage"},"thumbnailUrl":"https:\/\/www.athome.lu\/blog\/wp-content\/uploads\/2016\/09\/71416864_20.jpg","keywords":["D\u00e9m\u00e9nager"],"articleSection":["D\u00e9m\u00e9nagement"],"inLanguage":"fr-FR"},{"@type":"WebPage","@id":"https:\/\/www.athome.lu\/blog\/mon-logement\/demenagement\/meilleurs-moments-demenager\/","url":"https:\/\/www.athome.lu\/blog\/mon-logement\/demenagement\/meilleurs-moments-demenager\/","name":"\u25b7 Quand D\u00e9m\u00e9nager ? D\u00e9finir le Meilleur Moment pour D\u00e9m\u00e9nager | atHome","isPartOf":{"@id":"https:\/\/www.athome.lu\/blog\/#website"},"primaryImageOfPage":{"@id":"https:\/\/www.athome.lu\/blog\/mon-logement\/demenagement\/meilleurs-moments-demenager\/#primaryimage"},"image":{"@id":"https:\/\/www.athome.lu\/blog\/mon-logement\/demenagement\/meilleurs-moments-demenager\/#primaryimage"},"thumbnailUrl":"https:\/\/www.athome.lu\/blog\/wp-content\/uploads\/2016\/09\/71416864_20.jpg","datePublished":"2016-09-19T10:07:14+00:00","dateModified":"2022-05-12T09:11:58+00:00","author":{"@id":"https:\/\/www.athome.lu\/blog\/#\/schema\/person\/47f7a38089f837e792876ceddc4cb2dc"},"description":"Selon la saison, le co\u00fbt d\u2019un d\u00e9m\u00e9nagement peut varier du simple au double. Quel esr alors le Meilleur Moment pour D\u00e9m\u00e9nager ?","breadcrumb":{"@id":"https:\/\/www.athome.lu\/blog\/mon-logement\/demenagement\/meilleurs-moments-demenager\/#breadcrumb"},"inLanguage":"fr-FR","potentialAction":[{"@type":"ReadAction","target":["https:\/\/www.athome.lu\/blog\/mon-logement\/demenagement\/meilleurs-moments-demenager\/"]}]},{"@type":"ImageObject","inLanguage":"fr-FR","@id":"https:\/\/www.athome.lu\/blog\/mon-logement\/demenagement\/meilleurs-moments-demenager\/#primaryimage","url":"https:\/\/www.athome.lu\/blog\/wp-content\/uploads\/2016\/09\/71416864_20.jpg","contentUrl":"https:\/\/www.athome.lu\/blog\/wp-content\/uploads\/2016\/09\/71416864_20.jpg","width":1210,"height":681,"caption":"Couple qui d\u00e9m\u00e9nage"},{"@type":"BreadcrumbList","@id":"https:\/\/www.athome.lu\/blog\/mon-logement\/demenagement\/meilleurs-moments-demenager\/#breadcrumb","itemListElement":[{"@type":"ListItem","position":1,"name":"Accueil","item":"https:\/\/www.athome.lu\/blog\/"},{"@type":"ListItem","position":2,"name":"Mon logement","item":"https:\/\/www.athome.lu\/blog\/de\/category\/mein-haus\/"},{"@type":"ListItem","position":3,"name":"D\u00e9m\u00e9nagement","item":"https:\/\/www.athome.lu\/blog\/category\/mon-logement\/demenagement\/"},{"@type":"ListItem","position":4,"name":"Quels sont les meilleurs moments pour d\u00e9m\u00e9nager ?"}]},{"@type":"WebSite","@id":"https:\/\/www.athome.lu\/blog\/#website","url":"https:\/\/www.athome.lu\/blog\/","name":"atHome Blog","description":"Annonces immobili\u00e8res au Luxembourg. Le portail immobilier n\u00b01 au Luxembourg.","potentialAction":[{"@type":"SearchAction","target":{"@type":"EntryPoint","urlTemplate":"https:\/\/www.athome.lu\/blog\/?s={search_term_string}"},"query-input":{"@type":"PropertyValueSpecification","valueRequired":true,"valueName":"search_term_string"}}],"inLanguage":"fr-FR"},{"@type":"Person","@id":"https:\/\/www.athome.lu\/blog\/#\/schema\/person\/47f7a38089f837e792876ceddc4cb2dc","name":"Fanny Pimentel","image":{"@type":"ImageObject","inLanguage":"fr-FR","@id":"https:\/\/secure.gravatar.com\/avatar\/c60b27b93851dc9503f9cc9150e73dcb0a86ba6150657e5e4b11d988400bc633?s=96&d=mm&r=g","url":"https:\/\/secure.gravatar.com\/avatar\/c60b27b93851dc9503f9cc9150e73dcb0a86ba6150657e5e4b11d988400bc633?s=96&d=mm&r=g","contentUrl":"https:\/\/secure.gravatar.com\/avatar\/c60b27b93851dc9503f9cc9150e73dcb0a86ba6150657e5e4b11d988400bc633?s=96&d=mm&r=g","caption":"Fanny Pimentel"}}]}},"featured_media_src_url":"https:\/\/www.athome.lu\/blog\/wp-content\/uploads\/2016\/09\/71416864_20-1024x576.jpg","_links":{"self":[{"href":"https:\/\/www.athome.lu\/blog\/wp-json\/wp\/v2\/posts\/8175","targetHints":{"allow":["GET"]}}],"collection":[{"href":"https:\/\/www.athome.lu\/blog\/wp-json\/wp\/v2\/posts"}],"about":[{"href":"https:\/\/www.athome.lu\/blog\/wp-json\/wp\/v2\/types\/post"}],"author":[{"embeddable":true,"href":"https:\/\/www.athome.lu\/blog\/wp-json\/wp\/v2\/users\/17"}],"replies":[{"embeddable":true,"href":"https:\/\/www.athome.lu\/blog\/wp-json\/wp\/v2\/comments?post=8175"}],"version-history":[{"count":2,"href":"https:\/\/www.athome.lu\/blog\/wp-json\/wp\/v2\/posts\/8175\/revisions"}],"predecessor-version":[{"id":15363,"href":"https:\/\/www.athome.lu\/blog\/wp-json\/wp\/v2\/posts\/8175\/revisions\/15363"}],"wp:featuredmedia":[{"embeddable":true,"href":"https:\/\/www.athome.lu\/blog\/wp-json\/wp\/v2\/media\/9192"}],"wp:attachment":[{"href":"https:\/\/www.athome.lu\/blog\/wp-json\/wp\/v2\/media?parent=8175"}],"wp:term":[{"taxonomy":"category","embeddable":true,"href":"https:\/\/www.athome.lu\/blog\/wp-json\/wp\/v2\/categories?post=8175"},{"taxonomy":"post_tag","embeddable":true,"href":"https:\/\/www.athome.lu\/blog\/wp-json\/wp\/v2\/tags?post=8175"}],"curies":[{"name":"wp","href":"https:\/\/api.w.org\/{rel}","templated":true}]}}