{"id":8459,"date":"2019-07-08T08:57:06","date_gmt":"2019-07-08T07:57:06","guid":{"rendered":"https:\/\/www.athome.lu\/blog\/?p=8459"},"modified":"2022-05-11T15:43:11","modified_gmt":"2022-05-11T13:43:11","slug":"comment-estimer-la-valeur-de-mes-biens","status":"publish","type":"post","link":"https:\/\/www.athome.lu\/blog\/vendre\/estimer\/comment-estimer-la-valeur-de-mes-biens\/","title":{"rendered":"Comment estimer la valeur de mes biens\u00a0?"},"content":{"rendered":"\n<p><span style=\"color: #000000;\">De nombreux crit\u00e8res sont pris en compte pour <a href=\"https:\/\/www.athome.lu\/blog\/estimer\/\">estimer la valeur d\u2019un bien<\/a> immobilier, que ce soit une maison ou un appartement. Et il est n\u00e9cessaire de trouver le juste prix pour vendre au plus vite !<\/span><\/p>\n\n\n\n<h2 class=\"wp-block-heading\"><span style=\"color: #000000;\">La valeur d'un bien d\u00e9pend de la zone g\u00e9ographique<\/span><\/h2>\n\n\n\n<p><span style=\"color: #000000;\">L\u2019emplacement du bien est tr\u00e8s logiquement le premier crit\u00e8re. Sa valeur d\u00e9pend de l\u2019\u00e9tat du march\u00e9 immobilier de la ville dans laquelle il est situ\u00e9. Mais aussi au sein m\u00eame de cette ville, elle d\u00e9pend du quartier. Un logement en plein centre se vend g\u00e9n\u00e9ralement plus cher que dans une p\u00e9riph\u00e9rie. Il est donc tout d\u2019abord essentiel de se renseigner sur le prix moyen du m\u00e8tre carr\u00e9 dans une zone donn\u00e9e, tout en sachant que certaines caract\u00e9ristiques font \u00e9voluer le prix . Augmentez de 5 \u00e0 20 % si le logement dispose d\u2019une belle vue, par exemple, mais diminuez-le d\u2019autant s\u2019il est situ\u00e9 au-dessus d\u2019un restaurant ou d\u2019un bar.<\/span><\/p>\n\n\n\n<h2 class=\"wp-block-heading\"><span style=\"color: #000000;\">Et des crit\u00e8res propres au logement<\/span><\/h2>\n\n\n\n<p><span style=\"color: #000000;\">Chaque maison (ou appartement) a une valeur qui lui est propre. Cette valeur d\u00e9pend bien \u00e9videmment de son \u00e9tat (y a-t-il ou non des travaux \u00e0 r\u00e9aliser&nbsp;?), mais aussi de sa surface, de sa typologie, du fait qu\u2019il y ait un jardin ou non, etc. L\u00e0 encore, la valeur du bien baisse ou augmente par rapport au prix moyen. Toujours en pourcentage, on consid\u00e8re qu\u2019une habitation refaite \u00e0 neuf, qu\u2019il s\u2019agisse d\u2019isolation, de plomberie ou d\u2019\u00e9lectricit\u00e9, voit son prix augmenter de 15 \u00e0 20 % par rapport \u00e0 la moyenne. Si un rafra\u00eechissement est n\u00e9cessaire, il baisse de 5 \u00e0 10 %, mais si de gros travaux sont \u00e0 pr\u00e9voir, la chute peut atteindre environ 30 %. L\u2019\u00e9tage, la double orientation, les \u00e9ventuels vis-\u00e0-vis ou encore les bruits ext\u00e9rieurs peuvent \u00e9galement faire varier la valeur du bien.<\/span><\/p>\n\n\n\n<p><span style=\"color: #000000;\"><strong>Vous pouvez d\u00e9sormais <a href=\"https:\/\/www.athome.lu\/blog\/estimer\/\">estimer un bien immobilier<\/a> en ligne sur atHome.lu pour obtenir une premi\u00e8re \u00e9valuation.<\/strong> Pour une estimation pr\u00e9cise, vous pouvez bien entendu faire appel \u00e0 un professionnel. Un agent immobilier ou notaire sera en mesure de vous donner le juste prix de votre logement.<\/span><\/p>\n\n\n<section id=\"section-3-14695\" class=\" ct-section\" ><div class=\"ct-section-inner-wrap\"><div id=\"div_block-4-14695\" class=\"ct-div-block\" ><div id=\"new_columns-7-14695\" class=\"ct-new-columns\" ><div id=\"div_block-8-14695\" class=\"ct-div-block\" ><div id=\"div_block-14-14695\" class=\"ct-div-block\" ><\/div><\/div><div id=\"div_block-9-14695\" class=\"ct-div-block\" ><h1 id=\"headline-11-14695\" class=\"ct-headline\">Quels sont les prix de l'immobilier en ce moment ?<\/h1><div id=\"text_block-12-14695\" class=\"ct-text-block\" >Les prix ralentissent. Les taux d'int\u00e9r\u00eat augmentent. Quelles tendances pour les mois \u00e0 venir ?<\/div><a id=\"link_button-13-14695\" class=\"ct-link-button\" href=\"https:\/\/www.athome.lu\/blog\/blog\/marche-immobilier\/prix\/tendances-2022\/\" target=\"_blank\"  >Lire l'analyse<\/a><\/div><\/div><\/div><\/div><\/section>","protected":false},"excerpt":{"rendered":"<p>De nombreux crit\u00e8res sont pris en compte pour estimer la valeur d\u2019un bien immobilier, que ce soit une maison ou un appartement. Et il est n\u00e9cessaire de trouver le juste prix pour vendre au plus vite ! La valeur d'un bien d\u00e9pend de la zone g\u00e9ographique L\u2019emplacement du bien est tr\u00e8s logiquement le premier crit\u00e8re. [&hellip;]<\/p>\n","protected":false},"author":17,"featured_media":12136,"comment_status":"closed","ping_status":"open","sticky":false,"template":"","format":"standard","meta":{"_acf_changed":false,"footnotes":""},"categories":[227],"tags":[30,37],"class_list":["post-8459","post","type-post","status-publish","format-standard","has-post-thumbnail","hentry","category-estimer","tag-achat","tag-vente"],"acf":[],"yoast_head":"<!-- This site is optimized with the Yoast SEO plugin v27.4 - https:\/\/yoast.com\/product\/yoast-seo-wordpress\/ -->\n<title>Comment estimer la valeur de mes biens\u00a0? - atHome Blog<\/title>\n<meta name=\"description\" content=\"De nombreux crit\u00e8res sont pris en compte pour estimer la valeur d\u2019un bien immobilier, que ce soit une maison ou bien un appartement.\" \/>\n<meta name=\"robots\" content=\"index, follow, max-snippet:-1, max-image-preview:large, max-video-preview:-1\" \/>\n<link rel=\"canonical\" href=\"https:\/\/www.athome.lu\/blog\/vendre\/estimer\/comment-estimer-la-valeur-de-mes-biens\/\" \/>\n<meta property=\"og:locale\" content=\"fr_FR\" \/>\n<meta property=\"og:type\" content=\"article\" \/>\n<meta property=\"og:title\" content=\"Comment estimer la valeur de mes biens\u00a0? - atHome Blog\" \/>\n<meta property=\"og:description\" content=\"De nombreux crit\u00e8res sont pris en compte pour estimer la valeur d\u2019un bien immobilier.\" \/>\n<meta property=\"og:url\" content=\"https:\/\/www.athome.lu\/blog\/vendre\/estimer\/comment-estimer-la-valeur-de-mes-biens\/\" \/>\n<meta property=\"og:site_name\" content=\"atHome Blog\" \/>\n<meta property=\"article:publisher\" content=\"https:\/\/www.facebook.com\/atHome.lu\/\" \/>\n<meta property=\"article:published_time\" content=\"2019-07-08T07:57:06+00:00\" \/>\n<meta property=\"article:modified_time\" content=\"2022-05-11T13:43:11+00:00\" \/>\n<meta property=\"og:image\" content=\"https:\/\/www.athome.lu\/blog\/wp-content\/uploads\/2019\/07\/blog.jpg\" \/>\n\t<meta property=\"og:image:width\" content=\"1200\" \/>\n\t<meta property=\"og:image:height\" content=\"800\" \/>\n\t<meta property=\"og:image:type\" content=\"image\/jpeg\" \/>\n<meta name=\"author\" content=\"Fanny Pimentel\" \/>\n<meta name=\"twitter:card\" content=\"summary_large_image\" \/>\n<meta name=\"twitter:creator\" content=\"@athomelu\" \/>\n<meta name=\"twitter:site\" content=\"@athomelu\" \/>\n<meta name=\"twitter:label1\" content=\"\u00c9crit par\" \/>\n\t<meta name=\"twitter:data1\" content=\"Fanny Pimentel\" \/>\n\t<meta name=\"twitter:label2\" content=\"Dur\u00e9e de lecture estim\u00e9e\" \/>\n\t<meta name=\"twitter:data2\" content=\"2 minutes\" \/>\n<script type=\"application\/ld+json\" class=\"yoast-schema-graph\">{\"@context\":\"https:\\\/\\\/schema.org\",\"@graph\":[{\"@type\":\"Article\",\"@id\":\"https:\\\/\\\/www.athome.lu\\\/blog\\\/vendre\\\/estimer\\\/comment-estimer-la-valeur-de-mes-biens\\\/#article\",\"isPartOf\":{\"@id\":\"https:\\\/\\\/www.athome.lu\\\/blog\\\/vendre\\\/estimer\\\/comment-estimer-la-valeur-de-mes-biens\\\/\"},\"author\":{\"name\":\"Fanny Pimentel\",\"@id\":\"https:\\\/\\\/www.athome.lu\\\/blog\\\/#\\\/schema\\\/person\\\/47f7a38089f837e792876ceddc4cb2dc\"},\"headline\":\"Comment estimer la valeur de mes biens\u00a0?\",\"datePublished\":\"2019-07-08T07:57:06+00:00\",\"dateModified\":\"2022-05-11T13:43:11+00:00\",\"mainEntityOfPage\":{\"@id\":\"https:\\\/\\\/www.athome.lu\\\/blog\\\/vendre\\\/estimer\\\/comment-estimer-la-valeur-de-mes-biens\\\/\"},\"wordCount\":376,\"image\":{\"@id\":\"https:\\\/\\\/www.athome.lu\\\/blog\\\/vendre\\\/estimer\\\/comment-estimer-la-valeur-de-mes-biens\\\/#primaryimage\"},\"thumbnailUrl\":\"https:\\\/\\\/www.athome.lu\\\/blog\\\/wp-content\\\/uploads\\\/2019\\\/07\\\/blog.jpg\",\"keywords\":[\"Achat\",\"Vente\"],\"articleSection\":[\"Estimer\"],\"inLanguage\":\"fr-FR\"},{\"@type\":\"WebPage\",\"@id\":\"https:\\\/\\\/www.athome.lu\\\/blog\\\/vendre\\\/estimer\\\/comment-estimer-la-valeur-de-mes-biens\\\/\",\"url\":\"https:\\\/\\\/www.athome.lu\\\/blog\\\/vendre\\\/estimer\\\/comment-estimer-la-valeur-de-mes-biens\\\/\",\"name\":\"Comment estimer la valeur de mes biens\u00a0? - atHome Blog\",\"isPartOf\":{\"@id\":\"https:\\\/\\\/www.athome.lu\\\/blog\\\/#website\"},\"primaryImageOfPage\":{\"@id\":\"https:\\\/\\\/www.athome.lu\\\/blog\\\/vendre\\\/estimer\\\/comment-estimer-la-valeur-de-mes-biens\\\/#primaryimage\"},\"image\":{\"@id\":\"https:\\\/\\\/www.athome.lu\\\/blog\\\/vendre\\\/estimer\\\/comment-estimer-la-valeur-de-mes-biens\\\/#primaryimage\"},\"thumbnailUrl\":\"https:\\\/\\\/www.athome.lu\\\/blog\\\/wp-content\\\/uploads\\\/2019\\\/07\\\/blog.jpg\",\"datePublished\":\"2019-07-08T07:57:06+00:00\",\"dateModified\":\"2022-05-11T13:43:11+00:00\",\"author\":{\"@id\":\"https:\\\/\\\/www.athome.lu\\\/blog\\\/#\\\/schema\\\/person\\\/47f7a38089f837e792876ceddc4cb2dc\"},\"description\":\"De nombreux crit\u00e8res sont pris en compte pour estimer la valeur d\u2019un bien immobilier, que ce soit une maison ou bien un appartement.\",\"breadcrumb\":{\"@id\":\"https:\\\/\\\/www.athome.lu\\\/blog\\\/vendre\\\/estimer\\\/comment-estimer-la-valeur-de-mes-biens\\\/#breadcrumb\"},\"inLanguage\":\"fr-FR\",\"potentialAction\":[{\"@type\":\"ReadAction\",\"target\":[\"https:\\\/\\\/www.athome.lu\\\/blog\\\/vendre\\\/estimer\\\/comment-estimer-la-valeur-de-mes-biens\\\/\"]}]},{\"@type\":\"ImageObject\",\"inLanguage\":\"fr-FR\",\"@id\":\"https:\\\/\\\/www.athome.lu\\\/blog\\\/vendre\\\/estimer\\\/comment-estimer-la-valeur-de-mes-biens\\\/#primaryimage\",\"url\":\"https:\\\/\\\/www.athome.lu\\\/blog\\\/wp-content\\\/uploads\\\/2019\\\/07\\\/blog.jpg\",\"contentUrl\":\"https:\\\/\\\/www.athome.lu\\\/blog\\\/wp-content\\\/uploads\\\/2019\\\/07\\\/blog.jpg\",\"width\":1200,\"height\":800,\"caption\":\"Comment estimer la valeur de mon bien\"},{\"@type\":\"BreadcrumbList\",\"@id\":\"https:\\\/\\\/www.athome.lu\\\/blog\\\/vendre\\\/estimer\\\/comment-estimer-la-valeur-de-mes-biens\\\/#breadcrumb\",\"itemListElement\":[{\"@type\":\"ListItem\",\"position\":1,\"name\":\"Accueil\",\"item\":\"https:\\\/\\\/www.athome.lu\\\/blog\\\/\"},{\"@type\":\"ListItem\",\"position\":2,\"name\":\"Vendre\",\"item\":\"https:\\\/\\\/www.athome.lu\\\/blog\\\/en\\\/category\\\/sell\\\/\"},{\"@type\":\"ListItem\",\"position\":3,\"name\":\"Estimer\",\"item\":\"https:\\\/\\\/www.athome.lu\\\/blog\\\/category\\\/vendre\\\/estimer\\\/\"},{\"@type\":\"ListItem\",\"position\":4,\"name\":\"Comment estimer la valeur de mes biens\u00a0?\"}]},{\"@type\":\"WebSite\",\"@id\":\"https:\\\/\\\/www.athome.lu\\\/blog\\\/#website\",\"url\":\"https:\\\/\\\/www.athome.lu\\\/blog\\\/\",\"name\":\"atHome Blog\",\"description\":\"Annonces immobili\u00e8res au Luxembourg. Le portail immobilier n\u00b01 au Luxembourg.\",\"potentialAction\":[{\"@type\":\"SearchAction\",\"target\":{\"@type\":\"EntryPoint\",\"urlTemplate\":\"https:\\\/\\\/www.athome.lu\\\/blog\\\/?s={search_term_string}\"},\"query-input\":{\"@type\":\"PropertyValueSpecification\",\"valueRequired\":true,\"valueName\":\"search_term_string\"}}],\"inLanguage\":\"fr-FR\"},{\"@type\":\"Person\",\"@id\":\"https:\\\/\\\/www.athome.lu\\\/blog\\\/#\\\/schema\\\/person\\\/47f7a38089f837e792876ceddc4cb2dc\",\"name\":\"Fanny Pimentel\",\"image\":{\"@type\":\"ImageObject\",\"inLanguage\":\"fr-FR\",\"@id\":\"https:\\\/\\\/secure.gravatar.com\\\/avatar\\\/c60b27b93851dc9503f9cc9150e73dcb0a86ba6150657e5e4b11d988400bc633?s=96&d=mm&r=g\",\"url\":\"https:\\\/\\\/secure.gravatar.com\\\/avatar\\\/c60b27b93851dc9503f9cc9150e73dcb0a86ba6150657e5e4b11d988400bc633?s=96&d=mm&r=g\",\"contentUrl\":\"https:\\\/\\\/secure.gravatar.com\\\/avatar\\\/c60b27b93851dc9503f9cc9150e73dcb0a86ba6150657e5e4b11d988400bc633?s=96&d=mm&r=g\",\"caption\":\"Fanny Pimentel\"}}]}<\/script>\n<!-- \/ Yoast SEO plugin. -->","yoast_head_json":{"title":"Comment estimer la valeur de mes biens\u00a0? - atHome Blog","description":"De nombreux crit\u00e8res sont pris en compte pour estimer la valeur d\u2019un bien immobilier, que ce soit une maison ou bien un appartement.","robots":{"index":"index","follow":"follow","max-snippet":"max-snippet:-1","max-image-preview":"max-image-preview:large","max-video-preview":"max-video-preview:-1"},"canonical":"https:\/\/www.athome.lu\/blog\/vendre\/estimer\/comment-estimer-la-valeur-de-mes-biens\/","og_locale":"fr_FR","og_type":"article","og_title":"Comment estimer la valeur de mes biens\u00a0? - atHome Blog","og_description":"De nombreux crit\u00e8res sont pris en compte pour estimer la valeur d\u2019un bien immobilier.","og_url":"https:\/\/www.athome.lu\/blog\/vendre\/estimer\/comment-estimer-la-valeur-de-mes-biens\/","og_site_name":"atHome Blog","article_publisher":"https:\/\/www.facebook.com\/atHome.lu\/","article_published_time":"2019-07-08T07:57:06+00:00","article_modified_time":"2022-05-11T13:43:11+00:00","og_image":[{"width":1200,"height":800,"url":"https:\/\/www.athome.lu\/blog\/wp-content\/uploads\/2019\/07\/blog.jpg","type":"image\/jpeg"}],"author":"Fanny Pimentel","twitter_card":"summary_large_image","twitter_creator":"@athomelu","twitter_site":"@athomelu","twitter_misc":{"\u00c9crit par":"Fanny Pimentel","Dur\u00e9e de lecture estim\u00e9e":"2 minutes"},"schema":{"@context":"https:\/\/schema.org","@graph":[{"@type":"Article","@id":"https:\/\/www.athome.lu\/blog\/vendre\/estimer\/comment-estimer-la-valeur-de-mes-biens\/#article","isPartOf":{"@id":"https:\/\/www.athome.lu\/blog\/vendre\/estimer\/comment-estimer-la-valeur-de-mes-biens\/"},"author":{"name":"Fanny Pimentel","@id":"https:\/\/www.athome.lu\/blog\/#\/schema\/person\/47f7a38089f837e792876ceddc4cb2dc"},"headline":"Comment estimer la valeur de mes biens\u00a0?","datePublished":"2019-07-08T07:57:06+00:00","dateModified":"2022-05-11T13:43:11+00:00","mainEntityOfPage":{"@id":"https:\/\/www.athome.lu\/blog\/vendre\/estimer\/comment-estimer-la-valeur-de-mes-biens\/"},"wordCount":376,"image":{"@id":"https:\/\/www.athome.lu\/blog\/vendre\/estimer\/comment-estimer-la-valeur-de-mes-biens\/#primaryimage"},"thumbnailUrl":"https:\/\/www.athome.lu\/blog\/wp-content\/uploads\/2019\/07\/blog.jpg","keywords":["Achat","Vente"],"articleSection":["Estimer"],"inLanguage":"fr-FR"},{"@type":"WebPage","@id":"https:\/\/www.athome.lu\/blog\/vendre\/estimer\/comment-estimer-la-valeur-de-mes-biens\/","url":"https:\/\/www.athome.lu\/blog\/vendre\/estimer\/comment-estimer-la-valeur-de-mes-biens\/","name":"Comment estimer la valeur de mes biens\u00a0? - atHome Blog","isPartOf":{"@id":"https:\/\/www.athome.lu\/blog\/#website"},"primaryImageOfPage":{"@id":"https:\/\/www.athome.lu\/blog\/vendre\/estimer\/comment-estimer-la-valeur-de-mes-biens\/#primaryimage"},"image":{"@id":"https:\/\/www.athome.lu\/blog\/vendre\/estimer\/comment-estimer-la-valeur-de-mes-biens\/#primaryimage"},"thumbnailUrl":"https:\/\/www.athome.lu\/blog\/wp-content\/uploads\/2019\/07\/blog.jpg","datePublished":"2019-07-08T07:57:06+00:00","dateModified":"2022-05-11T13:43:11+00:00","author":{"@id":"https:\/\/www.athome.lu\/blog\/#\/schema\/person\/47f7a38089f837e792876ceddc4cb2dc"},"description":"De nombreux crit\u00e8res sont pris en compte pour estimer la valeur d\u2019un bien immobilier, que ce soit une maison ou bien un appartement.","breadcrumb":{"@id":"https:\/\/www.athome.lu\/blog\/vendre\/estimer\/comment-estimer-la-valeur-de-mes-biens\/#breadcrumb"},"inLanguage":"fr-FR","potentialAction":[{"@type":"ReadAction","target":["https:\/\/www.athome.lu\/blog\/vendre\/estimer\/comment-estimer-la-valeur-de-mes-biens\/"]}]},{"@type":"ImageObject","inLanguage":"fr-FR","@id":"https:\/\/www.athome.lu\/blog\/vendre\/estimer\/comment-estimer-la-valeur-de-mes-biens\/#primaryimage","url":"https:\/\/www.athome.lu\/blog\/wp-content\/uploads\/2019\/07\/blog.jpg","contentUrl":"https:\/\/www.athome.lu\/blog\/wp-content\/uploads\/2019\/07\/blog.jpg","width":1200,"height":800,"caption":"Comment estimer la valeur de mon bien"},{"@type":"BreadcrumbList","@id":"https:\/\/www.athome.lu\/blog\/vendre\/estimer\/comment-estimer-la-valeur-de-mes-biens\/#breadcrumb","itemListElement":[{"@type":"ListItem","position":1,"name":"Accueil","item":"https:\/\/www.athome.lu\/blog\/"},{"@type":"ListItem","position":2,"name":"Vendre","item":"https:\/\/www.athome.lu\/blog\/en\/category\/sell\/"},{"@type":"ListItem","position":3,"name":"Estimer","item":"https:\/\/www.athome.lu\/blog\/category\/vendre\/estimer\/"},{"@type":"ListItem","position":4,"name":"Comment estimer la valeur de mes biens\u00a0?"}]},{"@type":"WebSite","@id":"https:\/\/www.athome.lu\/blog\/#website","url":"https:\/\/www.athome.lu\/blog\/","name":"atHome Blog","description":"Annonces immobili\u00e8res au Luxembourg. Le portail immobilier n\u00b01 au Luxembourg.","potentialAction":[{"@type":"SearchAction","target":{"@type":"EntryPoint","urlTemplate":"https:\/\/www.athome.lu\/blog\/?s={search_term_string}"},"query-input":{"@type":"PropertyValueSpecification","valueRequired":true,"valueName":"search_term_string"}}],"inLanguage":"fr-FR"},{"@type":"Person","@id":"https:\/\/www.athome.lu\/blog\/#\/schema\/person\/47f7a38089f837e792876ceddc4cb2dc","name":"Fanny Pimentel","image":{"@type":"ImageObject","inLanguage":"fr-FR","@id":"https:\/\/secure.gravatar.com\/avatar\/c60b27b93851dc9503f9cc9150e73dcb0a86ba6150657e5e4b11d988400bc633?s=96&d=mm&r=g","url":"https:\/\/secure.gravatar.com\/avatar\/c60b27b93851dc9503f9cc9150e73dcb0a86ba6150657e5e4b11d988400bc633?s=96&d=mm&r=g","contentUrl":"https:\/\/secure.gravatar.com\/avatar\/c60b27b93851dc9503f9cc9150e73dcb0a86ba6150657e5e4b11d988400bc633?s=96&d=mm&r=g","caption":"Fanny Pimentel"}}]}},"featured_media_src_url":"https:\/\/www.athome.lu\/blog\/wp-content\/uploads\/2019\/07\/blog-1024x683.jpg","_links":{"self":[{"href":"https:\/\/www.athome.lu\/blog\/wp-json\/wp\/v2\/posts\/8459","targetHints":{"allow":["GET"]}}],"collection":[{"href":"https:\/\/www.athome.lu\/blog\/wp-json\/wp\/v2\/posts"}],"about":[{"href":"https:\/\/www.athome.lu\/blog\/wp-json\/wp\/v2\/types\/post"}],"author":[{"embeddable":true,"href":"https:\/\/www.athome.lu\/blog\/wp-json\/wp\/v2\/users\/17"}],"replies":[{"embeddable":true,"href":"https:\/\/www.athome.lu\/blog\/wp-json\/wp\/v2\/comments?post=8459"}],"version-history":[{"count":2,"href":"https:\/\/www.athome.lu\/blog\/wp-json\/wp\/v2\/posts\/8459\/revisions"}],"predecessor-version":[{"id":15041,"href":"https:\/\/www.athome.lu\/blog\/wp-json\/wp\/v2\/posts\/8459\/revisions\/15041"}],"wp:featuredmedia":[{"embeddable":true,"href":"https:\/\/www.athome.lu\/blog\/wp-json\/wp\/v2\/media\/12136"}],"wp:attachment":[{"href":"https:\/\/www.athome.lu\/blog\/wp-json\/wp\/v2\/media?parent=8459"}],"wp:term":[{"taxonomy":"category","embeddable":true,"href":"https:\/\/www.athome.lu\/blog\/wp-json\/wp\/v2\/categories?post=8459"},{"taxonomy":"post_tag","embeddable":true,"href":"https:\/\/www.athome.lu\/blog\/wp-json\/wp\/v2\/tags?post=8459"}],"curies":[{"name":"wp","href":"https:\/\/api.w.org\/{rel}","templated":true}]}}