{"id":8598,"date":"2016-12-07T10:16:02","date_gmt":"2016-12-07T09:16:02","guid":{"rendered":"https:\/\/www.athome.lu\/blog\/?p=8598"},"modified":"2022-05-12T10:04:19","modified_gmt":"2022-05-12T08:04:19","slug":"les-signes-qui-montrent-quil-est-temps-de-vendre","status":"publish","type":"post","link":"https:\/\/www.athome.lu\/blog\/vendre\/les-signes-qui-montrent-quil-est-temps-de-vendre\/","title":{"rendered":"Les signes qui montrent qu\u2019il est temps de vendre"},"content":{"rendered":"\n<p><span style=\"color: #000000;\">Le d\u00e9part des cinq enfants devenus adultes est sans doute le signe le plus \u00e9vident qu\u2019il est peut-\u00eatre temps de vendre la maison familiale de 150 m\u00b2&nbsp;! Mais quels sont les autres signes&nbsp;?<\/span><\/p>\n\n\n\n<h2 class=\"wp-block-heading\"><span style=\"color: #000000;\"><strong>L\u2019\u00e9volution de la situation personnelle<\/strong><\/span><\/h2>\n\n\n\n<p><span style=\"color: #000000;\">Outre l\u2019exemple pr\u00e9c\u00e9demment cit\u00e9, d\u2019autres facteurs plus personnels peuvent inciter \u00e0 vendre une maison. Des pi\u00e8ces qui restent vides, l\u2019\u00e9nergie qui manque pour assurer l\u2019entretien de l\u2019habitation et \u00e9ventuellement de ses ext\u00e9rieurs, mais aussi une baisse de revenus qui rend le remboursement du pr\u00eat immobilier de plus en plus compliqu\u00e9\u2026 toutes ces raisons peuvent vous inciter \u00e0 mettre votre bien en vente. Un autre signe est, avec le temps, la perte de mobilit\u00e9 qui ne permet plus de se d\u00e9placer ais\u00e9ment dans toute la maison. Ceci \u00e9tant, il s\u2019agit bien ici de vendre votre maison et non de la brader&nbsp;!<\/span><\/p>\n\n\n\n<h2 class=\"wp-block-heading\"><span style=\"color: #000000;\"><strong>L\u2019\u00e9tat du march\u00e9 immobilier<\/strong><\/span><\/h2>\n\n\n\n<p><span style=\"color: #000000;\">Il est essentiel de consid\u00e9rer l\u2019\u00e9tat du march\u00e9 immobilier dans sa ville avant de prendre une telle d\u00e9cision. La situation id\u00e9ale serait donc pendant une p\u00e9riode o\u00f9 les prix augmentent tandis que les taux d\u2019int\u00e9r\u00eats restent bas. Renseignez-vous aupr\u00e8s de professionnels sur la valeur nette de votre bien et les tendances afin de ne pas perdre d\u2019argent, \u00e0 d\u00e9faut de r\u00e9aliser une plus-value.<\/span><\/p>\n\n\n\n<h2 class=\"wp-block-heading\"><span style=\"color: #000000;\"><strong>Attention aux frais<\/strong><\/span><\/h2>\n\n\n\n<p><span style=\"color: #000000;\">Vous avez sans doute contract\u00e9 un pr\u00eat pour financer votre bien. Or revendre trop vite peut vous faire perdre de l\u2019argent. Une r\u00e8gle s\u2019impose alors&nbsp;: il faut attendre d\u2019avoir au moins r\u00e9cup\u00e9r\u00e9 son apport personnel et y ajouter les frais de remboursement anticip\u00e9. Le capital restant d\u00fb doit alors \u00eatre \u00e9quivalent \u00e0 la valeur marchande du bien, moins l\u2019apport et l\u2019IRA (indemnit\u00e9 de remboursement anticip\u00e9). En g\u00e9n\u00e9ral, cela peut prendre entre deux et trois ans.<\/span><\/p>\n\n\n\n<p><a href=\"https:\/\/www.athome.lu\/blog\/publier\" target=\"_blank\" rel=\"noopener\"><strong>Publiez votre annonce sur atHome.lu<\/strong><\/a><\/p>\n\n\n<section id=\"section-3-14695\" class=\" ct-section\" ><div class=\"ct-section-inner-wrap\"><div id=\"div_block-4-14695\" class=\"ct-div-block\" ><div id=\"new_columns-7-14695\" class=\"ct-new-columns\" ><div id=\"div_block-8-14695\" class=\"ct-div-block\" ><div id=\"div_block-14-14695\" class=\"ct-div-block\" ><\/div><\/div><div id=\"div_block-9-14695\" class=\"ct-div-block\" ><h1 id=\"headline-11-14695\" class=\"ct-headline\">Quels sont les prix de l'immobilier en ce moment ?<\/h1><div id=\"text_block-12-14695\" class=\"ct-text-block\" >Les prix ralentissent. Les taux d'int\u00e9r\u00eat augmentent. Quelles tendances pour les mois \u00e0 venir ?<\/div><a id=\"link_button-13-14695\" class=\"ct-link-button\" href=\"https:\/\/www.athome.lu\/blog\/blog\/marche-immobilier\/prix\/tendances-2022\/\" target=\"_blank\"  >Lire l'analyse<\/a><\/div><\/div><\/div><\/div><\/section>","protected":false},"excerpt":{"rendered":"<p>Le d\u00e9part des cinq enfants devenus adultes est sans doute le signe le plus \u00e9vident qu\u2019il est peut-\u00eatre temps de vendre la maison familiale de 150 m\u00b2&nbsp;! Mais quels sont les autres signes&nbsp;? L\u2019\u00e9volution de la situation personnelle Outre l\u2019exemple pr\u00e9c\u00e9demment cit\u00e9, d\u2019autres facteurs plus personnels peuvent inciter \u00e0 vendre une maison. Des pi\u00e8ces qui [&hellip;]<\/p>\n","protected":false},"author":17,"featured_media":8602,"comment_status":"closed","ping_status":"open","sticky":false,"template":"","format":"standard","meta":{"_acf_changed":false,"footnotes":""},"categories":[4],"tags":[37],"class_list":["post-8598","post","type-post","status-publish","format-standard","has-post-thumbnail","hentry","category-vendre","tag-vente"],"acf":[],"yoast_head":"<!-- This site is optimized with the Yoast SEO plugin v27.4 - https:\/\/yoast.com\/product\/yoast-seo-wordpress\/ -->\n<title>Les signes qui montrent qu\u2019il est temps de vendre - atHome Blog<\/title>\n<meta name=\"robots\" content=\"index, follow, max-snippet:-1, max-image-preview:large, max-video-preview:-1\" \/>\n<link rel=\"canonical\" href=\"https:\/\/www.athome.lu\/blog\/vendre\/les-signes-qui-montrent-quil-est-temps-de-vendre\/\" \/>\n<meta property=\"og:locale\" content=\"fr_FR\" \/>\n<meta property=\"og:type\" content=\"article\" \/>\n<meta property=\"og:title\" content=\"Les signes qui montrent qu\u2019il est temps de vendre - atHome Blog\" \/>\n<meta property=\"og:description\" content=\"Le d\u00e9part des cinq enfants devenus adultes est sans doute le signe le plus \u00e9vident qu\u2019il est peut-\u00eatre temps de vendre la maison familiale de 150 m\u00b2&nbsp;! Mais quels sont les autres signes&nbsp;? L\u2019\u00e9volution de la situation personnelle Outre l\u2019exemple pr\u00e9c\u00e9demment cit\u00e9, d\u2019autres facteurs plus personnels peuvent inciter \u00e0 vendre une maison. Des pi\u00e8ces qui [&hellip;]\" \/>\n<meta property=\"og:url\" content=\"https:\/\/www.athome.lu\/blog\/vendre\/les-signes-qui-montrent-quil-est-temps-de-vendre\/\" \/>\n<meta property=\"og:site_name\" content=\"atHome Blog\" \/>\n<meta property=\"article:publisher\" content=\"https:\/\/www.facebook.com\/atHome.lu\/\" \/>\n<meta property=\"article:published_time\" content=\"2016-12-07T09:16:02+00:00\" \/>\n<meta property=\"article:modified_time\" content=\"2022-05-12T08:04:19+00:00\" \/>\n<meta property=\"og:image\" content=\"https:\/\/www.athome.lu\/blog\/wp-content\/uploads\/2016\/12\/selling-2GettyImages-505993290.jpg\" \/>\n\t<meta property=\"og:image:width\" content=\"1200\" \/>\n\t<meta property=\"og:image:height\" content=\"594\" \/>\n\t<meta property=\"og:image:type\" content=\"image\/jpeg\" \/>\n<meta name=\"author\" content=\"Fanny Pimentel\" \/>\n<meta name=\"twitter:card\" content=\"summary_large_image\" \/>\n<meta name=\"twitter:creator\" content=\"@athomelu\" \/>\n<meta name=\"twitter:site\" content=\"@athomelu\" \/>\n<meta name=\"twitter:label1\" content=\"\u00c9crit par\" \/>\n\t<meta name=\"twitter:data1\" content=\"Fanny Pimentel\" \/>\n\t<meta name=\"twitter:label2\" content=\"Dur\u00e9e de lecture estim\u00e9e\" \/>\n\t<meta name=\"twitter:data2\" content=\"2 minutes\" \/>\n<script type=\"application\/ld+json\" class=\"yoast-schema-graph\">{\"@context\":\"https:\\\/\\\/schema.org\",\"@graph\":[{\"@type\":\"Article\",\"@id\":\"https:\\\/\\\/www.athome.lu\\\/blog\\\/vendre\\\/les-signes-qui-montrent-quil-est-temps-de-vendre\\\/#article\",\"isPartOf\":{\"@id\":\"https:\\\/\\\/www.athome.lu\\\/blog\\\/vendre\\\/les-signes-qui-montrent-quil-est-temps-de-vendre\\\/\"},\"author\":{\"name\":\"Fanny Pimentel\",\"@id\":\"https:\\\/\\\/www.athome.lu\\\/blog\\\/#\\\/schema\\\/person\\\/47f7a38089f837e792876ceddc4cb2dc\"},\"headline\":\"Les signes qui montrent qu\u2019il est temps de vendre\",\"datePublished\":\"2016-12-07T09:16:02+00:00\",\"dateModified\":\"2022-05-12T08:04:19+00:00\",\"mainEntityOfPage\":{\"@id\":\"https:\\\/\\\/www.athome.lu\\\/blog\\\/vendre\\\/les-signes-qui-montrent-quil-est-temps-de-vendre\\\/\"},\"wordCount\":339,\"image\":{\"@id\":\"https:\\\/\\\/www.athome.lu\\\/blog\\\/vendre\\\/les-signes-qui-montrent-quil-est-temps-de-vendre\\\/#primaryimage\"},\"thumbnailUrl\":\"https:\\\/\\\/www.athome.lu\\\/blog\\\/wp-content\\\/uploads\\\/2016\\\/12\\\/selling-2GettyImages-505993290.jpg\",\"keywords\":[\"Vente\"],\"articleSection\":[\"Vendre\"],\"inLanguage\":\"fr-FR\"},{\"@type\":\"WebPage\",\"@id\":\"https:\\\/\\\/www.athome.lu\\\/blog\\\/vendre\\\/les-signes-qui-montrent-quil-est-temps-de-vendre\\\/\",\"url\":\"https:\\\/\\\/www.athome.lu\\\/blog\\\/vendre\\\/les-signes-qui-montrent-quil-est-temps-de-vendre\\\/\",\"name\":\"Les signes qui montrent qu\u2019il est temps de vendre - atHome Blog\",\"isPartOf\":{\"@id\":\"https:\\\/\\\/www.athome.lu\\\/blog\\\/#website\"},\"primaryImageOfPage\":{\"@id\":\"https:\\\/\\\/www.athome.lu\\\/blog\\\/vendre\\\/les-signes-qui-montrent-quil-est-temps-de-vendre\\\/#primaryimage\"},\"image\":{\"@id\":\"https:\\\/\\\/www.athome.lu\\\/blog\\\/vendre\\\/les-signes-qui-montrent-quil-est-temps-de-vendre\\\/#primaryimage\"},\"thumbnailUrl\":\"https:\\\/\\\/www.athome.lu\\\/blog\\\/wp-content\\\/uploads\\\/2016\\\/12\\\/selling-2GettyImages-505993290.jpg\",\"datePublished\":\"2016-12-07T09:16:02+00:00\",\"dateModified\":\"2022-05-12T08:04:19+00:00\",\"author\":{\"@id\":\"https:\\\/\\\/www.athome.lu\\\/blog\\\/#\\\/schema\\\/person\\\/47f7a38089f837e792876ceddc4cb2dc\"},\"breadcrumb\":{\"@id\":\"https:\\\/\\\/www.athome.lu\\\/blog\\\/vendre\\\/les-signes-qui-montrent-quil-est-temps-de-vendre\\\/#breadcrumb\"},\"inLanguage\":\"fr-FR\",\"potentialAction\":[{\"@type\":\"ReadAction\",\"target\":[\"https:\\\/\\\/www.athome.lu\\\/blog\\\/vendre\\\/les-signes-qui-montrent-quil-est-temps-de-vendre\\\/\"]}]},{\"@type\":\"ImageObject\",\"inLanguage\":\"fr-FR\",\"@id\":\"https:\\\/\\\/www.athome.lu\\\/blog\\\/vendre\\\/les-signes-qui-montrent-quil-est-temps-de-vendre\\\/#primaryimage\",\"url\":\"https:\\\/\\\/www.athome.lu\\\/blog\\\/wp-content\\\/uploads\\\/2016\\\/12\\\/selling-2GettyImages-505993290.jpg\",\"contentUrl\":\"https:\\\/\\\/www.athome.lu\\\/blog\\\/wp-content\\\/uploads\\\/2016\\\/12\\\/selling-2GettyImages-505993290.jpg\",\"width\":1200,\"height\":594,\"caption\":\"Couple de propri\u00e9taires qui vendent leur maison\"},{\"@type\":\"BreadcrumbList\",\"@id\":\"https:\\\/\\\/www.athome.lu\\\/blog\\\/vendre\\\/les-signes-qui-montrent-quil-est-temps-de-vendre\\\/#breadcrumb\",\"itemListElement\":[{\"@type\":\"ListItem\",\"position\":1,\"name\":\"Accueil\",\"item\":\"https:\\\/\\\/www.athome.lu\\\/blog\\\/\"},{\"@type\":\"ListItem\",\"position\":2,\"name\":\"Vendre\",\"item\":\"https:\\\/\\\/www.athome.lu\\\/blog\\\/en\\\/category\\\/sell\\\/\"},{\"@type\":\"ListItem\",\"position\":3,\"name\":\"Les signes qui montrent qu\u2019il est temps de vendre\"}]},{\"@type\":\"WebSite\",\"@id\":\"https:\\\/\\\/www.athome.lu\\\/blog\\\/#website\",\"url\":\"https:\\\/\\\/www.athome.lu\\\/blog\\\/\",\"name\":\"atHome Blog\",\"description\":\"Annonces immobili\u00e8res au Luxembourg. Le portail immobilier n\u00b01 au Luxembourg.\",\"potentialAction\":[{\"@type\":\"SearchAction\",\"target\":{\"@type\":\"EntryPoint\",\"urlTemplate\":\"https:\\\/\\\/www.athome.lu\\\/blog\\\/?s={search_term_string}\"},\"query-input\":{\"@type\":\"PropertyValueSpecification\",\"valueRequired\":true,\"valueName\":\"search_term_string\"}}],\"inLanguage\":\"fr-FR\"},{\"@type\":\"Person\",\"@id\":\"https:\\\/\\\/www.athome.lu\\\/blog\\\/#\\\/schema\\\/person\\\/47f7a38089f837e792876ceddc4cb2dc\",\"name\":\"Fanny Pimentel\",\"image\":{\"@type\":\"ImageObject\",\"inLanguage\":\"fr-FR\",\"@id\":\"https:\\\/\\\/secure.gravatar.com\\\/avatar\\\/c60b27b93851dc9503f9cc9150e73dcb0a86ba6150657e5e4b11d988400bc633?s=96&d=mm&r=g\",\"url\":\"https:\\\/\\\/secure.gravatar.com\\\/avatar\\\/c60b27b93851dc9503f9cc9150e73dcb0a86ba6150657e5e4b11d988400bc633?s=96&d=mm&r=g\",\"contentUrl\":\"https:\\\/\\\/secure.gravatar.com\\\/avatar\\\/c60b27b93851dc9503f9cc9150e73dcb0a86ba6150657e5e4b11d988400bc633?s=96&d=mm&r=g\",\"caption\":\"Fanny Pimentel\"}}]}<\/script>\n<!-- \/ Yoast SEO plugin. -->","yoast_head_json":{"title":"Les signes qui montrent qu\u2019il est temps de vendre - atHome Blog","robots":{"index":"index","follow":"follow","max-snippet":"max-snippet:-1","max-image-preview":"max-image-preview:large","max-video-preview":"max-video-preview:-1"},"canonical":"https:\/\/www.athome.lu\/blog\/vendre\/les-signes-qui-montrent-quil-est-temps-de-vendre\/","og_locale":"fr_FR","og_type":"article","og_title":"Les signes qui montrent qu\u2019il est temps de vendre - atHome Blog","og_description":"Le d\u00e9part des cinq enfants devenus adultes est sans doute le signe le plus \u00e9vident qu\u2019il est peut-\u00eatre temps de vendre la maison familiale de 150 m\u00b2&nbsp;! Mais quels sont les autres signes&nbsp;? L\u2019\u00e9volution de la situation personnelle Outre l\u2019exemple pr\u00e9c\u00e9demment cit\u00e9, d\u2019autres facteurs plus personnels peuvent inciter \u00e0 vendre une maison. Des pi\u00e8ces qui [&hellip;]","og_url":"https:\/\/www.athome.lu\/blog\/vendre\/les-signes-qui-montrent-quil-est-temps-de-vendre\/","og_site_name":"atHome Blog","article_publisher":"https:\/\/www.facebook.com\/atHome.lu\/","article_published_time":"2016-12-07T09:16:02+00:00","article_modified_time":"2022-05-12T08:04:19+00:00","og_image":[{"width":1200,"height":594,"url":"https:\/\/www.athome.lu\/blog\/wp-content\/uploads\/2016\/12\/selling-2GettyImages-505993290.jpg","type":"image\/jpeg"}],"author":"Fanny Pimentel","twitter_card":"summary_large_image","twitter_creator":"@athomelu","twitter_site":"@athomelu","twitter_misc":{"\u00c9crit par":"Fanny Pimentel","Dur\u00e9e de lecture estim\u00e9e":"2 minutes"},"schema":{"@context":"https:\/\/schema.org","@graph":[{"@type":"Article","@id":"https:\/\/www.athome.lu\/blog\/vendre\/les-signes-qui-montrent-quil-est-temps-de-vendre\/#article","isPartOf":{"@id":"https:\/\/www.athome.lu\/blog\/vendre\/les-signes-qui-montrent-quil-est-temps-de-vendre\/"},"author":{"name":"Fanny Pimentel","@id":"https:\/\/www.athome.lu\/blog\/#\/schema\/person\/47f7a38089f837e792876ceddc4cb2dc"},"headline":"Les signes qui montrent qu\u2019il est temps de vendre","datePublished":"2016-12-07T09:16:02+00:00","dateModified":"2022-05-12T08:04:19+00:00","mainEntityOfPage":{"@id":"https:\/\/www.athome.lu\/blog\/vendre\/les-signes-qui-montrent-quil-est-temps-de-vendre\/"},"wordCount":339,"image":{"@id":"https:\/\/www.athome.lu\/blog\/vendre\/les-signes-qui-montrent-quil-est-temps-de-vendre\/#primaryimage"},"thumbnailUrl":"https:\/\/www.athome.lu\/blog\/wp-content\/uploads\/2016\/12\/selling-2GettyImages-505993290.jpg","keywords":["Vente"],"articleSection":["Vendre"],"inLanguage":"fr-FR"},{"@type":"WebPage","@id":"https:\/\/www.athome.lu\/blog\/vendre\/les-signes-qui-montrent-quil-est-temps-de-vendre\/","url":"https:\/\/www.athome.lu\/blog\/vendre\/les-signes-qui-montrent-quil-est-temps-de-vendre\/","name":"Les signes qui montrent qu\u2019il est temps de vendre - atHome Blog","isPartOf":{"@id":"https:\/\/www.athome.lu\/blog\/#website"},"primaryImageOfPage":{"@id":"https:\/\/www.athome.lu\/blog\/vendre\/les-signes-qui-montrent-quil-est-temps-de-vendre\/#primaryimage"},"image":{"@id":"https:\/\/www.athome.lu\/blog\/vendre\/les-signes-qui-montrent-quil-est-temps-de-vendre\/#primaryimage"},"thumbnailUrl":"https:\/\/www.athome.lu\/blog\/wp-content\/uploads\/2016\/12\/selling-2GettyImages-505993290.jpg","datePublished":"2016-12-07T09:16:02+00:00","dateModified":"2022-05-12T08:04:19+00:00","author":{"@id":"https:\/\/www.athome.lu\/blog\/#\/schema\/person\/47f7a38089f837e792876ceddc4cb2dc"},"breadcrumb":{"@id":"https:\/\/www.athome.lu\/blog\/vendre\/les-signes-qui-montrent-quil-est-temps-de-vendre\/#breadcrumb"},"inLanguage":"fr-FR","potentialAction":[{"@type":"ReadAction","target":["https:\/\/www.athome.lu\/blog\/vendre\/les-signes-qui-montrent-quil-est-temps-de-vendre\/"]}]},{"@type":"ImageObject","inLanguage":"fr-FR","@id":"https:\/\/www.athome.lu\/blog\/vendre\/les-signes-qui-montrent-quil-est-temps-de-vendre\/#primaryimage","url":"https:\/\/www.athome.lu\/blog\/wp-content\/uploads\/2016\/12\/selling-2GettyImages-505993290.jpg","contentUrl":"https:\/\/www.athome.lu\/blog\/wp-content\/uploads\/2016\/12\/selling-2GettyImages-505993290.jpg","width":1200,"height":594,"caption":"Couple de propri\u00e9taires qui vendent leur maison"},{"@type":"BreadcrumbList","@id":"https:\/\/www.athome.lu\/blog\/vendre\/les-signes-qui-montrent-quil-est-temps-de-vendre\/#breadcrumb","itemListElement":[{"@type":"ListItem","position":1,"name":"Accueil","item":"https:\/\/www.athome.lu\/blog\/"},{"@type":"ListItem","position":2,"name":"Vendre","item":"https:\/\/www.athome.lu\/blog\/en\/category\/sell\/"},{"@type":"ListItem","position":3,"name":"Les signes qui montrent qu\u2019il est temps de vendre"}]},{"@type":"WebSite","@id":"https:\/\/www.athome.lu\/blog\/#website","url":"https:\/\/www.athome.lu\/blog\/","name":"atHome Blog","description":"Annonces immobili\u00e8res au Luxembourg. Le portail immobilier n\u00b01 au Luxembourg.","potentialAction":[{"@type":"SearchAction","target":{"@type":"EntryPoint","urlTemplate":"https:\/\/www.athome.lu\/blog\/?s={search_term_string}"},"query-input":{"@type":"PropertyValueSpecification","valueRequired":true,"valueName":"search_term_string"}}],"inLanguage":"fr-FR"},{"@type":"Person","@id":"https:\/\/www.athome.lu\/blog\/#\/schema\/person\/47f7a38089f837e792876ceddc4cb2dc","name":"Fanny Pimentel","image":{"@type":"ImageObject","inLanguage":"fr-FR","@id":"https:\/\/secure.gravatar.com\/avatar\/c60b27b93851dc9503f9cc9150e73dcb0a86ba6150657e5e4b11d988400bc633?s=96&d=mm&r=g","url":"https:\/\/secure.gravatar.com\/avatar\/c60b27b93851dc9503f9cc9150e73dcb0a86ba6150657e5e4b11d988400bc633?s=96&d=mm&r=g","contentUrl":"https:\/\/secure.gravatar.com\/avatar\/c60b27b93851dc9503f9cc9150e73dcb0a86ba6150657e5e4b11d988400bc633?s=96&d=mm&r=g","caption":"Fanny Pimentel"}}]}},"featured_media_src_url":"https:\/\/www.athome.lu\/blog\/wp-content\/uploads\/2016\/12\/selling-2GettyImages-505993290-1024x507.jpg","_links":{"self":[{"href":"https:\/\/www.athome.lu\/blog\/wp-json\/wp\/v2\/posts\/8598","targetHints":{"allow":["GET"]}}],"collection":[{"href":"https:\/\/www.athome.lu\/blog\/wp-json\/wp\/v2\/posts"}],"about":[{"href":"https:\/\/www.athome.lu\/blog\/wp-json\/wp\/v2\/types\/post"}],"author":[{"embeddable":true,"href":"https:\/\/www.athome.lu\/blog\/wp-json\/wp\/v2\/users\/17"}],"replies":[{"embeddable":true,"href":"https:\/\/www.athome.lu\/blog\/wp-json\/wp\/v2\/comments?post=8598"}],"version-history":[{"count":2,"href":"https:\/\/www.athome.lu\/blog\/wp-json\/wp\/v2\/posts\/8598\/revisions"}],"predecessor-version":[{"id":15312,"href":"https:\/\/www.athome.lu\/blog\/wp-json\/wp\/v2\/posts\/8598\/revisions\/15312"}],"wp:featuredmedia":[{"embeddable":true,"href":"https:\/\/www.athome.lu\/blog\/wp-json\/wp\/v2\/media\/8602"}],"wp:attachment":[{"href":"https:\/\/www.athome.lu\/blog\/wp-json\/wp\/v2\/media?parent=8598"}],"wp:term":[{"taxonomy":"category","embeddable":true,"href":"https:\/\/www.athome.lu\/blog\/wp-json\/wp\/v2\/categories?post=8598"},{"taxonomy":"post_tag","embeddable":true,"href":"https:\/\/www.athome.lu\/blog\/wp-json\/wp\/v2\/tags?post=8598"}],"curies":[{"name":"wp","href":"https:\/\/api.w.org\/{rel}","templated":true}]}}