{"id":8994,"date":"2017-02-27T13:45:34","date_gmt":"2017-02-27T12:45:34","guid":{"rendered":"https:\/\/www.athome.lu\/blog\/?p=8994"},"modified":"2022-05-12T10:11:00","modified_gmt":"2022-05-12T08:11:00","slug":"les-extensions-de-garantie-pour-les-appareils-de-la-maison","status":"publish","type":"post","link":"https:\/\/www.athome.lu\/blog\/mon-logement\/assurance\/les-extensions-de-garantie-pour-les-appareils-de-la-maison\/","title":{"rendered":"Les extensions de garantie pour les appareils de la maison"},"content":{"rendered":"\n<p><span style=\"color: #000000;\">D\u00e9sormais, lorsque vous achetez un appareil \u00e9lectrom\u00e9nager, il vous est pour ainsi dire syst\u00e9matiquement propos\u00e9 une extension de garantie. De quoi s\u2019agit-il et est-ce vraiment int\u00e9ressant&nbsp;?<\/span><\/p>\n\n\n\n<h2 class=\"wp-block-heading\"><span style=\"color: #000000;\"><strong>Garantie l\u00e9gale et garantie commerciale<\/strong><\/span><\/h2>\n\n\n\n<p><span style=\"color: #000000;\">En mati\u00e8re d\u2019appareils \u00e9lectrom\u00e9nagers (et d\u2019\u00e9quipements high-tech), il convient de distinguer la garantie de conformit\u00e9, qui est une obligation l\u00e9gale, de la garantie commerciale, librement propos\u00e9e par les vendeurs. La premi\u00e8re vous couvre durant deux ans contre les pannes, les vices cach\u00e9s, etc. Durant les six premiers mois, vous n\u2019avez d\u2019ailleurs rien \u00e0 prouver pour vous faire rembourser, remplacer votre appareil ou demander sa r\u00e9paration, il vous suffit de d\u00e9noncer le d\u00e9faut. \u00c0 c\u00f4t\u00e9 de cette garantie de conformit\u00e9, les vendeurs vous proposent une garantie commerciale, qui s\u2019\u00e9tendra jusqu\u2019\u00e0 cinq ans. Attention, il ne s\u2019agit pas d\u2019une \u00ab&nbsp;garantie de cinq ans&nbsp;\u00bb, comme souvent pr\u00e9sent\u00e9e, mais d\u2019une extension de garantie de trois ans. Cette garantie commerciale vous co\u00fbtera entre 10 et 20 % du prix de l\u2019appareil.<\/span><\/p>\n\n\n\n<h2 class=\"wp-block-heading\"><span style=\"color: #000000;\"><strong>De l\u2019utilit\u00e9 de l\u2019extension de garantie<\/strong><\/span><\/h2>\n\n\n\n<p><span style=\"color: #000000;\">Avant de r\u00e9pondre aux sir\u00e8nes de l\u2019extension de garantie, sachez tout de m\u00eame que seuls 3 % des pannes sur les appareils \u00e9lectrom\u00e9nagers surviennent entre deux et cinq ans apr\u00e8s l\u2019achat. Certains, toutefois, sont plus concern\u00e9s que d\u2019autres. Il est ainsi \u00e9tabli que les appareils de lavage et le s\u00e8che-linge sont plus touch\u00e9s par les pannes pr\u00e9coces que les cong\u00e9lateurs, les r\u00e9frig\u00e9rateurs et les cuisini\u00e8res. Une garantie suppl\u00e9mentaire sera donc plus int\u00e9ressante pour les premiers cit\u00e9s. Mais l\u00e0 encore, un autre crit\u00e8re entre en ligne de compte&nbsp;: celui de la qualit\u00e9 des appareils. Si vous optez pour du bas de gamme, l\u2019extension de garantie peut s\u2019av\u00e9rer int\u00e9ressante, de m\u00eame que si vous optez pour du haut de gamme, du fait de la multiplication des composants \u00e9lectroniques.<\/span><\/p>\n\n\n\n<h2 class=\"wp-block-heading\"><span style=\"color: #000000;\"><strong>Attention aux garanties\u2026 de la garantie<\/strong><\/span><\/h2>\n\n\n\n<p><span style=\"color: #000000;\">Quand bien m\u00eame vous d\u00e9cideriez de souscrire une garantie commerciale, il va vous falloir lire pr\u00e9cis\u00e9ment le contrat, et si possible entre les lignes. Les pi\u00e8ces d\u2019usure sont-elles couvertes (il y a fort peu de chances)\u00a0? Dans quelles conditions le r\u00e9parateur vient-il chez vous\u00a0? Pourrez-vous profiter d\u2019un appareil de remplacement et si oui comment\u00a0? Toutes ces questions devront trouver r\u00e9ponse afin que vous puissiez signer en toute connaissance de cause. Si vous avez des interrogations suppl\u00e9mentaires, vous pouvez vous rapprocher de l\u2019union luxembourgeoise des consommateurs (ULC).<\/span><\/p>\n\n\n<section id=\"section-3-14695\" class=\" ct-section\" ><div class=\"ct-section-inner-wrap\"><div id=\"div_block-4-14695\" class=\"ct-div-block\" ><div id=\"new_columns-7-14695\" class=\"ct-new-columns\" ><div id=\"div_block-8-14695\" class=\"ct-div-block\" ><div id=\"div_block-14-14695\" class=\"ct-div-block\" ><\/div><\/div><div id=\"div_block-9-14695\" class=\"ct-div-block\" ><h1 id=\"headline-11-14695\" class=\"ct-headline\">Quels sont les prix de l'immobilier en ce moment ?<\/h1><div id=\"text_block-12-14695\" class=\"ct-text-block\" >Les prix ralentissent. Les taux d'int\u00e9r\u00eat augmentent. Quelles tendances pour les mois \u00e0 venir ?<\/div><a id=\"link_button-13-14695\" class=\"ct-link-button\" href=\"https:\/\/www.athome.lu\/blog\/blog\/marche-immobilier\/prix\/tendances-2022\/\" target=\"_blank\"  >Lire l'analyse<\/a><\/div><\/div><\/div><\/div><\/section>","protected":false},"excerpt":{"rendered":"<p>D\u00e9sormais, lorsque vous achetez un appareil \u00e9lectrom\u00e9nager, il vous est pour ainsi dire syst\u00e9matiquement propos\u00e9 une extension de garantie. De quoi s\u2019agit-il et est-ce vraiment int\u00e9ressant&nbsp;? Garantie l\u00e9gale et garantie commerciale En mati\u00e8re d\u2019appareils \u00e9lectrom\u00e9nagers (et d\u2019\u00e9quipements high-tech), il convient de distinguer la garantie de conformit\u00e9, qui est une obligation l\u00e9gale, de la garantie commerciale, [&hellip;]<\/p>\n","protected":false},"author":17,"featured_media":8995,"comment_status":"closed","ping_status":"open","sticky":false,"template":"","format":"standard","meta":{"_acf_changed":false,"footnotes":""},"categories":[204],"tags":[58,81],"class_list":["post-8994","post","type-post","status-publish","format-standard","has-post-thumbnail","hentry","category-assurance","tag-assurance-habitation","tag-equipement-de-la-maison"],"acf":[],"yoast_head":"<!-- This site is optimized with the Yoast SEO plugin v27.4 - https:\/\/yoast.com\/product\/yoast-seo-wordpress\/ -->\n<title>Les extensions de garantie pour les appareils de la maison - atHome Blog<\/title>\n<meta name=\"description\" content=\"Lorsque vous achetez un appareil \u00e9lectrom\u00e9nager, on vous propose souvent une extension de garantie. De quoi s\u2019agit-il et est-ce int\u00e9ressant ?\" \/>\n<meta name=\"robots\" content=\"index, follow, max-snippet:-1, max-image-preview:large, max-video-preview:-1\" \/>\n<link rel=\"canonical\" href=\"https:\/\/www.athome.lu\/blog\/mon-logement\/assurance\/les-extensions-de-garantie-pour-les-appareils-de-la-maison\/\" \/>\n<meta property=\"og:locale\" content=\"fr_FR\" \/>\n<meta property=\"og:type\" content=\"article\" \/>\n<meta property=\"og:title\" content=\"Les extensions de garantie pour les appareils de la maison - atHome Blog\" \/>\n<meta property=\"og:description\" content=\"Lorsque vous achetez un appareil \u00e9lectrom\u00e9nager, on vous propose souvent une extension de garantie. De quoi s\u2019agit-il et est-ce int\u00e9ressant ?\" \/>\n<meta property=\"og:url\" content=\"https:\/\/www.athome.lu\/blog\/mon-logement\/assurance\/les-extensions-de-garantie-pour-les-appareils-de-la-maison\/\" \/>\n<meta property=\"og:site_name\" content=\"atHome Blog\" \/>\n<meta property=\"article:publisher\" content=\"https:\/\/www.facebook.com\/atHome.lu\/\" \/>\n<meta property=\"article:published_time\" content=\"2017-02-27T12:45:34+00:00\" \/>\n<meta property=\"article:modified_time\" content=\"2022-05-12T08:11:00+00:00\" \/>\n<meta property=\"og:image\" content=\"https:\/\/www.athome.lu\/blog\/wp-content\/uploads\/2017\/02\/four.jpg\" \/>\n\t<meta property=\"og:image:width\" content=\"1280\" \/>\n\t<meta property=\"og:image:height\" content=\"703\" \/>\n\t<meta property=\"og:image:type\" content=\"image\/jpeg\" \/>\n<meta name=\"author\" content=\"Fanny Pimentel\" \/>\n<meta name=\"twitter:card\" content=\"summary_large_image\" \/>\n<meta name=\"twitter:creator\" content=\"@athomelu\" \/>\n<meta name=\"twitter:site\" content=\"@athomelu\" \/>\n<meta name=\"twitter:label1\" content=\"\u00c9crit par\" \/>\n\t<meta name=\"twitter:data1\" content=\"Fanny Pimentel\" \/>\n\t<meta name=\"twitter:label2\" content=\"Dur\u00e9e de lecture estim\u00e9e\" \/>\n\t<meta name=\"twitter:data2\" content=\"2 minutes\" \/>\n<script type=\"application\/ld+json\" class=\"yoast-schema-graph\">{\"@context\":\"https:\\\/\\\/schema.org\",\"@graph\":[{\"@type\":\"Article\",\"@id\":\"https:\\\/\\\/www.athome.lu\\\/blog\\\/mon-logement\\\/assurance\\\/les-extensions-de-garantie-pour-les-appareils-de-la-maison\\\/#article\",\"isPartOf\":{\"@id\":\"https:\\\/\\\/www.athome.lu\\\/blog\\\/mon-logement\\\/assurance\\\/les-extensions-de-garantie-pour-les-appareils-de-la-maison\\\/\"},\"author\":{\"name\":\"Fanny Pimentel\",\"@id\":\"https:\\\/\\\/www.athome.lu\\\/blog\\\/#\\\/schema\\\/person\\\/47f7a38089f837e792876ceddc4cb2dc\"},\"headline\":\"Les extensions de garantie pour les appareils de la maison\",\"datePublished\":\"2017-02-27T12:45:34+00:00\",\"dateModified\":\"2022-05-12T08:11:00+00:00\",\"mainEntityOfPage\":{\"@id\":\"https:\\\/\\\/www.athome.lu\\\/blog\\\/mon-logement\\\/assurance\\\/les-extensions-de-garantie-pour-les-appareils-de-la-maison\\\/\"},\"wordCount\":454,\"image\":{\"@id\":\"https:\\\/\\\/www.athome.lu\\\/blog\\\/mon-logement\\\/assurance\\\/les-extensions-de-garantie-pour-les-appareils-de-la-maison\\\/#primaryimage\"},\"thumbnailUrl\":\"https:\\\/\\\/www.athome.lu\\\/blog\\\/wp-content\\\/uploads\\\/2017\\\/02\\\/four.jpg\",\"keywords\":[\"Assurance habitation\",\"Equipement de la maison\"],\"articleSection\":[\"Assurance\"],\"inLanguage\":\"fr-FR\"},{\"@type\":\"WebPage\",\"@id\":\"https:\\\/\\\/www.athome.lu\\\/blog\\\/mon-logement\\\/assurance\\\/les-extensions-de-garantie-pour-les-appareils-de-la-maison\\\/\",\"url\":\"https:\\\/\\\/www.athome.lu\\\/blog\\\/mon-logement\\\/assurance\\\/les-extensions-de-garantie-pour-les-appareils-de-la-maison\\\/\",\"name\":\"Les extensions de garantie pour les appareils de la maison - atHome Blog\",\"isPartOf\":{\"@id\":\"https:\\\/\\\/www.athome.lu\\\/blog\\\/#website\"},\"primaryImageOfPage\":{\"@id\":\"https:\\\/\\\/www.athome.lu\\\/blog\\\/mon-logement\\\/assurance\\\/les-extensions-de-garantie-pour-les-appareils-de-la-maison\\\/#primaryimage\"},\"image\":{\"@id\":\"https:\\\/\\\/www.athome.lu\\\/blog\\\/mon-logement\\\/assurance\\\/les-extensions-de-garantie-pour-les-appareils-de-la-maison\\\/#primaryimage\"},\"thumbnailUrl\":\"https:\\\/\\\/www.athome.lu\\\/blog\\\/wp-content\\\/uploads\\\/2017\\\/02\\\/four.jpg\",\"datePublished\":\"2017-02-27T12:45:34+00:00\",\"dateModified\":\"2022-05-12T08:11:00+00:00\",\"author\":{\"@id\":\"https:\\\/\\\/www.athome.lu\\\/blog\\\/#\\\/schema\\\/person\\\/47f7a38089f837e792876ceddc4cb2dc\"},\"description\":\"Lorsque vous achetez un appareil \u00e9lectrom\u00e9nager, on vous propose souvent une extension de garantie. De quoi s\u2019agit-il et est-ce int\u00e9ressant ?\",\"breadcrumb\":{\"@id\":\"https:\\\/\\\/www.athome.lu\\\/blog\\\/mon-logement\\\/assurance\\\/les-extensions-de-garantie-pour-les-appareils-de-la-maison\\\/#breadcrumb\"},\"inLanguage\":\"fr-FR\",\"potentialAction\":[{\"@type\":\"ReadAction\",\"target\":[\"https:\\\/\\\/www.athome.lu\\\/blog\\\/mon-logement\\\/assurance\\\/les-extensions-de-garantie-pour-les-appareils-de-la-maison\\\/\"]}]},{\"@type\":\"ImageObject\",\"inLanguage\":\"fr-FR\",\"@id\":\"https:\\\/\\\/www.athome.lu\\\/blog\\\/mon-logement\\\/assurance\\\/les-extensions-de-garantie-pour-les-appareils-de-la-maison\\\/#primaryimage\",\"url\":\"https:\\\/\\\/www.athome.lu\\\/blog\\\/wp-content\\\/uploads\\\/2017\\\/02\\\/four.jpg\",\"contentUrl\":\"https:\\\/\\\/www.athome.lu\\\/blog\\\/wp-content\\\/uploads\\\/2017\\\/02\\\/four.jpg\",\"width\":1280,\"height\":703,\"caption\":\"Electrom\u00e9nager inox\"},{\"@type\":\"BreadcrumbList\",\"@id\":\"https:\\\/\\\/www.athome.lu\\\/blog\\\/mon-logement\\\/assurance\\\/les-extensions-de-garantie-pour-les-appareils-de-la-maison\\\/#breadcrumb\",\"itemListElement\":[{\"@type\":\"ListItem\",\"position\":1,\"name\":\"Accueil\",\"item\":\"https:\\\/\\\/www.athome.lu\\\/blog\\\/\"},{\"@type\":\"ListItem\",\"position\":2,\"name\":\"Mon logement\",\"item\":\"https:\\\/\\\/www.athome.lu\\\/blog\\\/de\\\/category\\\/mein-haus\\\/\"},{\"@type\":\"ListItem\",\"position\":3,\"name\":\"Assurance\",\"item\":\"https:\\\/\\\/www.athome.lu\\\/blog\\\/category\\\/mon-logement\\\/assurance\\\/\"},{\"@type\":\"ListItem\",\"position\":4,\"name\":\"Les extensions de garantie pour les appareils de la maison\"}]},{\"@type\":\"WebSite\",\"@id\":\"https:\\\/\\\/www.athome.lu\\\/blog\\\/#website\",\"url\":\"https:\\\/\\\/www.athome.lu\\\/blog\\\/\",\"name\":\"atHome Blog\",\"description\":\"Annonces immobili\u00e8res au Luxembourg. Le portail immobilier n\u00b01 au Luxembourg.\",\"potentialAction\":[{\"@type\":\"SearchAction\",\"target\":{\"@type\":\"EntryPoint\",\"urlTemplate\":\"https:\\\/\\\/www.athome.lu\\\/blog\\\/?s={search_term_string}\"},\"query-input\":{\"@type\":\"PropertyValueSpecification\",\"valueRequired\":true,\"valueName\":\"search_term_string\"}}],\"inLanguage\":\"fr-FR\"},{\"@type\":\"Person\",\"@id\":\"https:\\\/\\\/www.athome.lu\\\/blog\\\/#\\\/schema\\\/person\\\/47f7a38089f837e792876ceddc4cb2dc\",\"name\":\"Fanny Pimentel\",\"image\":{\"@type\":\"ImageObject\",\"inLanguage\":\"fr-FR\",\"@id\":\"https:\\\/\\\/secure.gravatar.com\\\/avatar\\\/c60b27b93851dc9503f9cc9150e73dcb0a86ba6150657e5e4b11d988400bc633?s=96&d=mm&r=g\",\"url\":\"https:\\\/\\\/secure.gravatar.com\\\/avatar\\\/c60b27b93851dc9503f9cc9150e73dcb0a86ba6150657e5e4b11d988400bc633?s=96&d=mm&r=g\",\"contentUrl\":\"https:\\\/\\\/secure.gravatar.com\\\/avatar\\\/c60b27b93851dc9503f9cc9150e73dcb0a86ba6150657e5e4b11d988400bc633?s=96&d=mm&r=g\",\"caption\":\"Fanny Pimentel\"}}]}<\/script>\n<!-- \/ Yoast SEO plugin. -->","yoast_head_json":{"title":"Les extensions de garantie pour les appareils de la maison - atHome Blog","description":"Lorsque vous achetez un appareil \u00e9lectrom\u00e9nager, on vous propose souvent une extension de garantie. De quoi s\u2019agit-il et est-ce int\u00e9ressant ?","robots":{"index":"index","follow":"follow","max-snippet":"max-snippet:-1","max-image-preview":"max-image-preview:large","max-video-preview":"max-video-preview:-1"},"canonical":"https:\/\/www.athome.lu\/blog\/mon-logement\/assurance\/les-extensions-de-garantie-pour-les-appareils-de-la-maison\/","og_locale":"fr_FR","og_type":"article","og_title":"Les extensions de garantie pour les appareils de la maison - atHome Blog","og_description":"Lorsque vous achetez un appareil \u00e9lectrom\u00e9nager, on vous propose souvent une extension de garantie. De quoi s\u2019agit-il et est-ce int\u00e9ressant ?","og_url":"https:\/\/www.athome.lu\/blog\/mon-logement\/assurance\/les-extensions-de-garantie-pour-les-appareils-de-la-maison\/","og_site_name":"atHome Blog","article_publisher":"https:\/\/www.facebook.com\/atHome.lu\/","article_published_time":"2017-02-27T12:45:34+00:00","article_modified_time":"2022-05-12T08:11:00+00:00","og_image":[{"width":1280,"height":703,"url":"https:\/\/www.athome.lu\/blog\/wp-content\/uploads\/2017\/02\/four.jpg","type":"image\/jpeg"}],"author":"Fanny Pimentel","twitter_card":"summary_large_image","twitter_creator":"@athomelu","twitter_site":"@athomelu","twitter_misc":{"\u00c9crit par":"Fanny Pimentel","Dur\u00e9e de lecture estim\u00e9e":"2 minutes"},"schema":{"@context":"https:\/\/schema.org","@graph":[{"@type":"Article","@id":"https:\/\/www.athome.lu\/blog\/mon-logement\/assurance\/les-extensions-de-garantie-pour-les-appareils-de-la-maison\/#article","isPartOf":{"@id":"https:\/\/www.athome.lu\/blog\/mon-logement\/assurance\/les-extensions-de-garantie-pour-les-appareils-de-la-maison\/"},"author":{"name":"Fanny Pimentel","@id":"https:\/\/www.athome.lu\/blog\/#\/schema\/person\/47f7a38089f837e792876ceddc4cb2dc"},"headline":"Les extensions de garantie pour les appareils de la maison","datePublished":"2017-02-27T12:45:34+00:00","dateModified":"2022-05-12T08:11:00+00:00","mainEntityOfPage":{"@id":"https:\/\/www.athome.lu\/blog\/mon-logement\/assurance\/les-extensions-de-garantie-pour-les-appareils-de-la-maison\/"},"wordCount":454,"image":{"@id":"https:\/\/www.athome.lu\/blog\/mon-logement\/assurance\/les-extensions-de-garantie-pour-les-appareils-de-la-maison\/#primaryimage"},"thumbnailUrl":"https:\/\/www.athome.lu\/blog\/wp-content\/uploads\/2017\/02\/four.jpg","keywords":["Assurance habitation","Equipement de la maison"],"articleSection":["Assurance"],"inLanguage":"fr-FR"},{"@type":"WebPage","@id":"https:\/\/www.athome.lu\/blog\/mon-logement\/assurance\/les-extensions-de-garantie-pour-les-appareils-de-la-maison\/","url":"https:\/\/www.athome.lu\/blog\/mon-logement\/assurance\/les-extensions-de-garantie-pour-les-appareils-de-la-maison\/","name":"Les extensions de garantie pour les appareils de la maison - atHome Blog","isPartOf":{"@id":"https:\/\/www.athome.lu\/blog\/#website"},"primaryImageOfPage":{"@id":"https:\/\/www.athome.lu\/blog\/mon-logement\/assurance\/les-extensions-de-garantie-pour-les-appareils-de-la-maison\/#primaryimage"},"image":{"@id":"https:\/\/www.athome.lu\/blog\/mon-logement\/assurance\/les-extensions-de-garantie-pour-les-appareils-de-la-maison\/#primaryimage"},"thumbnailUrl":"https:\/\/www.athome.lu\/blog\/wp-content\/uploads\/2017\/02\/four.jpg","datePublished":"2017-02-27T12:45:34+00:00","dateModified":"2022-05-12T08:11:00+00:00","author":{"@id":"https:\/\/www.athome.lu\/blog\/#\/schema\/person\/47f7a38089f837e792876ceddc4cb2dc"},"description":"Lorsque vous achetez un appareil \u00e9lectrom\u00e9nager, on vous propose souvent une extension de garantie. De quoi s\u2019agit-il et est-ce int\u00e9ressant ?","breadcrumb":{"@id":"https:\/\/www.athome.lu\/blog\/mon-logement\/assurance\/les-extensions-de-garantie-pour-les-appareils-de-la-maison\/#breadcrumb"},"inLanguage":"fr-FR","potentialAction":[{"@type":"ReadAction","target":["https:\/\/www.athome.lu\/blog\/mon-logement\/assurance\/les-extensions-de-garantie-pour-les-appareils-de-la-maison\/"]}]},{"@type":"ImageObject","inLanguage":"fr-FR","@id":"https:\/\/www.athome.lu\/blog\/mon-logement\/assurance\/les-extensions-de-garantie-pour-les-appareils-de-la-maison\/#primaryimage","url":"https:\/\/www.athome.lu\/blog\/wp-content\/uploads\/2017\/02\/four.jpg","contentUrl":"https:\/\/www.athome.lu\/blog\/wp-content\/uploads\/2017\/02\/four.jpg","width":1280,"height":703,"caption":"Electrom\u00e9nager inox"},{"@type":"BreadcrumbList","@id":"https:\/\/www.athome.lu\/blog\/mon-logement\/assurance\/les-extensions-de-garantie-pour-les-appareils-de-la-maison\/#breadcrumb","itemListElement":[{"@type":"ListItem","position":1,"name":"Accueil","item":"https:\/\/www.athome.lu\/blog\/"},{"@type":"ListItem","position":2,"name":"Mon logement","item":"https:\/\/www.athome.lu\/blog\/de\/category\/mein-haus\/"},{"@type":"ListItem","position":3,"name":"Assurance","item":"https:\/\/www.athome.lu\/blog\/category\/mon-logement\/assurance\/"},{"@type":"ListItem","position":4,"name":"Les extensions de garantie pour les appareils de la maison"}]},{"@type":"WebSite","@id":"https:\/\/www.athome.lu\/blog\/#website","url":"https:\/\/www.athome.lu\/blog\/","name":"atHome Blog","description":"Annonces immobili\u00e8res au Luxembourg. Le portail immobilier n\u00b01 au Luxembourg.","potentialAction":[{"@type":"SearchAction","target":{"@type":"EntryPoint","urlTemplate":"https:\/\/www.athome.lu\/blog\/?s={search_term_string}"},"query-input":{"@type":"PropertyValueSpecification","valueRequired":true,"valueName":"search_term_string"}}],"inLanguage":"fr-FR"},{"@type":"Person","@id":"https:\/\/www.athome.lu\/blog\/#\/schema\/person\/47f7a38089f837e792876ceddc4cb2dc","name":"Fanny Pimentel","image":{"@type":"ImageObject","inLanguage":"fr-FR","@id":"https:\/\/secure.gravatar.com\/avatar\/c60b27b93851dc9503f9cc9150e73dcb0a86ba6150657e5e4b11d988400bc633?s=96&d=mm&r=g","url":"https:\/\/secure.gravatar.com\/avatar\/c60b27b93851dc9503f9cc9150e73dcb0a86ba6150657e5e4b11d988400bc633?s=96&d=mm&r=g","contentUrl":"https:\/\/secure.gravatar.com\/avatar\/c60b27b93851dc9503f9cc9150e73dcb0a86ba6150657e5e4b11d988400bc633?s=96&d=mm&r=g","caption":"Fanny Pimentel"}}]}},"featured_media_src_url":"https:\/\/www.athome.lu\/blog\/wp-content\/uploads\/2017\/02\/four-1024x562.jpg","_links":{"self":[{"href":"https:\/\/www.athome.lu\/blog\/wp-json\/wp\/v2\/posts\/8994","targetHints":{"allow":["GET"]}}],"collection":[{"href":"https:\/\/www.athome.lu\/blog\/wp-json\/wp\/v2\/posts"}],"about":[{"href":"https:\/\/www.athome.lu\/blog\/wp-json\/wp\/v2\/types\/post"}],"author":[{"embeddable":true,"href":"https:\/\/www.athome.lu\/blog\/wp-json\/wp\/v2\/users\/17"}],"replies":[{"embeddable":true,"href":"https:\/\/www.athome.lu\/blog\/wp-json\/wp\/v2\/comments?post=8994"}],"version-history":[{"count":2,"href":"https:\/\/www.athome.lu\/blog\/wp-json\/wp\/v2\/posts\/8994\/revisions"}],"predecessor-version":[{"id":15328,"href":"https:\/\/www.athome.lu\/blog\/wp-json\/wp\/v2\/posts\/8994\/revisions\/15328"}],"wp:featuredmedia":[{"embeddable":true,"href":"https:\/\/www.athome.lu\/blog\/wp-json\/wp\/v2\/media\/8995"}],"wp:attachment":[{"href":"https:\/\/www.athome.lu\/blog\/wp-json\/wp\/v2\/media?parent=8994"}],"wp:term":[{"taxonomy":"category","embeddable":true,"href":"https:\/\/www.athome.lu\/blog\/wp-json\/wp\/v2\/categories?post=8994"},{"taxonomy":"post_tag","embeddable":true,"href":"https:\/\/www.athome.lu\/blog\/wp-json\/wp\/v2\/tags?post=8994"}],"curies":[{"name":"wp","href":"https:\/\/api.w.org\/{rel}","templated":true}]}}