{"id":9591,"date":"2017-05-15T08:34:19","date_gmt":"2017-05-15T07:34:19","guid":{"rendered":"https:\/\/www.athome.lu\/blog\/?p=9591"},"modified":"2022-05-12T09:17:21","modified_gmt":"2022-05-12T07:17:21","slug":"la-tendance-des-micro-appartements","status":"publish","type":"post","link":"https:\/\/www.athome.lu\/blog\/dossiers-a-la-une\/la-tendance-des-micro-appartements\/","title":{"rendered":"Les micro-appartements, c\u2019est tendance"},"content":{"rendered":"\n<p><span style=\"color: #000000;\">Pour se loger \u00e0 des prix raisonnables dans les grandes m\u00e9tropoles, il existe une solution&nbsp;: le micro-appartement. L\u2019offre se d\u00e9veloppe largement, mais de quoi parle-t-on au juste&nbsp;?<\/span><\/p>\n\n\n\n<h2 class=\"wp-block-heading\"><span style=\"color: #000000;\"><strong>Les micro-appartements, une solution au manque de logements<\/strong><\/span><\/h2>\n\n\n\n<p><span style=\"color: #000000;\">Dans nombre de grandes m\u00e9tropoles, la p\u00e9nurie de logements est flagrante, sans compter les prix exorbitants de la location au m\u00e8tre carr\u00e9. Face \u00e0 cette situation, certaines villes, New York en t\u00eate, d\u00e9veloppent une offre de micro-appartements. Avec deux ma\u00eetres-mots&nbsp;: ing\u00e9niosit\u00e9 et modularit\u00e9 pour installer des espaces de vie confortables dans des structures (tr\u00e8s) r\u00e9duites. Les architectes d\u2019int\u00e9rieur s\u2019en donnent d\u2019ailleurs \u00e0 c\u0153ur joie, optimisant les espaces avec des lits escamotables, des niches, des placards int\u00e9gr\u00e9s aux cloisons, des estrades\u2026<\/span><\/p>\n\n\n\n<h2 class=\"wp-block-heading\"><span style=\"color: #000000;\"><strong>\u00ab&nbsp;Petite surface&nbsp;\u00bb, un terme relatif<\/strong><\/span><\/h2>\n\n\n\n<p><span style=\"color: #000000;\">Partout sur la plan\u00e8te occidentale, ces micro-appartements sont destin\u00e9s aux m\u00eames cat\u00e9gories de population, principalement des \u00e9tudiants, des jeunes actifs et des personnes \u00e2g\u00e9es qui se retrouvent seules. Cependant, tout est relatif lorsque l\u2019on utilise ce terme, puisque les surfaces varient consid\u00e9rablement. Pour reprendre l\u2019exemple de New York, le projet pilote de la Carmel Place, dans le quartier de Kips Bay, propose 55 logements entre 265 et 302 pieds carr\u00e9s, ce qui correspond \u00e0 environ 24 et 28 m\u00b2, une taille tout \u00e0 fait raisonnable pour un studio sur le sol europ\u00e9en&nbsp;! \u00c0 Montr\u00e9al, on parle de \u00ab&nbsp;micro condo&nbsp;\u00bb d\u00e8s lors que l\u2019appartement propose une surface de 37 m\u00b2\u2026 On est donc loin du minimum de 12 m\u00b2 &nbsp;impos\u00e9 par la loi luxembourgeoise pour pouvoir mettre un bien en location.<\/span><\/p>\n\n\n\n<h2 class=\"wp-block-heading\"><span style=\"color: #000000;\"><strong>L\u2019importance de la luminosit\u00e9<\/strong><\/span><\/h2>\n\n\n\n<p><span style=\"color: #000000;\">Qu\u2019il s\u2019agisse de chambres de bonne r\u00e9nov\u00e9es sous les toits parisiens ou de modules pr\u00e9fabriqu\u00e9s (type containers) dans des entrep\u00f4ts am\u00e9ricains, les micro-appartements r\u00e9pondent tous aux m\u00eames exigences. Il faut, avant tout, imaginer une ergonomie particuli\u00e8rement efficace pour que les habitants puissent manger, dormir, se laver, se relaxer\u2026 dans un espace restreint. Il est essentiel \u00e9galement que le logement b\u00e9n\u00e9ficie d\u2019une belle luminosit\u00e9 (et donc d\u2019une grande fen\u00eatre) pour donner une impression d\u2019espace. Car au final, l\u2019enjeu pour les architectes et designers est de faire en sorte que l\u2019appartement paraisse plus grand qu\u2019il ne l\u2019est r\u00e9ellement, et que ses occupants se sentent \u00e0 l\u2019aise.<\/span><\/p>\n\n\n\n<p><span style=\"color: #000000;\">Regardez cet\u00a0exemple : <a href=\"https:\/\/www.athome.lu\/blog\/blog\/aimeriez-vivre-24-metres-carres\/\" target=\"_blank\" rel=\"noopener noreferrer\">Un appartement design de 24 m2<\/a><\/span><\/p>\n\n\n<section id=\"section-3-14695\" class=\" ct-section\" ><div class=\"ct-section-inner-wrap\"><div id=\"div_block-4-14695\" class=\"ct-div-block\" ><div id=\"new_columns-7-14695\" class=\"ct-new-columns\" ><div id=\"div_block-8-14695\" class=\"ct-div-block\" ><div id=\"div_block-14-14695\" class=\"ct-div-block\" ><\/div><\/div><div id=\"div_block-9-14695\" class=\"ct-div-block\" ><h1 id=\"headline-11-14695\" class=\"ct-headline\">Quels sont les prix de l'immobilier en ce moment ?<\/h1><div id=\"text_block-12-14695\" class=\"ct-text-block\" >Les prix ralentissent. Les taux d'int\u00e9r\u00eat augmentent. Quelles tendances pour les mois \u00e0 venir ?<\/div><a id=\"link_button-13-14695\" class=\"ct-link-button\" href=\"https:\/\/www.athome.lu\/blog\/blog\/marche-immobilier\/prix\/tendances-2022\/\" target=\"_blank\"  >Lire l'analyse<\/a><\/div><\/div><\/div><\/div><\/section>","protected":false},"excerpt":{"rendered":"<p>Pour se loger \u00e0 des prix raisonnables dans les grandes m\u00e9tropoles, il existe une solution&nbsp;: le micro-appartement. L\u2019offre se d\u00e9veloppe largement, mais de quoi parle-t-on au juste&nbsp;? Les micro-appartements, une solution au manque de logements Dans nombre de grandes m\u00e9tropoles, la p\u00e9nurie de logements est flagrante, sans compter les prix exorbitants de la location au [&hellip;]<\/p>\n","protected":false},"author":17,"featured_media":9628,"comment_status":"closed","ping_status":"open","sticky":false,"template":"","format":"standard","meta":{"_acf_changed":false,"footnotes":""},"categories":[28],"tags":[42],"class_list":["post-9591","post","type-post","status-publish","format-standard","has-post-thumbnail","hentry","category-dossiers-a-la-une","tag-appartement"],"acf":[],"yoast_head":"<!-- This site is optimized with the Yoast SEO plugin v27.4 - https:\/\/yoast.com\/product\/yoast-seo-wordpress\/ -->\n<title>\u25b7 La tendance des micro-appartements dans les grandes villes | atHome<\/title>\n<meta name=\"description\" content=\"Pour se loger \u00e0 des prix raisonnables dans les grandes m\u00e9tropoles, il existe une solution : le micro-appartement.\" \/>\n<meta name=\"robots\" content=\"index, follow, max-snippet:-1, max-image-preview:large, max-video-preview:-1\" \/>\n<link rel=\"canonical\" href=\"https:\/\/www.athome.lu\/blog\/dossiers-a-la-une\/la-tendance-des-micro-appartements\/\" \/>\n<meta property=\"og:locale\" content=\"fr_FR\" \/>\n<meta property=\"og:type\" content=\"article\" \/>\n<meta property=\"og:title\" content=\"\u25b7 La tendance des micro-appartements dans les grandes villes | atHome\" \/>\n<meta property=\"og:description\" content=\"Pour se loger \u00e0 des prix raisonnables dans les grandes m\u00e9tropoles, il existe une solution : le micro-appartement.\" \/>\n<meta property=\"og:url\" content=\"https:\/\/www.athome.lu\/blog\/dossiers-a-la-une\/la-tendance-des-micro-appartements\/\" \/>\n<meta property=\"og:site_name\" content=\"atHome Blog\" \/>\n<meta property=\"article:publisher\" content=\"https:\/\/www.facebook.com\/atHome.lu\/\" \/>\n<meta property=\"article:published_time\" content=\"2017-05-15T07:34:19+00:00\" \/>\n<meta property=\"article:modified_time\" content=\"2022-05-12T07:17:21+00:00\" \/>\n<meta property=\"og:image\" content=\"https:\/\/www.athome.lu\/blog\/wp-content\/uploads\/2017\/05\/micro-appartement.jpg\" \/>\n\t<meta property=\"og:image:width\" content=\"1025\" \/>\n\t<meta property=\"og:image:height\" content=\"684\" \/>\n\t<meta property=\"og:image:type\" content=\"image\/jpeg\" \/>\n<meta name=\"author\" content=\"Fanny Pimentel\" \/>\n<meta name=\"twitter:card\" content=\"summary_large_image\" \/>\n<meta name=\"twitter:creator\" content=\"@athomelu\" \/>\n<meta name=\"twitter:site\" content=\"@athomelu\" \/>\n<meta name=\"twitter:label1\" content=\"\u00c9crit par\" \/>\n\t<meta name=\"twitter:data1\" content=\"Fanny Pimentel\" \/>\n\t<meta name=\"twitter:label2\" content=\"Dur\u00e9e de lecture estim\u00e9e\" \/>\n\t<meta name=\"twitter:data2\" content=\"2 minutes\" \/>\n<script type=\"application\/ld+json\" class=\"yoast-schema-graph\">{\"@context\":\"https:\\\/\\\/schema.org\",\"@graph\":[{\"@type\":\"Article\",\"@id\":\"https:\\\/\\\/www.athome.lu\\\/blog\\\/dossiers-a-la-une\\\/la-tendance-des-micro-appartements\\\/#article\",\"isPartOf\":{\"@id\":\"https:\\\/\\\/www.athome.lu\\\/blog\\\/dossiers-a-la-une\\\/la-tendance-des-micro-appartements\\\/\"},\"author\":{\"name\":\"Fanny Pimentel\",\"@id\":\"https:\\\/\\\/www.athome.lu\\\/blog\\\/#\\\/schema\\\/person\\\/47f7a38089f837e792876ceddc4cb2dc\"},\"headline\":\"Les micro-appartements, c\u2019est tendance\",\"datePublished\":\"2017-05-15T07:34:19+00:00\",\"dateModified\":\"2022-05-12T07:17:21+00:00\",\"mainEntityOfPage\":{\"@id\":\"https:\\\/\\\/www.athome.lu\\\/blog\\\/dossiers-a-la-une\\\/la-tendance-des-micro-appartements\\\/\"},\"wordCount\":422,\"image\":{\"@id\":\"https:\\\/\\\/www.athome.lu\\\/blog\\\/dossiers-a-la-une\\\/la-tendance-des-micro-appartements\\\/#primaryimage\"},\"thumbnailUrl\":\"https:\\\/\\\/www.athome.lu\\\/blog\\\/wp-content\\\/uploads\\\/2017\\\/05\\\/micro-appartement.jpg\",\"keywords\":[\"Appartement\"],\"articleSection\":[\"Dossier \u00e0 la une\"],\"inLanguage\":\"fr-FR\"},{\"@type\":\"WebPage\",\"@id\":\"https:\\\/\\\/www.athome.lu\\\/blog\\\/dossiers-a-la-une\\\/la-tendance-des-micro-appartements\\\/\",\"url\":\"https:\\\/\\\/www.athome.lu\\\/blog\\\/dossiers-a-la-une\\\/la-tendance-des-micro-appartements\\\/\",\"name\":\"\u25b7 La tendance des micro-appartements dans les grandes villes | atHome\",\"isPartOf\":{\"@id\":\"https:\\\/\\\/www.athome.lu\\\/blog\\\/#website\"},\"primaryImageOfPage\":{\"@id\":\"https:\\\/\\\/www.athome.lu\\\/blog\\\/dossiers-a-la-une\\\/la-tendance-des-micro-appartements\\\/#primaryimage\"},\"image\":{\"@id\":\"https:\\\/\\\/www.athome.lu\\\/blog\\\/dossiers-a-la-une\\\/la-tendance-des-micro-appartements\\\/#primaryimage\"},\"thumbnailUrl\":\"https:\\\/\\\/www.athome.lu\\\/blog\\\/wp-content\\\/uploads\\\/2017\\\/05\\\/micro-appartement.jpg\",\"datePublished\":\"2017-05-15T07:34:19+00:00\",\"dateModified\":\"2022-05-12T07:17:21+00:00\",\"author\":{\"@id\":\"https:\\\/\\\/www.athome.lu\\\/blog\\\/#\\\/schema\\\/person\\\/47f7a38089f837e792876ceddc4cb2dc\"},\"description\":\"Pour se loger \u00e0 des prix raisonnables dans les grandes m\u00e9tropoles, il existe une solution : le micro-appartement.\",\"breadcrumb\":{\"@id\":\"https:\\\/\\\/www.athome.lu\\\/blog\\\/dossiers-a-la-une\\\/la-tendance-des-micro-appartements\\\/#breadcrumb\"},\"inLanguage\":\"fr-FR\",\"potentialAction\":[{\"@type\":\"ReadAction\",\"target\":[\"https:\\\/\\\/www.athome.lu\\\/blog\\\/dossiers-a-la-une\\\/la-tendance-des-micro-appartements\\\/\"]}]},{\"@type\":\"ImageObject\",\"inLanguage\":\"fr-FR\",\"@id\":\"https:\\\/\\\/www.athome.lu\\\/blog\\\/dossiers-a-la-une\\\/la-tendance-des-micro-appartements\\\/#primaryimage\",\"url\":\"https:\\\/\\\/www.athome.lu\\\/blog\\\/wp-content\\\/uploads\\\/2017\\\/05\\\/micro-appartement.jpg\",\"contentUrl\":\"https:\\\/\\\/www.athome.lu\\\/blog\\\/wp-content\\\/uploads\\\/2017\\\/05\\\/micro-appartement.jpg\",\"width\":1025,\"height\":684,\"caption\":\"Micro appartement\"},{\"@type\":\"BreadcrumbList\",\"@id\":\"https:\\\/\\\/www.athome.lu\\\/blog\\\/dossiers-a-la-une\\\/la-tendance-des-micro-appartements\\\/#breadcrumb\",\"itemListElement\":[{\"@type\":\"ListItem\",\"position\":1,\"name\":\"Accueil\",\"item\":\"https:\\\/\\\/www.athome.lu\\\/blog\\\/\"},{\"@type\":\"ListItem\",\"position\":2,\"name\":\"Dossier \u00e0 la une\",\"item\":\"https:\\\/\\\/www.athome.lu\\\/blog\\\/en\\\/category\\\/featured\\\/\"},{\"@type\":\"ListItem\",\"position\":3,\"name\":\"Les micro-appartements, c\u2019est tendance\"}]},{\"@type\":\"WebSite\",\"@id\":\"https:\\\/\\\/www.athome.lu\\\/blog\\\/#website\",\"url\":\"https:\\\/\\\/www.athome.lu\\\/blog\\\/\",\"name\":\"atHome Blog\",\"description\":\"Annonces immobili\u00e8res au Luxembourg. Le portail immobilier n\u00b01 au Luxembourg.\",\"potentialAction\":[{\"@type\":\"SearchAction\",\"target\":{\"@type\":\"EntryPoint\",\"urlTemplate\":\"https:\\\/\\\/www.athome.lu\\\/blog\\\/?s={search_term_string}\"},\"query-input\":{\"@type\":\"PropertyValueSpecification\",\"valueRequired\":true,\"valueName\":\"search_term_string\"}}],\"inLanguage\":\"fr-FR\"},{\"@type\":\"Person\",\"@id\":\"https:\\\/\\\/www.athome.lu\\\/blog\\\/#\\\/schema\\\/person\\\/47f7a38089f837e792876ceddc4cb2dc\",\"name\":\"Fanny Pimentel\",\"image\":{\"@type\":\"ImageObject\",\"inLanguage\":\"fr-FR\",\"@id\":\"https:\\\/\\\/secure.gravatar.com\\\/avatar\\\/c60b27b93851dc9503f9cc9150e73dcb0a86ba6150657e5e4b11d988400bc633?s=96&d=mm&r=g\",\"url\":\"https:\\\/\\\/secure.gravatar.com\\\/avatar\\\/c60b27b93851dc9503f9cc9150e73dcb0a86ba6150657e5e4b11d988400bc633?s=96&d=mm&r=g\",\"contentUrl\":\"https:\\\/\\\/secure.gravatar.com\\\/avatar\\\/c60b27b93851dc9503f9cc9150e73dcb0a86ba6150657e5e4b11d988400bc633?s=96&d=mm&r=g\",\"caption\":\"Fanny Pimentel\"}}]}<\/script>\n<!-- \/ Yoast SEO plugin. -->","yoast_head_json":{"title":"\u25b7 La tendance des micro-appartements dans les grandes villes | atHome","description":"Pour se loger \u00e0 des prix raisonnables dans les grandes m\u00e9tropoles, il existe une solution : le micro-appartement.","robots":{"index":"index","follow":"follow","max-snippet":"max-snippet:-1","max-image-preview":"max-image-preview:large","max-video-preview":"max-video-preview:-1"},"canonical":"https:\/\/www.athome.lu\/blog\/dossiers-a-la-une\/la-tendance-des-micro-appartements\/","og_locale":"fr_FR","og_type":"article","og_title":"\u25b7 La tendance des micro-appartements dans les grandes villes | atHome","og_description":"Pour se loger \u00e0 des prix raisonnables dans les grandes m\u00e9tropoles, il existe une solution : le micro-appartement.","og_url":"https:\/\/www.athome.lu\/blog\/dossiers-a-la-une\/la-tendance-des-micro-appartements\/","og_site_name":"atHome Blog","article_publisher":"https:\/\/www.facebook.com\/atHome.lu\/","article_published_time":"2017-05-15T07:34:19+00:00","article_modified_time":"2022-05-12T07:17:21+00:00","og_image":[{"width":1025,"height":684,"url":"https:\/\/www.athome.lu\/blog\/wp-content\/uploads\/2017\/05\/micro-appartement.jpg","type":"image\/jpeg"}],"author":"Fanny Pimentel","twitter_card":"summary_large_image","twitter_creator":"@athomelu","twitter_site":"@athomelu","twitter_misc":{"\u00c9crit par":"Fanny Pimentel","Dur\u00e9e de lecture estim\u00e9e":"2 minutes"},"schema":{"@context":"https:\/\/schema.org","@graph":[{"@type":"Article","@id":"https:\/\/www.athome.lu\/blog\/dossiers-a-la-une\/la-tendance-des-micro-appartements\/#article","isPartOf":{"@id":"https:\/\/www.athome.lu\/blog\/dossiers-a-la-une\/la-tendance-des-micro-appartements\/"},"author":{"name":"Fanny Pimentel","@id":"https:\/\/www.athome.lu\/blog\/#\/schema\/person\/47f7a38089f837e792876ceddc4cb2dc"},"headline":"Les micro-appartements, c\u2019est tendance","datePublished":"2017-05-15T07:34:19+00:00","dateModified":"2022-05-12T07:17:21+00:00","mainEntityOfPage":{"@id":"https:\/\/www.athome.lu\/blog\/dossiers-a-la-une\/la-tendance-des-micro-appartements\/"},"wordCount":422,"image":{"@id":"https:\/\/www.athome.lu\/blog\/dossiers-a-la-une\/la-tendance-des-micro-appartements\/#primaryimage"},"thumbnailUrl":"https:\/\/www.athome.lu\/blog\/wp-content\/uploads\/2017\/05\/micro-appartement.jpg","keywords":["Appartement"],"articleSection":["Dossier \u00e0 la une"],"inLanguage":"fr-FR"},{"@type":"WebPage","@id":"https:\/\/www.athome.lu\/blog\/dossiers-a-la-une\/la-tendance-des-micro-appartements\/","url":"https:\/\/www.athome.lu\/blog\/dossiers-a-la-une\/la-tendance-des-micro-appartements\/","name":"\u25b7 La tendance des micro-appartements dans les grandes villes | atHome","isPartOf":{"@id":"https:\/\/www.athome.lu\/blog\/#website"},"primaryImageOfPage":{"@id":"https:\/\/www.athome.lu\/blog\/dossiers-a-la-une\/la-tendance-des-micro-appartements\/#primaryimage"},"image":{"@id":"https:\/\/www.athome.lu\/blog\/dossiers-a-la-une\/la-tendance-des-micro-appartements\/#primaryimage"},"thumbnailUrl":"https:\/\/www.athome.lu\/blog\/wp-content\/uploads\/2017\/05\/micro-appartement.jpg","datePublished":"2017-05-15T07:34:19+00:00","dateModified":"2022-05-12T07:17:21+00:00","author":{"@id":"https:\/\/www.athome.lu\/blog\/#\/schema\/person\/47f7a38089f837e792876ceddc4cb2dc"},"description":"Pour se loger \u00e0 des prix raisonnables dans les grandes m\u00e9tropoles, il existe une solution : le micro-appartement.","breadcrumb":{"@id":"https:\/\/www.athome.lu\/blog\/dossiers-a-la-une\/la-tendance-des-micro-appartements\/#breadcrumb"},"inLanguage":"fr-FR","potentialAction":[{"@type":"ReadAction","target":["https:\/\/www.athome.lu\/blog\/dossiers-a-la-une\/la-tendance-des-micro-appartements\/"]}]},{"@type":"ImageObject","inLanguage":"fr-FR","@id":"https:\/\/www.athome.lu\/blog\/dossiers-a-la-une\/la-tendance-des-micro-appartements\/#primaryimage","url":"https:\/\/www.athome.lu\/blog\/wp-content\/uploads\/2017\/05\/micro-appartement.jpg","contentUrl":"https:\/\/www.athome.lu\/blog\/wp-content\/uploads\/2017\/05\/micro-appartement.jpg","width":1025,"height":684,"caption":"Micro appartement"},{"@type":"BreadcrumbList","@id":"https:\/\/www.athome.lu\/blog\/dossiers-a-la-une\/la-tendance-des-micro-appartements\/#breadcrumb","itemListElement":[{"@type":"ListItem","position":1,"name":"Accueil","item":"https:\/\/www.athome.lu\/blog\/"},{"@type":"ListItem","position":2,"name":"Dossier \u00e0 la une","item":"https:\/\/www.athome.lu\/blog\/en\/category\/featured\/"},{"@type":"ListItem","position":3,"name":"Les micro-appartements, c\u2019est tendance"}]},{"@type":"WebSite","@id":"https:\/\/www.athome.lu\/blog\/#website","url":"https:\/\/www.athome.lu\/blog\/","name":"atHome Blog","description":"Annonces immobili\u00e8res au Luxembourg. Le portail immobilier n\u00b01 au Luxembourg.","potentialAction":[{"@type":"SearchAction","target":{"@type":"EntryPoint","urlTemplate":"https:\/\/www.athome.lu\/blog\/?s={search_term_string}"},"query-input":{"@type":"PropertyValueSpecification","valueRequired":true,"valueName":"search_term_string"}}],"inLanguage":"fr-FR"},{"@type":"Person","@id":"https:\/\/www.athome.lu\/blog\/#\/schema\/person\/47f7a38089f837e792876ceddc4cb2dc","name":"Fanny Pimentel","image":{"@type":"ImageObject","inLanguage":"fr-FR","@id":"https:\/\/secure.gravatar.com\/avatar\/c60b27b93851dc9503f9cc9150e73dcb0a86ba6150657e5e4b11d988400bc633?s=96&d=mm&r=g","url":"https:\/\/secure.gravatar.com\/avatar\/c60b27b93851dc9503f9cc9150e73dcb0a86ba6150657e5e4b11d988400bc633?s=96&d=mm&r=g","contentUrl":"https:\/\/secure.gravatar.com\/avatar\/c60b27b93851dc9503f9cc9150e73dcb0a86ba6150657e5e4b11d988400bc633?s=96&d=mm&r=g","caption":"Fanny Pimentel"}}]}},"featured_media_src_url":"https:\/\/www.athome.lu\/blog\/wp-content\/uploads\/2017\/05\/micro-appartement.jpg","_links":{"self":[{"href":"https:\/\/www.athome.lu\/blog\/wp-json\/wp\/v2\/posts\/9591","targetHints":{"allow":["GET"]}}],"collection":[{"href":"https:\/\/www.athome.lu\/blog\/wp-json\/wp\/v2\/posts"}],"about":[{"href":"https:\/\/www.athome.lu\/blog\/wp-json\/wp\/v2\/types\/post"}],"author":[{"embeddable":true,"href":"https:\/\/www.athome.lu\/blog\/wp-json\/wp\/v2\/users\/17"}],"replies":[{"embeddable":true,"href":"https:\/\/www.athome.lu\/blog\/wp-json\/wp\/v2\/comments?post=9591"}],"version-history":[{"count":2,"href":"https:\/\/www.athome.lu\/blog\/wp-json\/wp\/v2\/posts\/9591\/revisions"}],"predecessor-version":[{"id":15277,"href":"https:\/\/www.athome.lu\/blog\/wp-json\/wp\/v2\/posts\/9591\/revisions\/15277"}],"wp:featuredmedia":[{"embeddable":true,"href":"https:\/\/www.athome.lu\/blog\/wp-json\/wp\/v2\/media\/9628"}],"wp:attachment":[{"href":"https:\/\/www.athome.lu\/blog\/wp-json\/wp\/v2\/media?parent=9591"}],"wp:term":[{"taxonomy":"category","embeddable":true,"href":"https:\/\/www.athome.lu\/blog\/wp-json\/wp\/v2\/categories?post=9591"},{"taxonomy":"post_tag","embeddable":true,"href":"https:\/\/www.athome.lu\/blog\/wp-json\/wp\/v2\/tags?post=9591"}],"curies":[{"name":"wp","href":"https:\/\/api.w.org\/{rel}","templated":true}]}}