{"id":9600,"date":"2017-05-22T09:50:15","date_gmt":"2017-05-22T08:50:15","guid":{"rendered":"https:\/\/www.athome.lu\/blog\/?p=9600"},"modified":"2022-05-12T09:16:20","modified_gmt":"2022-05-12T07:16:20","slug":"meuble-moduable-pour-gagner-des-m2","status":"publish","type":"post","link":"https:\/\/www.athome.lu\/blog\/mon-logement\/meuble-decoration\/meuble-moduable-pour-gagner-des-m2\/","title":{"rendered":"Des meubles modulables pour gagner des m\u00e8tres carr\u00e9s"},"content":{"rendered":"<p style=\"text-align: justify;\"><span style=\"color: #000000;\">B\u00e9n\u00e9ficier d\u2019un bon confort en habitant dans un appartement qui pourrait faire penser \u00e0 une maison de poup\u00e9e, c\u2019est tout \u00e0 fait envisageable\u2026 \u00e0 condition d\u2019\u00eatre un peu malin, d\u2019exploiter ing\u00e9nieusement chaque m\u00e8tre carr\u00e9 et de miser sur des meubles modulables.<\/span><\/p>\n<h2 style=\"text-align: justify;\"><span style=\"color: #000000;\"><strong>C\u00f4t\u00e9 cuisine<\/strong><\/span><\/h2>\n<p style=\"text-align: justify;\"><span style=\"color: #000000;\">A la recherche de meubles modulables ? Les fabricants de meubles ne manquent pas d\u2019id\u00e9es en mati\u00e8re de ce qui peut \u00eatre modulable. Commen\u00e7ons notre \u00ab\u00a0op\u00e9ration gain de place\u00a0\u00bb par la cuisine. Une table fix\u00e9e au mur et repliable est une solution int\u00e9ressante, surtout si on lui adjoint des tabourets \u00e9galement pliants. Mais il y a mieux\u00a0(ou du moins plus design)\u00a0! On trouve d\u00e9sormais des tables et leurs assises directement int\u00e9gr\u00e9es au meuble principal de la cuisine et qui coulissent comme des tiroirs.<\/span><\/p>\n<blockquote class=\"instagram-media\" style=\"background: #FFF; border: 0; border-radius: 3px; box-shadow: 0 0 1px 0 rgba(0,0,0,0.5),0 1px 10px 0 rgba(0,0,0,0.15); margin: 1px; max-width: 658px; padding: 0; width: calc(100% - 2px);\" data-instgrm-version=\"7\">\n<div style=\"padding: 8px;\">\n<div style=\"background: #F8F8F8; line-height: 0; margin-top: 40px; padding: 50.0% 0; text-align: center; width: 100%;\">\u00a0<\/div>\n<p style=\"color: #c9c8cd; font-family: Arial,sans-serif; font-size: 14px; line-height: 17px; margin-bottom: 0; margin-top: 8px; overflow: hidden; padding: 8px 0 7px; text-align: center; text-overflow: ellipsis; white-space: nowrap;\"><a style=\"color: #c9c8cd; font-family: Arial,sans-serif; font-size: 14px; font-style: normal; font-weight: normal; line-height: 17px; text-decoration: none;\" href=\"https:\/\/www.instagram.com\/p\/BURhjWeliAb\/\" target=\"_blank\" rel=\"noopener noreferrer\">Une publication partag\u00e9e par Panglima Erlangga (@panglimaerlangga)<\/a> le <time style=\"font-family: Arial,sans-serif; font-size: 14px; line-height: 17px;\" datetime=\"2017-05-19T12:24:24+00:00\">19 Mai 2017 \u00e0 5h24 PDT<\/time><\/p>\n<\/div>\n<\/blockquote>\n<p><script async=\"\" defer=\"\" src=\"\/\/platform.instagram.com\/en_US\/embeds.js\"><\/script><\/p>\n<h2 style=\"text-align: justify;\"><span style=\"color: #000000;\"><strong>C\u00f4t\u00e9 salon<\/strong><\/span><\/h2>\n<p style=\"text-align: justify;\"><span style=\"color: #000000;\">Lorsque l\u2019on parle de modularit\u00e9 dans le salon \/ salle \u00e0 manger et qui fait aussi, parfois, office de chambre, on pense en premier lieu \u00e0 l\u2019incontournable canap\u00e9 convertible. Mais la table se fait elle aussi de plus en plus modulable, avec des tables basses multifonctions, dont le plateau se remonte pour servir de table \u00e0 manger lorsque l\u2019on a des invit\u00e9s. Il suffit juste de d\u00e9barrasser entre l\u2019ap\u00e9ro et l\u2019entr\u00e9e\u00a0! Dans cet espace, vous pouvez \u00e9galement miser sur le gain de place offert par des tabourets ou chaises cachant des rangements ou un secr\u00e9taire mural. \u00c0 noter que les buffets, eux aussi, se font d\u00e9sormais modulables et peuvent dissimuler une table extensible.<\/span><\/p>\n<blockquote class=\"instagram-media\" style=\"background: #FFF; border: 0; border-radius: 3px; box-shadow: 0 0 1px 0 rgba(0,0,0,0.5),0 1px 10px 0 rgba(0,0,0,0.15); margin: 1px; max-width: 658px; padding: 0; width: calc(100% - 2px);\" data-instgrm-version=\"7\">\n<div style=\"padding: 8px;\">\n<div style=\"background: #F8F8F8; line-height: 0; margin-top: 40px; padding: 50.0% 0; text-align: center; width: 100%;\">\u00a0<\/div>\n<p style=\"color: #c9c8cd; font-family: Arial,sans-serif; font-size: 14px; line-height: 17px; margin-bottom: 0; margin-top: 8px; overflow: hidden; padding: 8px 0 7px; text-align: center; text-overflow: ellipsis; white-space: nowrap;\"><a style=\"color: #c9c8cd; font-family: Arial,sans-serif; font-size: 14px; font-style: normal; font-weight: normal; line-height: 17px; text-decoration: none;\" href=\"https:\/\/www.instagram.com\/p\/BI2mZRXArjS\/\" target=\"_blank\" rel=\"noopener noreferrer\">Une publication partag\u00e9e par Meubles et Atmosph\u00e8re (@meublesetatmosphere)<\/a> le <time style=\"font-family: Arial,sans-serif; font-size: 14px; line-height: 17px;\" datetime=\"2016-08-08T15:41:53+00:00\">8 Ao\u00fbt 2016 \u00e0 8h41 PDT<\/time><\/p>\n<\/div>\n<\/blockquote>\n<p><script async=\"\" defer=\"\" src=\"\/\/platform.instagram.com\/en_US\/embeds.js\"><\/script><\/p>\n<h2 style=\"text-align: justify;\"><span style=\"color: #000000;\"><strong>C\u00f4t\u00e9 chambre<\/strong><\/span><\/h2>\n<p style=\"text-align: justify;\"><span style=\"color: #000000;\">Un lit modulable qui se replie et laisse en journ\u00e9e un espace libre est une solution dans les petites chambres qui font \u00e9galement office de bureau. Vous pouvez tout aussi bien le choisir pliable ou escamotable\u00a0: le lit se \u00ab\u00a0colle au plafond\u00a0\u00bb pour laisser place \u00e0 un bureau, une table, un tapis de yoga, bref, tout ce que vous voulez. Autre id\u00e9e, dans une chambre d\u2019enfant (\u00e0 partir d\u2019un certain \u00e2ge tout de m\u00eame), le bureau qui, une fois son plateau soulev\u00e9, laisse appara\u00eetre un lit une place.<\/span><\/p>\n<blockquote class=\"instagram-media\" style=\"background: #FFF; border: 0; border-radius: 3px; box-shadow: 0 0 1px 0 rgba(0,0,0,0.5),0 1px 10px 0 rgba(0,0,0,0.15); margin: 1px; max-width: 658px; padding: 0; width: calc(100% - 2px);\" data-instgrm-version=\"7\">\n<div style=\"padding: 8px;\">\n<div style=\"background: #F8F8F8; line-height: 0; margin-top: 40px; padding: 38.28703703703704% 0; text-align: center; width: 100%;\">\u00a0<\/div>\n<p style=\"color: #c9c8cd; font-family: Arial,sans-serif; font-size: 14px; line-height: 17px; margin-bottom: 0; margin-top: 8px; overflow: hidden; padding: 8px 0 7px; text-align: center; text-overflow: ellipsis; white-space: nowrap;\"><a style=\"color: #c9c8cd; font-family: Arial,sans-serif; font-size: 14px; font-style: normal; font-weight: normal; line-height: 17px; text-decoration: none;\" href=\"https:\/\/www.instagram.com\/p\/BSEyAo_Ba4S\/\" target=\"_blank\" rel=\"noopener noreferrer\">Une publication partag\u00e9e par Beautiful Interior Designs (@exploreinteriors)<\/a> le <time style=\"font-family: Arial,sans-serif; font-size: 14px; line-height: 17px;\" datetime=\"2017-03-25T20:35:18+00:00\">25 Mars 2017 \u00e0 13h35 PDT<\/time><\/p>\n<\/div>\n<\/blockquote>\n<p><script async=\"\" defer=\"\" src=\"\/\/platform.instagram.com\/en_US\/embeds.js\"><\/script><\/p>\n\n<section id=\"section-3-14695\" class=\" ct-section\" ><div class=\"ct-section-inner-wrap\"><div id=\"div_block-4-14695\" class=\"ct-div-block\" ><div id=\"new_columns-7-14695\" class=\"ct-new-columns\" ><div id=\"div_block-8-14695\" class=\"ct-div-block\" ><div id=\"div_block-14-14695\" class=\"ct-div-block\" ><\/div><\/div><div id=\"div_block-9-14695\" class=\"ct-div-block\" ><h1 id=\"headline-11-14695\" class=\"ct-headline\">Quels sont les prix de l'immobilier en ce moment ?<\/h1><div id=\"text_block-12-14695\" class=\"ct-text-block\" >Les prix ralentissent. Les taux d'int\u00e9r\u00eat augmentent. Quelles tendances pour les mois \u00e0 venir ?<\/div><a id=\"link_button-13-14695\" class=\"ct-link-button\" href=\"https:\/\/www.athome.lu\/blog\/blog\/marche-immobilier\/prix\/tendances-2022\/\" target=\"_blank\"  >Lire l'analyse<\/a><\/div><\/div><\/div><\/div><\/section>","protected":false},"excerpt":{"rendered":"<p>B\u00e9n\u00e9ficier d\u2019un bon confort en habitant dans un appartement qui pourrait faire penser \u00e0 une maison de poup\u00e9e, c\u2019est tout \u00e0 fait envisageable\u2026 \u00e0 condition d\u2019\u00eatre un peu malin, d\u2019exploiter ing\u00e9nieusement chaque m\u00e8tre carr\u00e9 et de miser sur des meubles modulables. C\u00f4t\u00e9 cuisine A la recherche de meubles modulables ? Les fabricants de meubles ne [&hellip;]<\/p>\n","protected":false},"author":17,"featured_media":9667,"comment_status":"closed","ping_status":"open","sticky":false,"template":"","format":"standard","meta":{"_acf_changed":false,"footnotes":""},"categories":[210],"tags":[82,42],"class_list":["post-9600","post","type-post","status-publish","format-standard","has-post-thumbnail","hentry","category-meuble-decoration","tag-ameublement","tag-appartement"],"acf":[],"yoast_head":"<!-- This site is optimized with the Yoast SEO plugin v27.4 - https:\/\/yoast.com\/product\/yoast-seo-wordpress\/ -->\n<title>\u25b7 Des meubles modulables pour gagner des m\u00e8tres carr\u00e9s | atHome<\/title>\n<meta name=\"description\" content=\"Votre appartement est trop petit \u00e0 votre go\u00fbt ? Exploitez ing\u00e9nieusement chaque m\u00e8tre carr\u00e9 et de miser sur des meubles modulables.\" \/>\n<meta name=\"robots\" content=\"index, follow, max-snippet:-1, max-image-preview:large, max-video-preview:-1\" \/>\n<link rel=\"canonical\" href=\"https:\/\/www.athome.lu\/blog\/mon-logement\/meuble-decoration\/meuble-moduable-pour-gagner-des-m2\/\" \/>\n<meta property=\"og:locale\" content=\"fr_FR\" \/>\n<meta property=\"og:type\" content=\"article\" \/>\n<meta property=\"og:title\" content=\"\u25b7 Des meubles modulables pour gagner des m\u00e8tres carr\u00e9s | atHome\" \/>\n<meta property=\"og:description\" content=\"Votre appartement est trop petit \u00e0 votre go\u00fbt ? Exploitez ing\u00e9nieusement chaque m\u00e8tre carr\u00e9 et de miser sur des meubles modulables.\" \/>\n<meta property=\"og:url\" content=\"https:\/\/www.athome.lu\/blog\/mon-logement\/meuble-decoration\/meuble-moduable-pour-gagner-des-m2\/\" \/>\n<meta property=\"og:site_name\" content=\"atHome Blog\" \/>\n<meta property=\"article:publisher\" content=\"https:\/\/www.facebook.com\/atHome.lu\/\" \/>\n<meta property=\"article:published_time\" content=\"2017-05-22T08:50:15+00:00\" \/>\n<meta property=\"article:modified_time\" content=\"2022-05-12T07:16:20+00:00\" \/>\n<meta property=\"og:image\" content=\"https:\/\/www.athome.lu\/blog\/wp-content\/uploads\/2017\/05\/chairs-2181968_1920.jpg\" \/>\n\t<meta property=\"og:image:width\" content=\"1280\" \/>\n\t<meta property=\"og:image:height\" content=\"609\" \/>\n\t<meta property=\"og:image:type\" content=\"image\/jpeg\" \/>\n<meta name=\"author\" content=\"Fanny Pimentel\" \/>\n<meta name=\"twitter:card\" content=\"summary_large_image\" \/>\n<meta name=\"twitter:creator\" content=\"@athomelu\" \/>\n<meta name=\"twitter:site\" content=\"@athomelu\" \/>\n<meta name=\"twitter:label1\" content=\"\u00c9crit par\" \/>\n\t<meta name=\"twitter:data1\" content=\"Fanny Pimentel\" \/>\n\t<meta name=\"twitter:label2\" content=\"Dur\u00e9e de lecture estim\u00e9e\" \/>\n\t<meta name=\"twitter:data2\" content=\"2 minutes\" \/>\n<script type=\"application\/ld+json\" class=\"yoast-schema-graph\">{\"@context\":\"https:\\\/\\\/schema.org\",\"@graph\":[{\"@type\":\"Article\",\"@id\":\"https:\\\/\\\/www.athome.lu\\\/blog\\\/mon-logement\\\/meuble-decoration\\\/meuble-moduable-pour-gagner-des-m2\\\/#article\",\"isPartOf\":{\"@id\":\"https:\\\/\\\/www.athome.lu\\\/blog\\\/mon-logement\\\/meuble-decoration\\\/meuble-moduable-pour-gagner-des-m2\\\/\"},\"author\":{\"name\":\"Fanny Pimentel\",\"@id\":\"https:\\\/\\\/www.athome.lu\\\/blog\\\/#\\\/schema\\\/person\\\/47f7a38089f837e792876ceddc4cb2dc\"},\"headline\":\"Des meubles modulables pour gagner des m\u00e8tres carr\u00e9s\",\"datePublished\":\"2017-05-22T08:50:15+00:00\",\"dateModified\":\"2022-05-12T07:16:20+00:00\",\"mainEntityOfPage\":{\"@id\":\"https:\\\/\\\/www.athome.lu\\\/blog\\\/mon-logement\\\/meuble-decoration\\\/meuble-moduable-pour-gagner-des-m2\\\/\"},\"wordCount\":410,\"image\":{\"@id\":\"https:\\\/\\\/www.athome.lu\\\/blog\\\/mon-logement\\\/meuble-decoration\\\/meuble-moduable-pour-gagner-des-m2\\\/#primaryimage\"},\"thumbnailUrl\":\"https:\\\/\\\/www.athome.lu\\\/blog\\\/wp-content\\\/uploads\\\/2017\\\/05\\\/chairs-2181968_1920.jpg\",\"keywords\":[\"Ameublement\",\"Appartement\"],\"articleSection\":[\"Meubler et D\u00e9corer\"],\"inLanguage\":\"fr-FR\"},{\"@type\":\"WebPage\",\"@id\":\"https:\\\/\\\/www.athome.lu\\\/blog\\\/mon-logement\\\/meuble-decoration\\\/meuble-moduable-pour-gagner-des-m2\\\/\",\"url\":\"https:\\\/\\\/www.athome.lu\\\/blog\\\/mon-logement\\\/meuble-decoration\\\/meuble-moduable-pour-gagner-des-m2\\\/\",\"name\":\"\u25b7 Des meubles modulables pour gagner des m\u00e8tres carr\u00e9s | atHome\",\"isPartOf\":{\"@id\":\"https:\\\/\\\/www.athome.lu\\\/blog\\\/#website\"},\"primaryImageOfPage\":{\"@id\":\"https:\\\/\\\/www.athome.lu\\\/blog\\\/mon-logement\\\/meuble-decoration\\\/meuble-moduable-pour-gagner-des-m2\\\/#primaryimage\"},\"image\":{\"@id\":\"https:\\\/\\\/www.athome.lu\\\/blog\\\/mon-logement\\\/meuble-decoration\\\/meuble-moduable-pour-gagner-des-m2\\\/#primaryimage\"},\"thumbnailUrl\":\"https:\\\/\\\/www.athome.lu\\\/blog\\\/wp-content\\\/uploads\\\/2017\\\/05\\\/chairs-2181968_1920.jpg\",\"datePublished\":\"2017-05-22T08:50:15+00:00\",\"dateModified\":\"2022-05-12T07:16:20+00:00\",\"author\":{\"@id\":\"https:\\\/\\\/www.athome.lu\\\/blog\\\/#\\\/schema\\\/person\\\/47f7a38089f837e792876ceddc4cb2dc\"},\"description\":\"Votre appartement est trop petit \u00e0 votre go\u00fbt ? Exploitez ing\u00e9nieusement chaque m\u00e8tre carr\u00e9 et de miser sur des meubles modulables.\",\"breadcrumb\":{\"@id\":\"https:\\\/\\\/www.athome.lu\\\/blog\\\/mon-logement\\\/meuble-decoration\\\/meuble-moduable-pour-gagner-des-m2\\\/#breadcrumb\"},\"inLanguage\":\"fr-FR\",\"potentialAction\":[{\"@type\":\"ReadAction\",\"target\":[\"https:\\\/\\\/www.athome.lu\\\/blog\\\/mon-logement\\\/meuble-decoration\\\/meuble-moduable-pour-gagner-des-m2\\\/\"]}]},{\"@type\":\"ImageObject\",\"inLanguage\":\"fr-FR\",\"@id\":\"https:\\\/\\\/www.athome.lu\\\/blog\\\/mon-logement\\\/meuble-decoration\\\/meuble-moduable-pour-gagner-des-m2\\\/#primaryimage\",\"url\":\"https:\\\/\\\/www.athome.lu\\\/blog\\\/wp-content\\\/uploads\\\/2017\\\/05\\\/chairs-2181968_1920.jpg\",\"contentUrl\":\"https:\\\/\\\/www.athome.lu\\\/blog\\\/wp-content\\\/uploads\\\/2017\\\/05\\\/chairs-2181968_1920.jpg\",\"width\":1280,\"height\":609,\"caption\":\"Meuble modulable\"},{\"@type\":\"BreadcrumbList\",\"@id\":\"https:\\\/\\\/www.athome.lu\\\/blog\\\/mon-logement\\\/meuble-decoration\\\/meuble-moduable-pour-gagner-des-m2\\\/#breadcrumb\",\"itemListElement\":[{\"@type\":\"ListItem\",\"position\":1,\"name\":\"Accueil\",\"item\":\"https:\\\/\\\/www.athome.lu\\\/blog\\\/\"},{\"@type\":\"ListItem\",\"position\":2,\"name\":\"Mon logement\",\"item\":\"https:\\\/\\\/www.athome.lu\\\/blog\\\/de\\\/category\\\/mein-haus\\\/\"},{\"@type\":\"ListItem\",\"position\":3,\"name\":\"Meubler et D\u00e9corer\",\"item\":\"https:\\\/\\\/www.athome.lu\\\/blog\\\/de\\\/category\\\/mein-haus\\\/deko-mobel\\\/\"},{\"@type\":\"ListItem\",\"position\":4,\"name\":\"Des meubles modulables pour gagner des m\u00e8tres carr\u00e9s\"}]},{\"@type\":\"WebSite\",\"@id\":\"https:\\\/\\\/www.athome.lu\\\/blog\\\/#website\",\"url\":\"https:\\\/\\\/www.athome.lu\\\/blog\\\/\",\"name\":\"atHome Blog\",\"description\":\"Annonces immobili\u00e8res au Luxembourg. Le portail immobilier n\u00b01 au Luxembourg.\",\"potentialAction\":[{\"@type\":\"SearchAction\",\"target\":{\"@type\":\"EntryPoint\",\"urlTemplate\":\"https:\\\/\\\/www.athome.lu\\\/blog\\\/?s={search_term_string}\"},\"query-input\":{\"@type\":\"PropertyValueSpecification\",\"valueRequired\":true,\"valueName\":\"search_term_string\"}}],\"inLanguage\":\"fr-FR\"},{\"@type\":\"Person\",\"@id\":\"https:\\\/\\\/www.athome.lu\\\/blog\\\/#\\\/schema\\\/person\\\/47f7a38089f837e792876ceddc4cb2dc\",\"name\":\"Fanny Pimentel\",\"image\":{\"@type\":\"ImageObject\",\"inLanguage\":\"fr-FR\",\"@id\":\"https:\\\/\\\/secure.gravatar.com\\\/avatar\\\/c60b27b93851dc9503f9cc9150e73dcb0a86ba6150657e5e4b11d988400bc633?s=96&d=mm&r=g\",\"url\":\"https:\\\/\\\/secure.gravatar.com\\\/avatar\\\/c60b27b93851dc9503f9cc9150e73dcb0a86ba6150657e5e4b11d988400bc633?s=96&d=mm&r=g\",\"contentUrl\":\"https:\\\/\\\/secure.gravatar.com\\\/avatar\\\/c60b27b93851dc9503f9cc9150e73dcb0a86ba6150657e5e4b11d988400bc633?s=96&d=mm&r=g\",\"caption\":\"Fanny Pimentel\"}}]}<\/script>\n<!-- \/ Yoast SEO plugin. -->","yoast_head_json":{"title":"\u25b7 Des meubles modulables pour gagner des m\u00e8tres carr\u00e9s | atHome","description":"Votre appartement est trop petit \u00e0 votre go\u00fbt ? Exploitez ing\u00e9nieusement chaque m\u00e8tre carr\u00e9 et de miser sur des meubles modulables.","robots":{"index":"index","follow":"follow","max-snippet":"max-snippet:-1","max-image-preview":"max-image-preview:large","max-video-preview":"max-video-preview:-1"},"canonical":"https:\/\/www.athome.lu\/blog\/mon-logement\/meuble-decoration\/meuble-moduable-pour-gagner-des-m2\/","og_locale":"fr_FR","og_type":"article","og_title":"\u25b7 Des meubles modulables pour gagner des m\u00e8tres carr\u00e9s | atHome","og_description":"Votre appartement est trop petit \u00e0 votre go\u00fbt ? Exploitez ing\u00e9nieusement chaque m\u00e8tre carr\u00e9 et de miser sur des meubles modulables.","og_url":"https:\/\/www.athome.lu\/blog\/mon-logement\/meuble-decoration\/meuble-moduable-pour-gagner-des-m2\/","og_site_name":"atHome Blog","article_publisher":"https:\/\/www.facebook.com\/atHome.lu\/","article_published_time":"2017-05-22T08:50:15+00:00","article_modified_time":"2022-05-12T07:16:20+00:00","og_image":[{"width":1280,"height":609,"url":"https:\/\/www.athome.lu\/blog\/wp-content\/uploads\/2017\/05\/chairs-2181968_1920.jpg","type":"image\/jpeg"}],"author":"Fanny Pimentel","twitter_card":"summary_large_image","twitter_creator":"@athomelu","twitter_site":"@athomelu","twitter_misc":{"\u00c9crit par":"Fanny Pimentel","Dur\u00e9e de lecture estim\u00e9e":"2 minutes"},"schema":{"@context":"https:\/\/schema.org","@graph":[{"@type":"Article","@id":"https:\/\/www.athome.lu\/blog\/mon-logement\/meuble-decoration\/meuble-moduable-pour-gagner-des-m2\/#article","isPartOf":{"@id":"https:\/\/www.athome.lu\/blog\/mon-logement\/meuble-decoration\/meuble-moduable-pour-gagner-des-m2\/"},"author":{"name":"Fanny Pimentel","@id":"https:\/\/www.athome.lu\/blog\/#\/schema\/person\/47f7a38089f837e792876ceddc4cb2dc"},"headline":"Des meubles modulables pour gagner des m\u00e8tres carr\u00e9s","datePublished":"2017-05-22T08:50:15+00:00","dateModified":"2022-05-12T07:16:20+00:00","mainEntityOfPage":{"@id":"https:\/\/www.athome.lu\/blog\/mon-logement\/meuble-decoration\/meuble-moduable-pour-gagner-des-m2\/"},"wordCount":410,"image":{"@id":"https:\/\/www.athome.lu\/blog\/mon-logement\/meuble-decoration\/meuble-moduable-pour-gagner-des-m2\/#primaryimage"},"thumbnailUrl":"https:\/\/www.athome.lu\/blog\/wp-content\/uploads\/2017\/05\/chairs-2181968_1920.jpg","keywords":["Ameublement","Appartement"],"articleSection":["Meubler et D\u00e9corer"],"inLanguage":"fr-FR"},{"@type":"WebPage","@id":"https:\/\/www.athome.lu\/blog\/mon-logement\/meuble-decoration\/meuble-moduable-pour-gagner-des-m2\/","url":"https:\/\/www.athome.lu\/blog\/mon-logement\/meuble-decoration\/meuble-moduable-pour-gagner-des-m2\/","name":"\u25b7 Des meubles modulables pour gagner des m\u00e8tres carr\u00e9s | atHome","isPartOf":{"@id":"https:\/\/www.athome.lu\/blog\/#website"},"primaryImageOfPage":{"@id":"https:\/\/www.athome.lu\/blog\/mon-logement\/meuble-decoration\/meuble-moduable-pour-gagner-des-m2\/#primaryimage"},"image":{"@id":"https:\/\/www.athome.lu\/blog\/mon-logement\/meuble-decoration\/meuble-moduable-pour-gagner-des-m2\/#primaryimage"},"thumbnailUrl":"https:\/\/www.athome.lu\/blog\/wp-content\/uploads\/2017\/05\/chairs-2181968_1920.jpg","datePublished":"2017-05-22T08:50:15+00:00","dateModified":"2022-05-12T07:16:20+00:00","author":{"@id":"https:\/\/www.athome.lu\/blog\/#\/schema\/person\/47f7a38089f837e792876ceddc4cb2dc"},"description":"Votre appartement est trop petit \u00e0 votre go\u00fbt ? Exploitez ing\u00e9nieusement chaque m\u00e8tre carr\u00e9 et de miser sur des meubles modulables.","breadcrumb":{"@id":"https:\/\/www.athome.lu\/blog\/mon-logement\/meuble-decoration\/meuble-moduable-pour-gagner-des-m2\/#breadcrumb"},"inLanguage":"fr-FR","potentialAction":[{"@type":"ReadAction","target":["https:\/\/www.athome.lu\/blog\/mon-logement\/meuble-decoration\/meuble-moduable-pour-gagner-des-m2\/"]}]},{"@type":"ImageObject","inLanguage":"fr-FR","@id":"https:\/\/www.athome.lu\/blog\/mon-logement\/meuble-decoration\/meuble-moduable-pour-gagner-des-m2\/#primaryimage","url":"https:\/\/www.athome.lu\/blog\/wp-content\/uploads\/2017\/05\/chairs-2181968_1920.jpg","contentUrl":"https:\/\/www.athome.lu\/blog\/wp-content\/uploads\/2017\/05\/chairs-2181968_1920.jpg","width":1280,"height":609,"caption":"Meuble modulable"},{"@type":"BreadcrumbList","@id":"https:\/\/www.athome.lu\/blog\/mon-logement\/meuble-decoration\/meuble-moduable-pour-gagner-des-m2\/#breadcrumb","itemListElement":[{"@type":"ListItem","position":1,"name":"Accueil","item":"https:\/\/www.athome.lu\/blog\/"},{"@type":"ListItem","position":2,"name":"Mon logement","item":"https:\/\/www.athome.lu\/blog\/de\/category\/mein-haus\/"},{"@type":"ListItem","position":3,"name":"Meubler et D\u00e9corer","item":"https:\/\/www.athome.lu\/blog\/de\/category\/mein-haus\/deko-mobel\/"},{"@type":"ListItem","position":4,"name":"Des meubles modulables pour gagner des m\u00e8tres carr\u00e9s"}]},{"@type":"WebSite","@id":"https:\/\/www.athome.lu\/blog\/#website","url":"https:\/\/www.athome.lu\/blog\/","name":"atHome Blog","description":"Annonces immobili\u00e8res au Luxembourg. Le portail immobilier n\u00b01 au Luxembourg.","potentialAction":[{"@type":"SearchAction","target":{"@type":"EntryPoint","urlTemplate":"https:\/\/www.athome.lu\/blog\/?s={search_term_string}"},"query-input":{"@type":"PropertyValueSpecification","valueRequired":true,"valueName":"search_term_string"}}],"inLanguage":"fr-FR"},{"@type":"Person","@id":"https:\/\/www.athome.lu\/blog\/#\/schema\/person\/47f7a38089f837e792876ceddc4cb2dc","name":"Fanny Pimentel","image":{"@type":"ImageObject","inLanguage":"fr-FR","@id":"https:\/\/secure.gravatar.com\/avatar\/c60b27b93851dc9503f9cc9150e73dcb0a86ba6150657e5e4b11d988400bc633?s=96&d=mm&r=g","url":"https:\/\/secure.gravatar.com\/avatar\/c60b27b93851dc9503f9cc9150e73dcb0a86ba6150657e5e4b11d988400bc633?s=96&d=mm&r=g","contentUrl":"https:\/\/secure.gravatar.com\/avatar\/c60b27b93851dc9503f9cc9150e73dcb0a86ba6150657e5e4b11d988400bc633?s=96&d=mm&r=g","caption":"Fanny Pimentel"}}]}},"featured_media_src_url":"https:\/\/www.athome.lu\/blog\/wp-content\/uploads\/2017\/05\/chairs-2181968_1920-1024x487.jpg","_links":{"self":[{"href":"https:\/\/www.athome.lu\/blog\/wp-json\/wp\/v2\/posts\/9600","targetHints":{"allow":["GET"]}}],"collection":[{"href":"https:\/\/www.athome.lu\/blog\/wp-json\/wp\/v2\/posts"}],"about":[{"href":"https:\/\/www.athome.lu\/blog\/wp-json\/wp\/v2\/types\/post"}],"author":[{"embeddable":true,"href":"https:\/\/www.athome.lu\/blog\/wp-json\/wp\/v2\/users\/17"}],"replies":[{"embeddable":true,"href":"https:\/\/www.athome.lu\/blog\/wp-json\/wp\/v2\/comments?post=9600"}],"version-history":[{"count":2,"href":"https:\/\/www.athome.lu\/blog\/wp-json\/wp\/v2\/posts\/9600\/revisions"}],"predecessor-version":[{"id":15275,"href":"https:\/\/www.athome.lu\/blog\/wp-json\/wp\/v2\/posts\/9600\/revisions\/15275"}],"wp:featuredmedia":[{"embeddable":true,"href":"https:\/\/www.athome.lu\/blog\/wp-json\/wp\/v2\/media\/9667"}],"wp:attachment":[{"href":"https:\/\/www.athome.lu\/blog\/wp-json\/wp\/v2\/media?parent=9600"}],"wp:term":[{"taxonomy":"category","embeddable":true,"href":"https:\/\/www.athome.lu\/blog\/wp-json\/wp\/v2\/categories?post=9600"},{"taxonomy":"post_tag","embeddable":true,"href":"https:\/\/www.athome.lu\/blog\/wp-json\/wp\/v2\/tags?post=9600"}],"curies":[{"name":"wp","href":"https:\/\/api.w.org\/{rel}","templated":true}]}}