{"id":9709,"date":"2017-06-14T10:31:15","date_gmt":"2017-06-14T09:31:15","guid":{"rendered":"https:\/\/www.athome.lu\/blog?p=9709&#038;preview=true&#038;preview_id=9709"},"modified":"2022-05-12T09:13:03","modified_gmt":"2022-05-12T07:13:03","slug":"comment-rafraichir-son-interieur-sans-climatisation","status":"publish","type":"post","link":"https:\/\/www.athome.lu\/blog\/mon-logement\/vie-quotidienne-mon-logement\/comment-rafraichir-son-interieur-sans-climatisation\/","title":{"rendered":"Comment rafra\u00eechir sa maison sans climatisation ?"},"content":{"rendered":"\n<p><span style=\"color: #000000;\">La climatisation, on peut \u00eatre pour ou contre, mais de fait, bien souvent, on n\u2019en a pas. En p\u00e9riode de forte chaleur, il faut pourtant trouver des astuces pour rafra\u00eechir son logement sans climatisation et supporter l\u2019air ambiant. En voici quelques-unes.<\/span><\/p>\n\n\n\n<h2 class=\"wp-block-heading\"><span style=\"color: #000000;\"><strong>On ferme, on ouvre<\/strong><\/span><\/h2>\n\n\n\n<p><span style=\"color: #000000;\">Lorsque la chaleur commence \u00e0 envahir la maison, voire m\u00eame avant, la premi\u00e8re chose \u00e0 faire est d\u2019en rechercher et d\u2019en contenir les sources. On pense, \u00e9videmment, aux fen\u00eatres et vitrages qui laissent p\u00e9n\u00e9trer les rayons du soleil. Fermer les stores et volets (ou tout simplement les rideaux) la journ\u00e9e et ouvrir tout grand la nuit lorsque cela est possible est donc le premier \u2013 bon \u2013 r\u00e9flexe. Il y en a d\u2019autres, comme veiller \u00e0 remplacer toutes les ampoules halog\u00e8nes par des LEDs, ne pas allumer le four, etc.<\/span><\/p>\n\n\n\n<h2 class=\"wp-block-heading\"><span style=\"color: #000000;\"><strong>Des sensations de fra\u00eecheur<\/strong><\/span><\/h2>\n\n\n\n<p><span style=\"color: #000000;\">Jusque-l\u00e0, on n\u2019a pas cr\u00e9\u00e9 de chaleur, mais en journ\u00e9e on n\u2019a pas, non plus, rafra\u00eechi l\u2019air. Pour rafra\u00eechir sa maison sans climatisation, le ventilateur est l\u2019accessoire qu\u2019il nous faut. Il ne fait que brasser l\u2019air certes, mais vous abaisserez la temp\u00e9rature d\u2019une pi\u00e8ce de quelques degr\u00e9s en pla\u00e7ant devant lui une bouteille d\u2019eau congel\u00e9e. Vous avez \u00e9galement la possibilit\u00e9 de mouiller le sol de votre pi\u00e8ce \u00e0 vivre (sans le d\u00e9tremper) ou autre&nbsp;: en s\u2019\u00e9vaporant, l\u2019eau va cr\u00e9er une agr\u00e9able sensation de fra\u00eecheur. Vous la retrouverez si vous faites s\u00e9cher votre linge \u00e0 la fen\u00eatre.<\/span><\/p>\n\n\n\n<h2 class=\"wp-block-heading\"><span style=\"color: #000000;\"><strong>Pensez aux plantes<\/strong><\/span><\/h2>\n\n\n\n<p><span style=\"color: #000000;\">L\u2019\u00e9vaporation, c\u2019est aussi le principe qui doit vous amener \u00e0 investir dans des plantes. Plus pr\u00e9cis\u00e9ment ici, on parle du ph\u00e9nom\u00e8ne d\u2019\u00e9vapotranspiration\u00a0: les plantes en pots dans votre logement ou sur le balcon, tout comme les plantes grimpantes sur les murs, vont lib\u00e9rer une vapeur d\u2019eau salutaire.<\/span><\/p>\n\n\n<section id=\"section-3-14695\" class=\" ct-section\" ><div class=\"ct-section-inner-wrap\"><div id=\"div_block-4-14695\" class=\"ct-div-block\" ><div id=\"new_columns-7-14695\" class=\"ct-new-columns\" ><div id=\"div_block-8-14695\" class=\"ct-div-block\" ><div id=\"div_block-14-14695\" class=\"ct-div-block\" ><\/div><\/div><div id=\"div_block-9-14695\" class=\"ct-div-block\" ><h1 id=\"headline-11-14695\" class=\"ct-headline\">Quels sont les prix de l'immobilier en ce moment ?<\/h1><div id=\"text_block-12-14695\" class=\"ct-text-block\" >Les prix ralentissent. Les taux d'int\u00e9r\u00eat augmentent. Quelles tendances pour les mois \u00e0 venir ?<\/div><a id=\"link_button-13-14695\" class=\"ct-link-button\" href=\"https:\/\/www.athome.lu\/blog\/blog\/marche-immobilier\/prix\/tendances-2022\/\" target=\"_blank\"  >Lire l'analyse<\/a><\/div><\/div><\/div><\/div><\/section>","protected":false},"excerpt":{"rendered":"<p>La climatisation, on peut \u00eatre pour ou contre, mais de fait, bien souvent, on n\u2019en a pas. En p\u00e9riode de forte chaleur, il faut pourtant trouver des astuces pour rafra\u00eechir son logement sans climatisation et supporter l\u2019air ambiant. En voici quelques-unes. On ferme, on ouvre Lorsque la chaleur commence \u00e0 envahir la maison, voire m\u00eame [&hellip;]<\/p>\n","protected":false},"author":17,"featured_media":9804,"comment_status":"closed","ping_status":"open","sticky":false,"template":"","format":"standard","meta":{"_acf_changed":false,"footnotes":""},"categories":[214],"tags":[],"class_list":["post-9709","post","type-post","status-publish","format-standard","has-post-thumbnail","hentry","category-vie-quotidienne-mon-logement"],"acf":[],"yoast_head":"<!-- This site is optimized with the Yoast SEO plugin v27.4 - https:\/\/yoast.com\/product\/yoast-seo-wordpress\/ -->\n<title>\u25b7 Comment rafra\u00eechir sa maison sans climatisation ? | atHome<\/title>\n<meta name=\"description\" content=\"La climatisation, on peut \u00eatre pour ou contre, mais bien souvent, on n\u2019en a pas. Voici comment rafra\u00eechir sa maison sans climatisation\" \/>\n<meta name=\"robots\" content=\"index, follow, max-snippet:-1, max-image-preview:large, max-video-preview:-1\" \/>\n<link rel=\"canonical\" href=\"https:\/\/www.athome.lu\/blog\/mon-logement\/vie-quotidienne-mon-logement\/comment-rafraichir-son-interieur-sans-climatisation\/\" \/>\n<meta property=\"og:locale\" content=\"fr_FR\" \/>\n<meta property=\"og:type\" content=\"article\" \/>\n<meta property=\"og:title\" content=\"\u25b7 Comment rafra\u00eechir sa maison sans climatisation ? | atHome\" \/>\n<meta property=\"og:description\" content=\"La climatisation, on peut \u00eatre pour ou contre, mais bien souvent, on n\u2019en a pas. Voici comment rafra\u00eechir sa maison sans climatisation\" \/>\n<meta property=\"og:url\" content=\"https:\/\/www.athome.lu\/blog\/mon-logement\/vie-quotidienne-mon-logement\/comment-rafraichir-son-interieur-sans-climatisation\/\" \/>\n<meta property=\"og:site_name\" content=\"atHome Blog\" \/>\n<meta property=\"article:publisher\" content=\"https:\/\/www.facebook.com\/atHome.lu\/\" \/>\n<meta property=\"article:published_time\" content=\"2017-06-14T09:31:15+00:00\" \/>\n<meta property=\"article:modified_time\" content=\"2022-05-12T07:13:03+00:00\" \/>\n<meta property=\"og:image\" content=\"https:\/\/www.athome.lu\/blog\/wp-content\/uploads\/2017\/05\/Thermometre_iStock-483631780.jpg\" \/>\n\t<meta property=\"og:image:width\" content=\"1440\" \/>\n\t<meta property=\"og:image:height\" content=\"960\" \/>\n\t<meta property=\"og:image:type\" content=\"image\/jpeg\" \/>\n<meta name=\"author\" content=\"Fanny Pimentel\" \/>\n<meta name=\"twitter:card\" content=\"summary_large_image\" \/>\n<meta name=\"twitter:creator\" content=\"@athomelu\" \/>\n<meta name=\"twitter:site\" content=\"@athomelu\" \/>\n<meta name=\"twitter:label1\" content=\"\u00c9crit par\" \/>\n\t<meta name=\"twitter:data1\" content=\"Fanny Pimentel\" \/>\n\t<meta name=\"twitter:label2\" content=\"Dur\u00e9e de lecture estim\u00e9e\" \/>\n\t<meta name=\"twitter:data2\" content=\"2 minutes\" \/>\n<script type=\"application\/ld+json\" class=\"yoast-schema-graph\">{\"@context\":\"https:\\\/\\\/schema.org\",\"@graph\":[{\"@type\":\"Article\",\"@id\":\"https:\\\/\\\/www.athome.lu\\\/blog\\\/mon-logement\\\/vie-quotidienne-mon-logement\\\/comment-rafraichir-son-interieur-sans-climatisation\\\/#article\",\"isPartOf\":{\"@id\":\"https:\\\/\\\/www.athome.lu\\\/blog\\\/mon-logement\\\/vie-quotidienne-mon-logement\\\/comment-rafraichir-son-interieur-sans-climatisation\\\/\"},\"author\":{\"name\":\"Fanny Pimentel\",\"@id\":\"https:\\\/\\\/www.athome.lu\\\/blog\\\/#\\\/schema\\\/person\\\/47f7a38089f837e792876ceddc4cb2dc\"},\"headline\":\"Comment rafra\u00eechir sa maison sans climatisation ?\",\"datePublished\":\"2017-06-14T09:31:15+00:00\",\"dateModified\":\"2022-05-12T07:13:03+00:00\",\"mainEntityOfPage\":{\"@id\":\"https:\\\/\\\/www.athome.lu\\\/blog\\\/mon-logement\\\/vie-quotidienne-mon-logement\\\/comment-rafraichir-son-interieur-sans-climatisation\\\/\"},\"wordCount\":335,\"image\":{\"@id\":\"https:\\\/\\\/www.athome.lu\\\/blog\\\/mon-logement\\\/vie-quotidienne-mon-logement\\\/comment-rafraichir-son-interieur-sans-climatisation\\\/#primaryimage\"},\"thumbnailUrl\":\"https:\\\/\\\/www.athome.lu\\\/blog\\\/wp-content\\\/uploads\\\/2017\\\/05\\\/Thermometre_iStock-483631780.jpg\",\"articleSection\":[\"Vie quotidienne\"],\"inLanguage\":\"fr-FR\"},{\"@type\":\"WebPage\",\"@id\":\"https:\\\/\\\/www.athome.lu\\\/blog\\\/mon-logement\\\/vie-quotidienne-mon-logement\\\/comment-rafraichir-son-interieur-sans-climatisation\\\/\",\"url\":\"https:\\\/\\\/www.athome.lu\\\/blog\\\/mon-logement\\\/vie-quotidienne-mon-logement\\\/comment-rafraichir-son-interieur-sans-climatisation\\\/\",\"name\":\"\u25b7 Comment rafra\u00eechir sa maison sans climatisation ? | atHome\",\"isPartOf\":{\"@id\":\"https:\\\/\\\/www.athome.lu\\\/blog\\\/#website\"},\"primaryImageOfPage\":{\"@id\":\"https:\\\/\\\/www.athome.lu\\\/blog\\\/mon-logement\\\/vie-quotidienne-mon-logement\\\/comment-rafraichir-son-interieur-sans-climatisation\\\/#primaryimage\"},\"image\":{\"@id\":\"https:\\\/\\\/www.athome.lu\\\/blog\\\/mon-logement\\\/vie-quotidienne-mon-logement\\\/comment-rafraichir-son-interieur-sans-climatisation\\\/#primaryimage\"},\"thumbnailUrl\":\"https:\\\/\\\/www.athome.lu\\\/blog\\\/wp-content\\\/uploads\\\/2017\\\/05\\\/Thermometre_iStock-483631780.jpg\",\"datePublished\":\"2017-06-14T09:31:15+00:00\",\"dateModified\":\"2022-05-12T07:13:03+00:00\",\"author\":{\"@id\":\"https:\\\/\\\/www.athome.lu\\\/blog\\\/#\\\/schema\\\/person\\\/47f7a38089f837e792876ceddc4cb2dc\"},\"description\":\"La climatisation, on peut \u00eatre pour ou contre, mais bien souvent, on n\u2019en a pas. Voici comment rafra\u00eechir sa maison sans climatisation\",\"breadcrumb\":{\"@id\":\"https:\\\/\\\/www.athome.lu\\\/blog\\\/mon-logement\\\/vie-quotidienne-mon-logement\\\/comment-rafraichir-son-interieur-sans-climatisation\\\/#breadcrumb\"},\"inLanguage\":\"fr-FR\",\"potentialAction\":[{\"@type\":\"ReadAction\",\"target\":[\"https:\\\/\\\/www.athome.lu\\\/blog\\\/mon-logement\\\/vie-quotidienne-mon-logement\\\/comment-rafraichir-son-interieur-sans-climatisation\\\/\"]}]},{\"@type\":\"ImageObject\",\"inLanguage\":\"fr-FR\",\"@id\":\"https:\\\/\\\/www.athome.lu\\\/blog\\\/mon-logement\\\/vie-quotidienne-mon-logement\\\/comment-rafraichir-son-interieur-sans-climatisation\\\/#primaryimage\",\"url\":\"https:\\\/\\\/www.athome.lu\\\/blog\\\/wp-content\\\/uploads\\\/2017\\\/05\\\/Thermometre_iStock-483631780.jpg\",\"contentUrl\":\"https:\\\/\\\/www.athome.lu\\\/blog\\\/wp-content\\\/uploads\\\/2017\\\/05\\\/Thermometre_iStock-483631780.jpg\",\"width\":1440,\"height\":960,\"caption\":\"rafraichir sa maison sans climatisation\"},{\"@type\":\"BreadcrumbList\",\"@id\":\"https:\\\/\\\/www.athome.lu\\\/blog\\\/mon-logement\\\/vie-quotidienne-mon-logement\\\/comment-rafraichir-son-interieur-sans-climatisation\\\/#breadcrumb\",\"itemListElement\":[{\"@type\":\"ListItem\",\"position\":1,\"name\":\"Accueil\",\"item\":\"https:\\\/\\\/www.athome.lu\\\/blog\\\/\"},{\"@type\":\"ListItem\",\"position\":2,\"name\":\"Mon logement\",\"item\":\"https:\\\/\\\/www.athome.lu\\\/blog\\\/de\\\/category\\\/mein-haus\\\/\"},{\"@type\":\"ListItem\",\"position\":3,\"name\":\"Vie quotidienne\",\"item\":\"https:\\\/\\\/www.athome.lu\\\/blog\\\/category\\\/mon-logement\\\/vie-quotidienne-mon-logement\\\/\"},{\"@type\":\"ListItem\",\"position\":4,\"name\":\"Comment rafra\u00eechir sa maison sans climatisation ?\"}]},{\"@type\":\"WebSite\",\"@id\":\"https:\\\/\\\/www.athome.lu\\\/blog\\\/#website\",\"url\":\"https:\\\/\\\/www.athome.lu\\\/blog\\\/\",\"name\":\"atHome Blog\",\"description\":\"Annonces immobili\u00e8res au Luxembourg. Le portail immobilier n\u00b01 au Luxembourg.\",\"potentialAction\":[{\"@type\":\"SearchAction\",\"target\":{\"@type\":\"EntryPoint\",\"urlTemplate\":\"https:\\\/\\\/www.athome.lu\\\/blog\\\/?s={search_term_string}\"},\"query-input\":{\"@type\":\"PropertyValueSpecification\",\"valueRequired\":true,\"valueName\":\"search_term_string\"}}],\"inLanguage\":\"fr-FR\"},{\"@type\":\"Person\",\"@id\":\"https:\\\/\\\/www.athome.lu\\\/blog\\\/#\\\/schema\\\/person\\\/47f7a38089f837e792876ceddc4cb2dc\",\"name\":\"Fanny Pimentel\",\"image\":{\"@type\":\"ImageObject\",\"inLanguage\":\"fr-FR\",\"@id\":\"https:\\\/\\\/secure.gravatar.com\\\/avatar\\\/c60b27b93851dc9503f9cc9150e73dcb0a86ba6150657e5e4b11d988400bc633?s=96&d=mm&r=g\",\"url\":\"https:\\\/\\\/secure.gravatar.com\\\/avatar\\\/c60b27b93851dc9503f9cc9150e73dcb0a86ba6150657e5e4b11d988400bc633?s=96&d=mm&r=g\",\"contentUrl\":\"https:\\\/\\\/secure.gravatar.com\\\/avatar\\\/c60b27b93851dc9503f9cc9150e73dcb0a86ba6150657e5e4b11d988400bc633?s=96&d=mm&r=g\",\"caption\":\"Fanny Pimentel\"}}]}<\/script>\n<!-- \/ Yoast SEO plugin. -->","yoast_head_json":{"title":"\u25b7 Comment rafra\u00eechir sa maison sans climatisation ? | atHome","description":"La climatisation, on peut \u00eatre pour ou contre, mais bien souvent, on n\u2019en a pas. Voici comment rafra\u00eechir sa maison sans climatisation","robots":{"index":"index","follow":"follow","max-snippet":"max-snippet:-1","max-image-preview":"max-image-preview:large","max-video-preview":"max-video-preview:-1"},"canonical":"https:\/\/www.athome.lu\/blog\/mon-logement\/vie-quotidienne-mon-logement\/comment-rafraichir-son-interieur-sans-climatisation\/","og_locale":"fr_FR","og_type":"article","og_title":"\u25b7 Comment rafra\u00eechir sa maison sans climatisation ? | atHome","og_description":"La climatisation, on peut \u00eatre pour ou contre, mais bien souvent, on n\u2019en a pas. Voici comment rafra\u00eechir sa maison sans climatisation","og_url":"https:\/\/www.athome.lu\/blog\/mon-logement\/vie-quotidienne-mon-logement\/comment-rafraichir-son-interieur-sans-climatisation\/","og_site_name":"atHome Blog","article_publisher":"https:\/\/www.facebook.com\/atHome.lu\/","article_published_time":"2017-06-14T09:31:15+00:00","article_modified_time":"2022-05-12T07:13:03+00:00","og_image":[{"width":1440,"height":960,"url":"https:\/\/www.athome.lu\/blog\/wp-content\/uploads\/2017\/05\/Thermometre_iStock-483631780.jpg","type":"image\/jpeg"}],"author":"Fanny Pimentel","twitter_card":"summary_large_image","twitter_creator":"@athomelu","twitter_site":"@athomelu","twitter_misc":{"\u00c9crit par":"Fanny Pimentel","Dur\u00e9e de lecture estim\u00e9e":"2 minutes"},"schema":{"@context":"https:\/\/schema.org","@graph":[{"@type":"Article","@id":"https:\/\/www.athome.lu\/blog\/mon-logement\/vie-quotidienne-mon-logement\/comment-rafraichir-son-interieur-sans-climatisation\/#article","isPartOf":{"@id":"https:\/\/www.athome.lu\/blog\/mon-logement\/vie-quotidienne-mon-logement\/comment-rafraichir-son-interieur-sans-climatisation\/"},"author":{"name":"Fanny Pimentel","@id":"https:\/\/www.athome.lu\/blog\/#\/schema\/person\/47f7a38089f837e792876ceddc4cb2dc"},"headline":"Comment rafra\u00eechir sa maison sans climatisation ?","datePublished":"2017-06-14T09:31:15+00:00","dateModified":"2022-05-12T07:13:03+00:00","mainEntityOfPage":{"@id":"https:\/\/www.athome.lu\/blog\/mon-logement\/vie-quotidienne-mon-logement\/comment-rafraichir-son-interieur-sans-climatisation\/"},"wordCount":335,"image":{"@id":"https:\/\/www.athome.lu\/blog\/mon-logement\/vie-quotidienne-mon-logement\/comment-rafraichir-son-interieur-sans-climatisation\/#primaryimage"},"thumbnailUrl":"https:\/\/www.athome.lu\/blog\/wp-content\/uploads\/2017\/05\/Thermometre_iStock-483631780.jpg","articleSection":["Vie quotidienne"],"inLanguage":"fr-FR"},{"@type":"WebPage","@id":"https:\/\/www.athome.lu\/blog\/mon-logement\/vie-quotidienne-mon-logement\/comment-rafraichir-son-interieur-sans-climatisation\/","url":"https:\/\/www.athome.lu\/blog\/mon-logement\/vie-quotidienne-mon-logement\/comment-rafraichir-son-interieur-sans-climatisation\/","name":"\u25b7 Comment rafra\u00eechir sa maison sans climatisation ? | atHome","isPartOf":{"@id":"https:\/\/www.athome.lu\/blog\/#website"},"primaryImageOfPage":{"@id":"https:\/\/www.athome.lu\/blog\/mon-logement\/vie-quotidienne-mon-logement\/comment-rafraichir-son-interieur-sans-climatisation\/#primaryimage"},"image":{"@id":"https:\/\/www.athome.lu\/blog\/mon-logement\/vie-quotidienne-mon-logement\/comment-rafraichir-son-interieur-sans-climatisation\/#primaryimage"},"thumbnailUrl":"https:\/\/www.athome.lu\/blog\/wp-content\/uploads\/2017\/05\/Thermometre_iStock-483631780.jpg","datePublished":"2017-06-14T09:31:15+00:00","dateModified":"2022-05-12T07:13:03+00:00","author":{"@id":"https:\/\/www.athome.lu\/blog\/#\/schema\/person\/47f7a38089f837e792876ceddc4cb2dc"},"description":"La climatisation, on peut \u00eatre pour ou contre, mais bien souvent, on n\u2019en a pas. Voici comment rafra\u00eechir sa maison sans climatisation","breadcrumb":{"@id":"https:\/\/www.athome.lu\/blog\/mon-logement\/vie-quotidienne-mon-logement\/comment-rafraichir-son-interieur-sans-climatisation\/#breadcrumb"},"inLanguage":"fr-FR","potentialAction":[{"@type":"ReadAction","target":["https:\/\/www.athome.lu\/blog\/mon-logement\/vie-quotidienne-mon-logement\/comment-rafraichir-son-interieur-sans-climatisation\/"]}]},{"@type":"ImageObject","inLanguage":"fr-FR","@id":"https:\/\/www.athome.lu\/blog\/mon-logement\/vie-quotidienne-mon-logement\/comment-rafraichir-son-interieur-sans-climatisation\/#primaryimage","url":"https:\/\/www.athome.lu\/blog\/wp-content\/uploads\/2017\/05\/Thermometre_iStock-483631780.jpg","contentUrl":"https:\/\/www.athome.lu\/blog\/wp-content\/uploads\/2017\/05\/Thermometre_iStock-483631780.jpg","width":1440,"height":960,"caption":"rafraichir sa maison sans climatisation"},{"@type":"BreadcrumbList","@id":"https:\/\/www.athome.lu\/blog\/mon-logement\/vie-quotidienne-mon-logement\/comment-rafraichir-son-interieur-sans-climatisation\/#breadcrumb","itemListElement":[{"@type":"ListItem","position":1,"name":"Accueil","item":"https:\/\/www.athome.lu\/blog\/"},{"@type":"ListItem","position":2,"name":"Mon logement","item":"https:\/\/www.athome.lu\/blog\/de\/category\/mein-haus\/"},{"@type":"ListItem","position":3,"name":"Vie quotidienne","item":"https:\/\/www.athome.lu\/blog\/category\/mon-logement\/vie-quotidienne-mon-logement\/"},{"@type":"ListItem","position":4,"name":"Comment rafra\u00eechir sa maison sans climatisation ?"}]},{"@type":"WebSite","@id":"https:\/\/www.athome.lu\/blog\/#website","url":"https:\/\/www.athome.lu\/blog\/","name":"atHome Blog","description":"Annonces immobili\u00e8res au Luxembourg. Le portail immobilier n\u00b01 au Luxembourg.","potentialAction":[{"@type":"SearchAction","target":{"@type":"EntryPoint","urlTemplate":"https:\/\/www.athome.lu\/blog\/?s={search_term_string}"},"query-input":{"@type":"PropertyValueSpecification","valueRequired":true,"valueName":"search_term_string"}}],"inLanguage":"fr-FR"},{"@type":"Person","@id":"https:\/\/www.athome.lu\/blog\/#\/schema\/person\/47f7a38089f837e792876ceddc4cb2dc","name":"Fanny Pimentel","image":{"@type":"ImageObject","inLanguage":"fr-FR","@id":"https:\/\/secure.gravatar.com\/avatar\/c60b27b93851dc9503f9cc9150e73dcb0a86ba6150657e5e4b11d988400bc633?s=96&d=mm&r=g","url":"https:\/\/secure.gravatar.com\/avatar\/c60b27b93851dc9503f9cc9150e73dcb0a86ba6150657e5e4b11d988400bc633?s=96&d=mm&r=g","contentUrl":"https:\/\/secure.gravatar.com\/avatar\/c60b27b93851dc9503f9cc9150e73dcb0a86ba6150657e5e4b11d988400bc633?s=96&d=mm&r=g","caption":"Fanny Pimentel"}}]}},"featured_media_src_url":"https:\/\/www.athome.lu\/blog\/wp-content\/uploads\/2017\/05\/Thermometre_iStock-483631780-1024x683.jpg","_links":{"self":[{"href":"https:\/\/www.athome.lu\/blog\/wp-json\/wp\/v2\/posts\/9709","targetHints":{"allow":["GET"]}}],"collection":[{"href":"https:\/\/www.athome.lu\/blog\/wp-json\/wp\/v2\/posts"}],"about":[{"href":"https:\/\/www.athome.lu\/blog\/wp-json\/wp\/v2\/types\/post"}],"author":[{"embeddable":true,"href":"https:\/\/www.athome.lu\/blog\/wp-json\/wp\/v2\/users\/17"}],"replies":[{"embeddable":true,"href":"https:\/\/www.athome.lu\/blog\/wp-json\/wp\/v2\/comments?post=9709"}],"version-history":[{"count":2,"href":"https:\/\/www.athome.lu\/blog\/wp-json\/wp\/v2\/posts\/9709\/revisions"}],"predecessor-version":[{"id":15265,"href":"https:\/\/www.athome.lu\/blog\/wp-json\/wp\/v2\/posts\/9709\/revisions\/15265"}],"wp:featuredmedia":[{"embeddable":true,"href":"https:\/\/www.athome.lu\/blog\/wp-json\/wp\/v2\/media\/9804"}],"wp:attachment":[{"href":"https:\/\/www.athome.lu\/blog\/wp-json\/wp\/v2\/media?parent=9709"}],"wp:term":[{"taxonomy":"category","embeddable":true,"href":"https:\/\/www.athome.lu\/blog\/wp-json\/wp\/v2\/categories?post=9709"},{"taxonomy":"post_tag","embeddable":true,"href":"https:\/\/www.athome.lu\/blog\/wp-json\/wp\/v2\/tags?post=9709"}],"curies":[{"name":"wp","href":"https:\/\/api.w.org\/{rel}","templated":true}]}}