{"id":9727,"date":"2017-06-02T10:25:50","date_gmt":"2017-06-02T09:25:50","guid":{"rendered":"https:\/\/www.athome.lu\/blog\/?p=9727"},"modified":"2022-05-12T09:14:34","modified_gmt":"2022-05-12T07:14:34","slug":"et-si-vous-pouviez-garer-votre-voiture-dans-votre-appartement","status":"publish","type":"post","link":"https:\/\/www.athome.lu\/blog\/dossiers-a-la-une\/et-si-vous-pouviez-garer-votre-voiture-dans-votre-appartement\/","title":{"rendered":"Et si vous pouviez garer votre voiture dans votre appartement !"},"content":{"rendered":"\n<p><span style=\"color: #000000;\">A Miami, un c\u00e9l\u00e8bre promoteur, Gil Dezer, s\u2019est associ\u00e9 au PDG de Porsche Design pour concevoir un projet immobilier hors du commun&nbsp;: la tour Porsche Design Tower.<\/span><\/p>\n\n\n\n<h2 class=\"wp-block-heading\"><span style=\"color: #000000;\"><strong>Garez votre luxueuse voiture dans votre appartement<\/strong><\/span><\/h2>\n\n\n\n<p><span style=\"color: #000000;\">Ce projet immobilier un peu fou, est une tour de 60 \u00e9tages comprenant 132 appartements tr\u00e8s haut de gamme aux prestations ultra-luxueuses, telles que des piscines priv\u00e9es, une vue panoramique sur l\u2019oc\u00e9an, une salle de gym, un sauna, un service de conciergerie 24h\/24\u2026<\/span><\/p>\n\n\n\n<p><span style=\"color: #000000;\">Mais la particularit\u00e9 de ce projet immobilier est ailleurs\u2026 car il comporte 3 ascenseurs pouvant transporter les v\u00e9hicules jusque dans les appartements&nbsp;! Les propri\u00e9taires des voitures pourront ainsi \u00ab&nbsp;garer&nbsp;\u00bb leurs plus beaux bolides chez eux.<\/span><\/p>\n\n\n\n<p><span style=\"color: #000000;\">Pour avoir ce privil\u00e8ge, il vous faudra tout de m\u00eame d\u00e9bourser entre 5,5 et 33 millions de dollars pour un appartement...<\/span><\/p>\n\n\n\n<p><span style=\"color: #000000;\">Regardez plut\u00f4t&nbsp;!<\/span><\/p>\n\n\n\n<div class=\"wp-block-image\"><figure class=\"aligncenter\"><img loading=\"lazy\" decoding=\"async\" width=\"500\" height=\"500\" src=\"https:\/\/www.athome.lu\/blog\/wp-content\/uploads\/2017\/06\/porsche2.jpg\" alt=\"\" class=\"wp-image-9732\" srcset=\"https:\/\/www.athome.lu\/blog\/wp-content\/uploads\/2017\/06\/porsche2.jpg 500w, https:\/\/www.athome.lu\/blog\/wp-content\/uploads\/2017\/06\/porsche2-300x300.jpg 300w, https:\/\/www.athome.lu\/blog\/wp-content\/uploads\/2017\/06\/porsche2-150x150.jpg 150w, https:\/\/www.athome.lu\/blog\/wp-content\/uploads\/2017\/06\/porsche2-12x12.jpg 12w\" sizes=\"auto, (max-width: 500px) 100vw, 500px\" \/><\/figure><\/div>\n\n\n\n<div class=\"wp-block-image\"><figure class=\"aligncenter\"><img loading=\"lazy\" decoding=\"async\" width=\"500\" height=\"282\" src=\"https:\/\/www.athome.lu\/blog\/wp-content\/uploads\/2017\/06\/porsche3.jpg\" alt=\"\" class=\"wp-image-9731\" srcset=\"https:\/\/www.athome.lu\/blog\/wp-content\/uploads\/2017\/06\/porsche3.jpg 500w, https:\/\/www.athome.lu\/blog\/wp-content\/uploads\/2017\/06\/porsche3-300x169.jpg 300w, https:\/\/www.athome.lu\/blog\/wp-content\/uploads\/2017\/06\/porsche3-18x10.jpg 18w\" sizes=\"auto, (max-width: 500px) 100vw, 500px\" \/><\/figure><\/div>\n\n\n\n<div class=\"wp-block-image\"><figure class=\"aligncenter\"><img loading=\"lazy\" decoding=\"async\" width=\"500\" height=\"281\" src=\"https:\/\/www.athome.lu\/blog\/wp-content\/uploads\/2017\/06\/porsche4.jpg\" alt=\"\" class=\"wp-image-9730\" srcset=\"https:\/\/www.athome.lu\/blog\/wp-content\/uploads\/2017\/06\/porsche4.jpg 500w, https:\/\/www.athome.lu\/blog\/wp-content\/uploads\/2017\/06\/porsche4-300x169.jpg 300w, https:\/\/www.athome.lu\/blog\/wp-content\/uploads\/2017\/06\/porsche4-18x10.jpg 18w\" sizes=\"auto, (max-width: 500px) 100vw, 500px\" \/><\/figure><\/div>\n\n\n\n<div class=\"wp-block-image\"><figure class=\"aligncenter\"><img loading=\"lazy\" decoding=\"async\" width=\"500\" height=\"282\" src=\"https:\/\/www.athome.lu\/blog\/wp-content\/uploads\/2017\/06\/porsche5.jpg\" alt=\"\" class=\"wp-image-9729\" srcset=\"https:\/\/www.athome.lu\/blog\/wp-content\/uploads\/2017\/06\/porsche5.jpg 500w, https:\/\/www.athome.lu\/blog\/wp-content\/uploads\/2017\/06\/porsche5-300x169.jpg 300w, https:\/\/www.athome.lu\/blog\/wp-content\/uploads\/2017\/06\/porsche5-18x10.jpg 18w\" sizes=\"auto, (max-width: 500px) 100vw, 500px\" \/><\/figure><\/div>\n\n\n\n<div class=\"wp-block-image\"><figure class=\"aligncenter\"><img loading=\"lazy\" decoding=\"async\" width=\"500\" height=\"282\" src=\"https:\/\/www.athome.lu\/blog\/wp-content\/uploads\/2017\/06\/porsche6.jpg\" alt=\"\" class=\"wp-image-9728\" srcset=\"https:\/\/www.athome.lu\/blog\/wp-content\/uploads\/2017\/06\/porsche6.jpg 500w, https:\/\/www.athome.lu\/blog\/wp-content\/uploads\/2017\/06\/porsche6-300x169.jpg 300w, https:\/\/www.athome.lu\/blog\/wp-content\/uploads\/2017\/06\/porsche6-18x10.jpg 18w\" sizes=\"auto, (max-width: 500px) 100vw, 500px\" \/><\/figure><\/div>\n\n\n\n<p>Cr\u00e9dit photos : designtowermiami.com<\/p>\n\n\n<section id=\"section-3-14695\" class=\" ct-section\" ><div class=\"ct-section-inner-wrap\"><div id=\"div_block-4-14695\" class=\"ct-div-block\" ><div id=\"new_columns-7-14695\" class=\"ct-new-columns\" ><div id=\"div_block-8-14695\" class=\"ct-div-block\" ><div id=\"div_block-14-14695\" class=\"ct-div-block\" ><\/div><\/div><div id=\"div_block-9-14695\" class=\"ct-div-block\" ><h1 id=\"headline-11-14695\" class=\"ct-headline\">Quels sont les prix de l'immobilier en ce moment ?<\/h1><div id=\"text_block-12-14695\" class=\"ct-text-block\" >Les prix ralentissent. Les taux d'int\u00e9r\u00eat augmentent. Quelles tendances pour les mois \u00e0 venir ?<\/div><a id=\"link_button-13-14695\" class=\"ct-link-button\" href=\"https:\/\/www.athome.lu\/blog\/blog\/marche-immobilier\/prix\/tendances-2022\/\" target=\"_blank\"  >Lire l'analyse<\/a><\/div><\/div><\/div><\/div><\/section>","protected":false},"excerpt":{"rendered":"<p>A Miami, un c\u00e9l\u00e8bre promoteur, Gil Dezer, s\u2019est associ\u00e9 au PDG de Porsche Design pour concevoir un projet immobilier hors du commun&nbsp;: la tour Porsche Design Tower. Garez votre luxueuse voiture dans votre appartement Ce projet immobilier un peu fou, est une tour de 60 \u00e9tages comprenant 132 appartements tr\u00e8s haut de gamme aux prestations [&hellip;]<\/p>\n","protected":false},"author":17,"featured_media":9734,"comment_status":"closed","ping_status":"open","sticky":false,"template":"","format":"standard","meta":{"_acf_changed":false,"footnotes":""},"categories":[28],"tags":[43],"class_list":["post-9727","post","type-post","status-publish","format-standard","has-post-thumbnail","hentry","category-dossiers-a-la-une","tag-projet"],"acf":[],"yoast_head":"<!-- This site is optimized with the Yoast SEO plugin v27.4 - https:\/\/yoast.com\/product\/yoast-seo-wordpress\/ -->\n<title>Et si vous pouviez garer votre voiture dans votre appartement ! - atHome Blog<\/title>\n<meta name=\"robots\" content=\"index, follow, max-snippet:-1, max-image-preview:large, max-video-preview:-1\" \/>\n<link rel=\"canonical\" href=\"https:\/\/www.athome.lu\/blog\/dossiers-a-la-une\/et-si-vous-pouviez-garer-votre-voiture-dans-votre-appartement\/\" \/>\n<meta property=\"og:locale\" content=\"fr_FR\" \/>\n<meta property=\"og:type\" content=\"article\" \/>\n<meta property=\"og:title\" content=\"Et si vous pouviez garer votre voiture dans votre appartement ! - atHome Blog\" \/>\n<meta property=\"og:description\" content=\"A Miami, un c\u00e9l\u00e8bre promoteur, Gil Dezer, s\u2019est associ\u00e9 au PDG de Porsche Design pour concevoir un projet immobilier hors du commun&nbsp;: la tour Porsche Design Tower. Garez votre luxueuse voiture dans votre appartement Ce projet immobilier un peu fou, est une tour de 60 \u00e9tages comprenant 132 appartements tr\u00e8s haut de gamme aux prestations [&hellip;]\" \/>\n<meta property=\"og:url\" content=\"https:\/\/www.athome.lu\/blog\/dossiers-a-la-une\/et-si-vous-pouviez-garer-votre-voiture-dans-votre-appartement\/\" \/>\n<meta property=\"og:site_name\" content=\"atHome Blog\" \/>\n<meta property=\"article:publisher\" content=\"https:\/\/www.facebook.com\/atHome.lu\/\" \/>\n<meta property=\"article:published_time\" content=\"2017-06-02T09:25:50+00:00\" \/>\n<meta property=\"article:modified_time\" content=\"2022-05-12T07:14:34+00:00\" \/>\n<meta property=\"og:image\" content=\"https:\/\/www.athome.lu\/blog\/wp-content\/uploads\/2017\/06\/miami.jpg\" \/>\n\t<meta property=\"og:image:width\" content=\"1280\" \/>\n\t<meta property=\"og:image:height\" content=\"667\" \/>\n\t<meta property=\"og:image:type\" content=\"image\/jpeg\" \/>\n<meta name=\"author\" content=\"Fanny Pimentel\" \/>\n<meta name=\"twitter:card\" content=\"summary_large_image\" \/>\n<meta name=\"twitter:creator\" content=\"@athomelu\" \/>\n<meta name=\"twitter:site\" content=\"@athomelu\" \/>\n<meta name=\"twitter:label1\" content=\"\u00c9crit par\" \/>\n\t<meta name=\"twitter:data1\" content=\"Fanny Pimentel\" \/>\n\t<meta name=\"twitter:label2\" content=\"Dur\u00e9e de lecture estim\u00e9e\" \/>\n\t<meta name=\"twitter:data2\" content=\"2 minutes\" \/>\n<script type=\"application\/ld+json\" class=\"yoast-schema-graph\">{\"@context\":\"https:\\\/\\\/schema.org\",\"@graph\":[{\"@type\":\"Article\",\"@id\":\"https:\\\/\\\/www.athome.lu\\\/blog\\\/dossiers-a-la-une\\\/et-si-vous-pouviez-garer-votre-voiture-dans-votre-appartement\\\/#article\",\"isPartOf\":{\"@id\":\"https:\\\/\\\/www.athome.lu\\\/blog\\\/dossiers-a-la-une\\\/et-si-vous-pouviez-garer-votre-voiture-dans-votre-appartement\\\/\"},\"author\":{\"name\":\"Fanny Pimentel\",\"@id\":\"https:\\\/\\\/www.athome.lu\\\/blog\\\/#\\\/schema\\\/person\\\/47f7a38089f837e792876ceddc4cb2dc\"},\"headline\":\"Et si vous pouviez garer votre voiture dans votre appartement !\",\"datePublished\":\"2017-06-02T09:25:50+00:00\",\"dateModified\":\"2022-05-12T07:14:34+00:00\",\"mainEntityOfPage\":{\"@id\":\"https:\\\/\\\/www.athome.lu\\\/blog\\\/dossiers-a-la-une\\\/et-si-vous-pouviez-garer-votre-voiture-dans-votre-appartement\\\/\"},\"wordCount\":163,\"image\":{\"@id\":\"https:\\\/\\\/www.athome.lu\\\/blog\\\/dossiers-a-la-une\\\/et-si-vous-pouviez-garer-votre-voiture-dans-votre-appartement\\\/#primaryimage\"},\"thumbnailUrl\":\"https:\\\/\\\/www.athome.lu\\\/blog\\\/wp-content\\\/uploads\\\/2017\\\/06\\\/miami.jpg\",\"keywords\":[\"Projet\"],\"articleSection\":[\"Dossier \u00e0 la une\"],\"inLanguage\":\"fr-FR\"},{\"@type\":\"WebPage\",\"@id\":\"https:\\\/\\\/www.athome.lu\\\/blog\\\/dossiers-a-la-une\\\/et-si-vous-pouviez-garer-votre-voiture-dans-votre-appartement\\\/\",\"url\":\"https:\\\/\\\/www.athome.lu\\\/blog\\\/dossiers-a-la-une\\\/et-si-vous-pouviez-garer-votre-voiture-dans-votre-appartement\\\/\",\"name\":\"Et si vous pouviez garer votre voiture dans votre appartement ! - atHome Blog\",\"isPartOf\":{\"@id\":\"https:\\\/\\\/www.athome.lu\\\/blog\\\/#website\"},\"primaryImageOfPage\":{\"@id\":\"https:\\\/\\\/www.athome.lu\\\/blog\\\/dossiers-a-la-une\\\/et-si-vous-pouviez-garer-votre-voiture-dans-votre-appartement\\\/#primaryimage\"},\"image\":{\"@id\":\"https:\\\/\\\/www.athome.lu\\\/blog\\\/dossiers-a-la-une\\\/et-si-vous-pouviez-garer-votre-voiture-dans-votre-appartement\\\/#primaryimage\"},\"thumbnailUrl\":\"https:\\\/\\\/www.athome.lu\\\/blog\\\/wp-content\\\/uploads\\\/2017\\\/06\\\/miami.jpg\",\"datePublished\":\"2017-06-02T09:25:50+00:00\",\"dateModified\":\"2022-05-12T07:14:34+00:00\",\"author\":{\"@id\":\"https:\\\/\\\/www.athome.lu\\\/blog\\\/#\\\/schema\\\/person\\\/47f7a38089f837e792876ceddc4cb2dc\"},\"breadcrumb\":{\"@id\":\"https:\\\/\\\/www.athome.lu\\\/blog\\\/dossiers-a-la-une\\\/et-si-vous-pouviez-garer-votre-voiture-dans-votre-appartement\\\/#breadcrumb\"},\"inLanguage\":\"fr-FR\",\"potentialAction\":[{\"@type\":\"ReadAction\",\"target\":[\"https:\\\/\\\/www.athome.lu\\\/blog\\\/dossiers-a-la-une\\\/et-si-vous-pouviez-garer-votre-voiture-dans-votre-appartement\\\/\"]}]},{\"@type\":\"ImageObject\",\"inLanguage\":\"fr-FR\",\"@id\":\"https:\\\/\\\/www.athome.lu\\\/blog\\\/dossiers-a-la-une\\\/et-si-vous-pouviez-garer-votre-voiture-dans-votre-appartement\\\/#primaryimage\",\"url\":\"https:\\\/\\\/www.athome.lu\\\/blog\\\/wp-content\\\/uploads\\\/2017\\\/06\\\/miami.jpg\",\"contentUrl\":\"https:\\\/\\\/www.athome.lu\\\/blog\\\/wp-content\\\/uploads\\\/2017\\\/06\\\/miami.jpg\",\"width\":1280,\"height\":667,\"caption\":\"Miami\"},{\"@type\":\"BreadcrumbList\",\"@id\":\"https:\\\/\\\/www.athome.lu\\\/blog\\\/dossiers-a-la-une\\\/et-si-vous-pouviez-garer-votre-voiture-dans-votre-appartement\\\/#breadcrumb\",\"itemListElement\":[{\"@type\":\"ListItem\",\"position\":1,\"name\":\"Accueil\",\"item\":\"https:\\\/\\\/www.athome.lu\\\/blog\\\/\"},{\"@type\":\"ListItem\",\"position\":2,\"name\":\"Dossier \u00e0 la une\",\"item\":\"https:\\\/\\\/www.athome.lu\\\/blog\\\/en\\\/category\\\/featured\\\/\"},{\"@type\":\"ListItem\",\"position\":3,\"name\":\"Et si vous pouviez garer votre voiture dans votre appartement !\"}]},{\"@type\":\"WebSite\",\"@id\":\"https:\\\/\\\/www.athome.lu\\\/blog\\\/#website\",\"url\":\"https:\\\/\\\/www.athome.lu\\\/blog\\\/\",\"name\":\"atHome Blog\",\"description\":\"Annonces immobili\u00e8res au Luxembourg. Le portail immobilier n\u00b01 au Luxembourg.\",\"potentialAction\":[{\"@type\":\"SearchAction\",\"target\":{\"@type\":\"EntryPoint\",\"urlTemplate\":\"https:\\\/\\\/www.athome.lu\\\/blog\\\/?s={search_term_string}\"},\"query-input\":{\"@type\":\"PropertyValueSpecification\",\"valueRequired\":true,\"valueName\":\"search_term_string\"}}],\"inLanguage\":\"fr-FR\"},{\"@type\":\"Person\",\"@id\":\"https:\\\/\\\/www.athome.lu\\\/blog\\\/#\\\/schema\\\/person\\\/47f7a38089f837e792876ceddc4cb2dc\",\"name\":\"Fanny Pimentel\",\"image\":{\"@type\":\"ImageObject\",\"inLanguage\":\"fr-FR\",\"@id\":\"https:\\\/\\\/secure.gravatar.com\\\/avatar\\\/c60b27b93851dc9503f9cc9150e73dcb0a86ba6150657e5e4b11d988400bc633?s=96&d=mm&r=g\",\"url\":\"https:\\\/\\\/secure.gravatar.com\\\/avatar\\\/c60b27b93851dc9503f9cc9150e73dcb0a86ba6150657e5e4b11d988400bc633?s=96&d=mm&r=g\",\"contentUrl\":\"https:\\\/\\\/secure.gravatar.com\\\/avatar\\\/c60b27b93851dc9503f9cc9150e73dcb0a86ba6150657e5e4b11d988400bc633?s=96&d=mm&r=g\",\"caption\":\"Fanny Pimentel\"}}]}<\/script>\n<!-- \/ Yoast SEO plugin. -->","yoast_head_json":{"title":"Et si vous pouviez garer votre voiture dans votre appartement ! - atHome Blog","robots":{"index":"index","follow":"follow","max-snippet":"max-snippet:-1","max-image-preview":"max-image-preview:large","max-video-preview":"max-video-preview:-1"},"canonical":"https:\/\/www.athome.lu\/blog\/dossiers-a-la-une\/et-si-vous-pouviez-garer-votre-voiture-dans-votre-appartement\/","og_locale":"fr_FR","og_type":"article","og_title":"Et si vous pouviez garer votre voiture dans votre appartement ! - atHome Blog","og_description":"A Miami, un c\u00e9l\u00e8bre promoteur, Gil Dezer, s\u2019est associ\u00e9 au PDG de Porsche Design pour concevoir un projet immobilier hors du commun&nbsp;: la tour Porsche Design Tower. Garez votre luxueuse voiture dans votre appartement Ce projet immobilier un peu fou, est une tour de 60 \u00e9tages comprenant 132 appartements tr\u00e8s haut de gamme aux prestations [&hellip;]","og_url":"https:\/\/www.athome.lu\/blog\/dossiers-a-la-une\/et-si-vous-pouviez-garer-votre-voiture-dans-votre-appartement\/","og_site_name":"atHome Blog","article_publisher":"https:\/\/www.facebook.com\/atHome.lu\/","article_published_time":"2017-06-02T09:25:50+00:00","article_modified_time":"2022-05-12T07:14:34+00:00","og_image":[{"width":1280,"height":667,"url":"https:\/\/www.athome.lu\/blog\/wp-content\/uploads\/2017\/06\/miami.jpg","type":"image\/jpeg"}],"author":"Fanny Pimentel","twitter_card":"summary_large_image","twitter_creator":"@athomelu","twitter_site":"@athomelu","twitter_misc":{"\u00c9crit par":"Fanny Pimentel","Dur\u00e9e de lecture estim\u00e9e":"2 minutes"},"schema":{"@context":"https:\/\/schema.org","@graph":[{"@type":"Article","@id":"https:\/\/www.athome.lu\/blog\/dossiers-a-la-une\/et-si-vous-pouviez-garer-votre-voiture-dans-votre-appartement\/#article","isPartOf":{"@id":"https:\/\/www.athome.lu\/blog\/dossiers-a-la-une\/et-si-vous-pouviez-garer-votre-voiture-dans-votre-appartement\/"},"author":{"name":"Fanny Pimentel","@id":"https:\/\/www.athome.lu\/blog\/#\/schema\/person\/47f7a38089f837e792876ceddc4cb2dc"},"headline":"Et si vous pouviez garer votre voiture dans votre appartement !","datePublished":"2017-06-02T09:25:50+00:00","dateModified":"2022-05-12T07:14:34+00:00","mainEntityOfPage":{"@id":"https:\/\/www.athome.lu\/blog\/dossiers-a-la-une\/et-si-vous-pouviez-garer-votre-voiture-dans-votre-appartement\/"},"wordCount":163,"image":{"@id":"https:\/\/www.athome.lu\/blog\/dossiers-a-la-une\/et-si-vous-pouviez-garer-votre-voiture-dans-votre-appartement\/#primaryimage"},"thumbnailUrl":"https:\/\/www.athome.lu\/blog\/wp-content\/uploads\/2017\/06\/miami.jpg","keywords":["Projet"],"articleSection":["Dossier \u00e0 la une"],"inLanguage":"fr-FR"},{"@type":"WebPage","@id":"https:\/\/www.athome.lu\/blog\/dossiers-a-la-une\/et-si-vous-pouviez-garer-votre-voiture-dans-votre-appartement\/","url":"https:\/\/www.athome.lu\/blog\/dossiers-a-la-une\/et-si-vous-pouviez-garer-votre-voiture-dans-votre-appartement\/","name":"Et si vous pouviez garer votre voiture dans votre appartement ! - atHome Blog","isPartOf":{"@id":"https:\/\/www.athome.lu\/blog\/#website"},"primaryImageOfPage":{"@id":"https:\/\/www.athome.lu\/blog\/dossiers-a-la-une\/et-si-vous-pouviez-garer-votre-voiture-dans-votre-appartement\/#primaryimage"},"image":{"@id":"https:\/\/www.athome.lu\/blog\/dossiers-a-la-une\/et-si-vous-pouviez-garer-votre-voiture-dans-votre-appartement\/#primaryimage"},"thumbnailUrl":"https:\/\/www.athome.lu\/blog\/wp-content\/uploads\/2017\/06\/miami.jpg","datePublished":"2017-06-02T09:25:50+00:00","dateModified":"2022-05-12T07:14:34+00:00","author":{"@id":"https:\/\/www.athome.lu\/blog\/#\/schema\/person\/47f7a38089f837e792876ceddc4cb2dc"},"breadcrumb":{"@id":"https:\/\/www.athome.lu\/blog\/dossiers-a-la-une\/et-si-vous-pouviez-garer-votre-voiture-dans-votre-appartement\/#breadcrumb"},"inLanguage":"fr-FR","potentialAction":[{"@type":"ReadAction","target":["https:\/\/www.athome.lu\/blog\/dossiers-a-la-une\/et-si-vous-pouviez-garer-votre-voiture-dans-votre-appartement\/"]}]},{"@type":"ImageObject","inLanguage":"fr-FR","@id":"https:\/\/www.athome.lu\/blog\/dossiers-a-la-une\/et-si-vous-pouviez-garer-votre-voiture-dans-votre-appartement\/#primaryimage","url":"https:\/\/www.athome.lu\/blog\/wp-content\/uploads\/2017\/06\/miami.jpg","contentUrl":"https:\/\/www.athome.lu\/blog\/wp-content\/uploads\/2017\/06\/miami.jpg","width":1280,"height":667,"caption":"Miami"},{"@type":"BreadcrumbList","@id":"https:\/\/www.athome.lu\/blog\/dossiers-a-la-une\/et-si-vous-pouviez-garer-votre-voiture-dans-votre-appartement\/#breadcrumb","itemListElement":[{"@type":"ListItem","position":1,"name":"Accueil","item":"https:\/\/www.athome.lu\/blog\/"},{"@type":"ListItem","position":2,"name":"Dossier \u00e0 la une","item":"https:\/\/www.athome.lu\/blog\/en\/category\/featured\/"},{"@type":"ListItem","position":3,"name":"Et si vous pouviez garer votre voiture dans votre appartement !"}]},{"@type":"WebSite","@id":"https:\/\/www.athome.lu\/blog\/#website","url":"https:\/\/www.athome.lu\/blog\/","name":"atHome Blog","description":"Annonces immobili\u00e8res au Luxembourg. Le portail immobilier n\u00b01 au Luxembourg.","potentialAction":[{"@type":"SearchAction","target":{"@type":"EntryPoint","urlTemplate":"https:\/\/www.athome.lu\/blog\/?s={search_term_string}"},"query-input":{"@type":"PropertyValueSpecification","valueRequired":true,"valueName":"search_term_string"}}],"inLanguage":"fr-FR"},{"@type":"Person","@id":"https:\/\/www.athome.lu\/blog\/#\/schema\/person\/47f7a38089f837e792876ceddc4cb2dc","name":"Fanny Pimentel","image":{"@type":"ImageObject","inLanguage":"fr-FR","@id":"https:\/\/secure.gravatar.com\/avatar\/c60b27b93851dc9503f9cc9150e73dcb0a86ba6150657e5e4b11d988400bc633?s=96&d=mm&r=g","url":"https:\/\/secure.gravatar.com\/avatar\/c60b27b93851dc9503f9cc9150e73dcb0a86ba6150657e5e4b11d988400bc633?s=96&d=mm&r=g","contentUrl":"https:\/\/secure.gravatar.com\/avatar\/c60b27b93851dc9503f9cc9150e73dcb0a86ba6150657e5e4b11d988400bc633?s=96&d=mm&r=g","caption":"Fanny Pimentel"}}]}},"featured_media_src_url":"https:\/\/www.athome.lu\/blog\/wp-content\/uploads\/2017\/06\/miami-1024x534.jpg","_links":{"self":[{"href":"https:\/\/www.athome.lu\/blog\/wp-json\/wp\/v2\/posts\/9727","targetHints":{"allow":["GET"]}}],"collection":[{"href":"https:\/\/www.athome.lu\/blog\/wp-json\/wp\/v2\/posts"}],"about":[{"href":"https:\/\/www.athome.lu\/blog\/wp-json\/wp\/v2\/types\/post"}],"author":[{"embeddable":true,"href":"https:\/\/www.athome.lu\/blog\/wp-json\/wp\/v2\/users\/17"}],"replies":[{"embeddable":true,"href":"https:\/\/www.athome.lu\/blog\/wp-json\/wp\/v2\/comments?post=9727"}],"version-history":[{"count":2,"href":"https:\/\/www.athome.lu\/blog\/wp-json\/wp\/v2\/posts\/9727\/revisions"}],"predecessor-version":[{"id":15268,"href":"https:\/\/www.athome.lu\/blog\/wp-json\/wp\/v2\/posts\/9727\/revisions\/15268"}],"wp:featuredmedia":[{"embeddable":true,"href":"https:\/\/www.athome.lu\/blog\/wp-json\/wp\/v2\/media\/9734"}],"wp:attachment":[{"href":"https:\/\/www.athome.lu\/blog\/wp-json\/wp\/v2\/media?parent=9727"}],"wp:term":[{"taxonomy":"category","embeddable":true,"href":"https:\/\/www.athome.lu\/blog\/wp-json\/wp\/v2\/categories?post=9727"},{"taxonomy":"post_tag","embeddable":true,"href":"https:\/\/www.athome.lu\/blog\/wp-json\/wp\/v2\/tags?post=9727"}],"curies":[{"name":"wp","href":"https:\/\/api.w.org\/{rel}","templated":true}]}}